{"id":36202,"date":"2023-11-16T14:32:34","date_gmt":"2023-11-16T17:32:34","guid":{"rendered":"https:\/\/www.elpolitologoyelpolitico.com.ar\/wordpress\/?p=36202"},"modified":"2023-11-16T14:32:36","modified_gmt":"2023-11-16T17:32:36","slug":"rio-negro-continua-en-su-busqueda-del-tetracampeonato-en-los-araucania","status":"publish","type":"post","link":"https:\/\/www.elpolitologoyelpolitico.com.ar\/wordpress\/2023\/11\/16\/rio-negro-continua-en-su-busqueda-del-tetracampeonato-en-los-araucania\/","title":{"rendered":"R\u00edo Negro contin\u00faa en su b\u00fasqueda del tetracampeonato en los Araucan\u00eda"},"content":{"rendered":"\n<p>Durante la tarde del mi\u00e9rcoles, se dio cierre a las fases de grupos de las competencias de deportes por equipos en la 30\u00ba edici\u00f3n de los Juegos Binacionales de la Araucan\u00eda y R\u00edo Negro dio mucho que hablar, clasificando a la siguiente fase con cinco de sus seis combinados.<\/p>\n\n\n\n<p>Ayer mi\u00e9rcoles, se cerraron las clasificaciones del V\u00f3ley que, aunque ambos combinados rionegrinos ya hab\u00edan asegurado su pase a semis, restaba definir resultados y las posiciones finales.<\/p>\n\n\n\n<p>En el caso de las chicas vencieron a Neuqu\u00e9n por 3-0 (25-16, 25-8 y 25-22) asegur\u00e1ndose el 1\u00ba lugar de su grupo, mientras que los chicos cayeron ante Chubut por 0-3 (19-25, 19-25 y 22-25) y con esto finalizaron en 2\u00ba ubicaci\u00f3n, ambos a la espera de ver quienes ser\u00e1n sus rivales en la siguiente ronda, ya que la otra zona se definir\u00e1 hoy jueves.<\/p>\n\n\n\n<p>A su vez, el B\u00e1squet defini\u00f3 sus \u00faltimos partidos de la fase de grupos y de esta forma, la rama femenina se enfrentar\u00e1 a La Pampa en una de las semifinales que se disputar\u00e1n en el Polideportivo Angel Cayetano Arias a partir de las 17, mientras que el combinado masculino lo har\u00e1 ante Chubut dos horas m\u00e1s tarde.&nbsp;<\/p>\n\n\n\n<p>Por su parte, luego de los resultados obtenidos, el F\u00fatbol femenino lo har\u00e1 tambi\u00e9n ante La Pampa buscando un lugar en la final a las 17 en el predio de ADEFUL de Bariloche, mientras que los varones jugar\u00e1n a las 10 en el Club La Amistad ante Los Lagos en su lucha para lograr el 5to puesto y sumar la mayor cantidad de puntos posibles para la general.<\/p>\n\n\n\n<p>En cuanto a los deportes individuales, el Judo volvi\u00f3 a sumar medallas, a cargo de Nicol\u00e1s Loson de General Roca y Agostina Garc\u00eda de Cipolletti, que lograron la medalla de oro en la categor\u00eda -73 kg masculina y la de bronce en -57 kg femenina.<\/p>\n\n\n\n<p>Mientras que la Nataci\u00f3n consigui\u00f3 tres bronces, uno en los 800 mts libres con Magal\u00ed Gimenez de General Roca, otro con Leticia Vaieretti de Bariloche en los 100 mts pecho y el restante con el tambi\u00e9n barilochense Alejo Cabanillas en los 50 mts libres.<\/p>\n\n\n\n<p>Adem\u00e1s, cabe destacar que el Atletismo determin\u00f3 que todas sus competencias del viernes se disputen en jueves a la tarde como prevenci\u00f3n a una alerta meteorol\u00f3gica naranja que se prev\u00e9 que azotar\u00e1 la zona de Neuqu\u00e9n el d\u00eda final de los Juegos.<\/p>\n\n\n\n<p>Resultados<\/p>\n\n\n\n<p>V\u00d3LEY FEMENINO<\/p>\n\n\n\n<p>R\u00edo Negro 3-0 Neuqu\u00e9n<\/p>\n\n\n\n<p>V\u00d3LEY MASCULINO<\/p>\n\n\n\n<p>R\u00edo Negro 0-3 Chubut<\/p>\n\n\n\n<p>JUDO<\/p>\n\n\n\n<p>-73 kg masculino<\/p>\n\n\n\n<p>1\u00ba Nicol\u00e1s Loson &#8211; R\u00edo Negro (General Roca)<\/p>\n\n\n\n<p>2\u00ba Ehiar Mac Donel &#8211; Neuqu\u00e9n<\/p>\n\n\n\n<p>3\u00ba Ignacio G\u00f3mez &#8211; La Pampa<\/p>\n\n\n\n<p>3\u00ba Diego Paredes &#8211; Los R\u00edos<\/p>\n\n\n\n<p>-57 kg femenino<\/p>\n\n\n\n<p>1\u00ba Ludmila Gonz\u00e1lez &#8211; Tierra del Fuego<\/p>\n\n\n\n<p>2\u00ba Raffaela \u00c1lvarez &#8211; Magallanes<\/p>\n\n\n\n<p>3\u00ba Agostina Garc\u00eda &#8211; R\u00edo Negro (Cipolletti)<\/p>\n\n\n\n<p>3\u00ba Sasha Biondo &#8211; La Pampa<\/p>\n\n\n\n<p>NATACI\u00d3N<\/p>\n\n\n\n<p>800 mts Libres femenino<\/p>\n\n\n\n<p>1\u00ba Lourdes Bicocca &#8211; Santa Cruz &#8211; 9m30s07<\/p>\n\n\n\n<p>2\u00ba Carla Souto &#8211; La Pampa &#8211; 9m39s32<\/p>\n\n\n\n<p>3\u00ba Magal\u00ed Gim\u00e9nez &#8211; R\u00edo Negro (General Roca) &#8211; 9m44s68<\/p>\n\n\n\n<p>100 mts Pecho femenino<\/p>\n\n\n\n<p>1\u00ba Elena Aros &#8211; Magallanes &#8211; 1m15s43<\/p>\n\n\n\n<p>2\u00ba Iara Roberts &#8211; Chubut &#8211; 1m18s07<\/p>\n\n\n\n<p>3\u00ba Leticia Vaieretti &#8211; R\u00edo Negro (Bariloche) &#8211; 1m18s7<\/p>\n\n\n\n<p>50 mts Libres masculino<\/p>\n\n\n\n<p>1\u00ba Mat\u00edas Flores &#8211; \u00d1uble &#8211; 25s01<\/p>\n\n\n\n<p>2\u00ba Santiago Zappa &#8211; Chubut &#8211; 25s13<\/p>\n\n\n\n<p>3\u00ba Alejo Cabanillas &#8211; R\u00edo Negro (Bariloche) &#8211; 25s24<\/p>\n\n\n\n<p>Pr\u00f3ximos encuentros<\/p>\n\n\n\n<p>B\u00c1SQUET<\/p>\n\n\n\n<p>\u25cfFemenino<\/p>\n\n\n\n<p>Semifinales<\/p>\n\n\n\n<p>17 hs: R\u00edo Negro vs La Pampa<\/p>\n\n\n\n<p>\u25cfMasculino<\/p>\n\n\n\n<p>Semifinales<\/p>\n\n\n\n<p>19 hs: R\u00edo Negro vs Chubut<\/p>\n\n\n\n<p>F\u00daTBOL<\/p>\n\n\n\n<p>\u25cfFemenino<\/p>\n\n\n\n<p>Semifinales<\/p>\n\n\n\n<p>17 hs: R\u00edo Negro vs La Pampa<\/p>\n\n\n\n<p>\u25cfMasculino<\/p>\n\n\n\n<p>5\u00ba al 8\u00ba puesto<\/p>\n\n\n\n<p>10 hs: R\u00edo Negro vs Los Lagos<\/p>\n\n\n\n<p>V\u00d3LEY<\/p>\n\n\n\n<p>\u25cfFemenino<\/p>\n\n\n\n<p>Semifinales<\/p>\n\n\n\n<p>17 hs: R\u00edo Negro vs Rival a definir<\/p>\n\n\n\n<p>\u25cfMasculino<\/p>\n\n\n\n<p>Semifinales<\/p>\n\n\n\n<p>17 hs: R\u00edo Negro vs Rival a definir<\/p>\n\n\n\n<figure class=\"wp-block-gallery has-nested-images columns-default is-cropped wp-block-gallery-1 is-layout-flex wp-block-gallery-is-layout-flex\">\n<figure class=\"wp-block-image size-large\"><img fetchpriority=\"high\" decoding=\"async\" width=\"1024\" height=\"576\" data-id=\"36204\" src=\"https:\/\/www.elpolitologoyelpolitico.com.ar\/wp-content\/uploads\/2023\/11\/IMG-20231116-WA0018-1024x576.jpg\" alt=\"\" class=\"wp-image-36204\" srcset=\"https:\/\/www.elpolitologoyelpolitico.com.ar\/wp-content\/uploads\/2023\/11\/IMG-20231116-WA0018-1024x576.jpg 1024w, https:\/\/www.elpolitologoyelpolitico.com.ar\/wp-content\/uploads\/2023\/11\/IMG-20231116-WA0018-300x169.jpg 300w, https:\/\/www.elpolitologoyelpolitico.com.ar\/wp-content\/uploads\/2023\/11\/IMG-20231116-WA0018-768x432.jpg 768w, https:\/\/www.elpolitologoyelpolitico.com.ar\/wp-content\/uploads\/2023\/11\/IMG-20231116-WA0018.jpg 1080w\" sizes=\"(max-width: 1024px) 100vw, 1024px\" \/><\/figure>\n\n\n\n<figure class=\"wp-block-image size-large\"><img decoding=\"async\" width=\"1024\" height=\"682\" data-id=\"36205\" src=\"https:\/\/www.elpolitologoyelpolitico.com.ar\/wp-content\/uploads\/2023\/11\/IMG-20231116-WA0017-1024x682.jpg\" alt=\"\" class=\"wp-image-36205\" srcset=\"https:\/\/www.elpolitologoyelpolitico.com.ar\/wp-content\/uploads\/2023\/11\/IMG-20231116-WA0017-1024x682.jpg 1024w, https:\/\/www.elpolitologoyelpolitico.com.ar\/wp-content\/uploads\/2023\/11\/IMG-20231116-WA0017-300x200.jpg 300w, https:\/\/www.elpolitologoyelpolitico.com.ar\/wp-content\/uploads\/2023\/11\/IMG-20231116-WA0017-768x512.jpg 768w, https:\/\/www.elpolitologoyelpolitico.com.ar\/wp-content\/uploads\/2023\/11\/IMG-20231116-WA0017.jpg 1280w\" sizes=\"(max-width: 1024px) 100vw, 1024px\" \/><\/figure>\n<\/figure>\n<div class=\"fb-background-color\">\n\t\t\t  <div \n\t\t\t  \tclass = \"fb-comments\" \n\t\t\t  \tdata-href = \"https:\/\/www.elpolitologoyelpolitico.com.ar\/wordpress\/2023\/11\/16\/rio-negro-continua-en-su-busqueda-del-tetracampeonato-en-los-araucania\/\"\n\t\t\t  \tdata-numposts = \"10\"\n\t\t\t  \tdata-lazy = \"true\"\n\t\t\t\tdata-colorscheme = \"light\"\n\t\t\t\tdata-order-by = \"social\"\n\t\t\t\tdata-mobile=true>\n\t\t\t  <\/div><\/div>\n\t\t  <style>\n\t\t    .fb-background-color {\n\t\t\t\tbackground: #ffffff !important;\n\t\t\t}\n\t\t\t.fb_iframe_widget_fluid_desktop iframe {\n\t\t\t    width: 100% !important;\n\t\t\t}\n\t\t  <\/style>\n\t\t  ","protected":false},"excerpt":{"rendered":"<p>Durante la tarde del mi\u00e9rcoles, se dio cierre a las fases de grupos de las competencias de deportes por equipos en la 30\u00ba edici\u00f3n de los Juegos Binacionales de la Araucan\u00eda y R\u00edo Negro dio mucho que hablar, clasificando a la siguiente fase con cinco de sus seis combinados. Ayer mi\u00e9rcoles, se cerraron las clasificaciones [&hellip;]<\/p>\n","protected":false},"author":4,"featured_media":36203,"comment_status":"closed","ping_status":"closed","sticky":false,"template":"","format":"standard","meta":{"_joinchat":[],"footnotes":""},"categories":[39],"tags":[],"class_list":["post-36202","post","type-post","status-publish","format-standard","has-post-thumbnail","hentry","category-en-esta-seccion"],"_links":{"self":[{"href":"https:\/\/www.elpolitologoyelpolitico.com.ar\/wordpress\/wp-json\/wp\/v2\/posts\/36202","targetHints":{"allow":["GET"]}}],"collection":[{"href":"https:\/\/www.elpolitologoyelpolitico.com.ar\/wordpress\/wp-json\/wp\/v2\/posts"}],"about":[{"href":"https:\/\/www.elpolitologoyelpolitico.com.ar\/wordpress\/wp-json\/wp\/v2\/types\/post"}],"author":[{"embeddable":true,"href":"https:\/\/www.elpolitologoyelpolitico.com.ar\/wordpress\/wp-json\/wp\/v2\/users\/4"}],"replies":[{"embeddable":true,"href":"https:\/\/www.elpolitologoyelpolitico.com.ar\/wordpress\/wp-json\/wp\/v2\/comments?post=36202"}],"version-history":[{"count":1,"href":"https:\/\/www.elpolitologoyelpolitico.com.ar\/wordpress\/wp-json\/wp\/v2\/posts\/36202\/revisions"}],"predecessor-version":[{"id":36206,"href":"https:\/\/www.elpolitologoyelpolitico.com.ar\/wordpress\/wp-json\/wp\/v2\/posts\/36202\/revisions\/36206"}],"wp:featuredmedia":[{"embeddable":true,"href":"https:\/\/www.elpolitologoyelpolitico.com.ar\/wordpress\/wp-json\/wp\/v2\/media\/36203"}],"wp:attachment":[{"href":"https:\/\/www.elpolitologoyelpolitico.com.ar\/wordpress\/wp-json\/wp\/v2\/media?parent=36202"}],"wp:term":[{"taxonomy":"category","embeddable":true,"href":"https:\/\/www.elpolitologoyelpolitico.com.ar\/wordpress\/wp-json\/wp\/v2\/categories?post=36202"},{"taxonomy":"post_tag","embeddable":true,"href":"https:\/\/www.elpolitologoyelpolitico.com.ar\/wordpress\/wp-json\/wp\/v2\/tags?post=36202"}],"curies":[{"name":"wp","href":"https:\/\/api.w.org\/{rel}","templated":true}]}}