{"id":36199,"date":"2023-11-16T14:14:40","date_gmt":"2023-11-16T17:14:40","guid":{"rendered":"https:\/\/www.elpolitologoyelpolitico.com.ar\/wordpress\/?p=36199"},"modified":"2023-11-16T14:14:42","modified_gmt":"2023-11-16T17:14:42","slug":"cierre-de-talleres-municipales-de-arte-2023","status":"publish","type":"post","link":"https:\/\/www.elpolitologoyelpolitico.com.ar\/wordpress\/2023\/11\/16\/cierre-de-talleres-municipales-de-arte-2023\/","title":{"rendered":"Cierre de Talleres Municipales de Arte 2023"},"content":{"rendered":"\n<p>Desde el 17 de noviembre y hasta el s\u00e1bado 2 de diciembre, inclusive, se realizar\u00e1n los cierres de los talleres de arte municipales dependientes de la Subsecretar\u00eda de Cultura de la Municipalidad de Viedma.<\/p>\n\n\n\n<p>Con entrada libre y gratuita, la invitaci\u00f3n es hacia toda la comunidad, con el objetivo de compartir y disfrutar junto a las familias el proceso pedag\u00f3gico y art\u00edstico de cada taller, el camino transitado durante todo el 2023 en los diferentes puntos culturales de nuestra ciudad.<\/p>\n\n\n\n<p>Agenda de actividades<\/p>\n\n\n\n<p>BIBLIOTECA EL C\u00d3NDOR:<\/p>\n\n\n\n<p>VIERNES 17\/11, a las 19, cierre del Taller de Dibujo a cargo del docente Marcelo Ferreyra.<\/p>\n\n\n\n<p>CENTRO MUNICIPAL DE CULTURA ( GALLARDO 550):<\/p>\n\n\n\n<p>LUNES 13 AL VIERNES 17\/11, cierre del Taller de Cer\u00e1mica a cargo de la docente Juliana Osorio. Exposici\u00f3n en sala 49<\/p>\n\n\n\n<p>MARTES 21\/11, desde las 18, cierre del Taller de Cer\u00e1mica a cargo de la docente Mirta Ya\u00f1ez. Exposici\u00f3n en sala 49.<\/p>\n\n\n\n<p>A partir de las 19, en el hall, se presentar\u00e1 el Coro de ni\u00f1os, Cantoras, Coro del Camu y Coro juvenil coordinados por los docentes Virginia Brun y Fabi\u00e1n Alberdi.<\/p>\n\n\n\n<p>LUNES 27\/11, desde las 18, muestra y exposici\u00f3n en SALA 49 del Taller de Reciclado y Dise\u00f1o coordinado por la docente Florencia Ercilape.<\/p>\n\n\n\n<p>En tanto, desde las 19 hs, cerrar\u00e1n los talleres de Ritmos Latinos, Tango y Folclore coordinados por los docentes Jos\u00e9 Ignacio Utrera, Roc\u00edo Blazquez, Luis Le\u00f3n y Silvia Nieto.<\/p>\n\n\n\n<p>MI\u00c9RCOLES 29\/11, desde las 19, en la sala Biagetti, cerrar\u00e1 el Taller de Aer\u00f3fonos y M\u00fasica popular a cargo del docente Jos\u00e9 Guti\u00e9rrez.<\/p>\n\n\n\n<p>JUEVES 30\/11, a las 18:30 hs. Cierre del Taller de Titeres a cargo de a docente Cecilia Williams<\/p>\n\n\n\n<p>CENTRO CULTURAL II (MITRE 849 ):<\/p>\n\n\n\n<p>JUEVES 23\/11, a las 20:30 hs, cierre de los Talleres de Circo Teatro, Tela y Acrodanzas coordinados por las docentes Roc\u00edo Despos y Romina Degliantoni.<\/p>\n\n\n\n<p>LUNES 27\/11.desde las 18 hs en los jardines del centro cultural 2, cerrar\u00e1n los talleres de Art Attack, Audio Visuales y Titeres del CAMu, junto a sus dcoentes Florencia Ercilape, Nuria Iturra y Cecilia Williams<\/p>\n\n\n\n<p>MI\u00c9RCOLES 29\/11, a las 19 hs se presentar\u00e1n los Talleres municipales de Guitarra a cargo del docente Adri\u00e1n Farfal, Richard Fuente y Mario Krenz<\/p>\n\n\n\n<p>VIERNES 01\/12, a partir de las 19, cierre del Taller de Teatro infantil coordinado por la docente Soraya Furfaro.<\/p>\n\n\n\n<p>CAMu ( AZUCENA MAIZANI 199):<\/p>\n\n\n\n<p>S\u00c1BADO 02\/12, a las 17:30 hs cierre de talleres del TIM (Taller Integral de M\u00fasica) a cargo del docente Angel Baier y el Taller de Canto Colectivo a cargo de los docentes Mar\u00eda Eugenia Fuentes y Richard Fuente.<\/p>\n<div class=\"fb-background-color\">\n\t\t\t  <div \n\t\t\t  \tclass = \"fb-comments\" \n\t\t\t  \tdata-href = \"https:\/\/www.elpolitologoyelpolitico.com.ar\/wordpress\/2023\/11\/16\/cierre-de-talleres-municipales-de-arte-2023\/\"\n\t\t\t  \tdata-numposts = \"10\"\n\t\t\t  \tdata-lazy = \"true\"\n\t\t\t\tdata-colorscheme = \"light\"\n\t\t\t\tdata-order-by = \"social\"\n\t\t\t\tdata-mobile=true>\n\t\t\t  <\/div><\/div>\n\t\t  <style>\n\t\t    .fb-background-color {\n\t\t\t\tbackground: #ffffff !important;\n\t\t\t}\n\t\t\t.fb_iframe_widget_fluid_desktop iframe {\n\t\t\t    width: 100% !important;\n\t\t\t}\n\t\t  <\/style>\n\t\t  ","protected":false},"excerpt":{"rendered":"<p>Desde el 17 de noviembre y hasta el s\u00e1bado 2 de diciembre, inclusive, se realizar\u00e1n los cierres de los talleres de arte municipales dependientes de la Subsecretar\u00eda de Cultura de la Municipalidad de Viedma. Con entrada libre y gratuita, la invitaci\u00f3n es hacia toda la comunidad, con el objetivo de compartir y disfrutar junto a [&hellip;]<\/p>\n","protected":false},"author":4,"featured_media":36200,"comment_status":"closed","ping_status":"closed","sticky":false,"template":"","format":"standard","meta":{"_joinchat":[],"footnotes":""},"categories":[39],"tags":[],"class_list":["post-36199","post","type-post","status-publish","format-standard","has-post-thumbnail","hentry","category-en-esta-seccion"],"_links":{"self":[{"href":"https:\/\/www.elpolitologoyelpolitico.com.ar\/wordpress\/wp-json\/wp\/v2\/posts\/36199","targetHints":{"allow":["GET"]}}],"collection":[{"href":"https:\/\/www.elpolitologoyelpolitico.com.ar\/wordpress\/wp-json\/wp\/v2\/posts"}],"about":[{"href":"https:\/\/www.elpolitologoyelpolitico.com.ar\/wordpress\/wp-json\/wp\/v2\/types\/post"}],"author":[{"embeddable":true,"href":"https:\/\/www.elpolitologoyelpolitico.com.ar\/wordpress\/wp-json\/wp\/v2\/users\/4"}],"replies":[{"embeddable":true,"href":"https:\/\/www.elpolitologoyelpolitico.com.ar\/wordpress\/wp-json\/wp\/v2\/comments?post=36199"}],"version-history":[{"count":1,"href":"https:\/\/www.elpolitologoyelpolitico.com.ar\/wordpress\/wp-json\/wp\/v2\/posts\/36199\/revisions"}],"predecessor-version":[{"id":36201,"href":"https:\/\/www.elpolitologoyelpolitico.com.ar\/wordpress\/wp-json\/wp\/v2\/posts\/36199\/revisions\/36201"}],"wp:featuredmedia":[{"embeddable":true,"href":"https:\/\/www.elpolitologoyelpolitico.com.ar\/wordpress\/wp-json\/wp\/v2\/media\/36200"}],"wp:attachment":[{"href":"https:\/\/www.elpolitologoyelpolitico.com.ar\/wordpress\/wp-json\/wp\/v2\/media?parent=36199"}],"wp:term":[{"taxonomy":"category","embeddable":true,"href":"https:\/\/www.elpolitologoyelpolitico.com.ar\/wordpress\/wp-json\/wp\/v2\/categories?post=36199"},{"taxonomy":"post_tag","embeddable":true,"href":"https:\/\/www.elpolitologoyelpolitico.com.ar\/wordpress\/wp-json\/wp\/v2\/tags?post=36199"}],"curies":[{"name":"wp","href":"https:\/\/api.w.org\/{rel}","templated":true}]}}