{"id":36189,"date":"2023-11-15T21:04:41","date_gmt":"2023-11-16T00:04:41","guid":{"rendered":"https:\/\/www.elpolitologoyelpolitico.com.ar\/wordpress\/?p=36189"},"modified":"2023-11-15T21:04:42","modified_gmt":"2023-11-16T00:04:42","slug":"paritaria-municipal-nuevo-incremento-del-20-por-ciento-y-10-mil-pesos-remunerativos-en-noviembre","status":"publish","type":"post","link":"https:\/\/www.elpolitologoyelpolitico.com.ar\/wordpress\/2023\/11\/15\/paritaria-municipal-nuevo-incremento-del-20-por-ciento-y-10-mil-pesos-remunerativos-en-noviembre\/","title":{"rendered":"Paritaria municipal: nuevo incremento del 20 por ciento y 10 mil pesos remunerativos en noviembre"},"content":{"rendered":"\n<p>Tal como estaba previsto, este miercoles por la ma\u00f1ana se concret\u00f3 una nueva reuni\u00f3n de paritarias para los trabajadores municipales.<\/p>\n\n\n\n<p>Estuvieron presentes, el Secretario de Gobierno, Daniel Paredes, junto al Asesor Legal, Dr. Juan Manuel Angos, el Secretario de Hacienda, Ricardo Teller\u00eda, y la Subsecretaria de Recursos Humanos, Lic. Alejandra Araujo.<\/p>\n\n\n\n<p>En representaci\u00f3n de los gremios, participaron Adri\u00e1n P\u00e9rez y Daniel Manquilef (SOYEM); Gustavo Paleta y Romina Payeras (ATE) y Mart\u00edn Arena (ASEM).<\/p>\n\n\n\n<p>En la ocasi\u00f3n, el Ejecutivo Municipal propuso un incremento del 20 por ciento al sueldo b\u00e1sico y 10 mil pesos remunerativos (a la bonificaci\u00f3n remunerativa), a partir de noviembre.<\/p>\n\n\n\n<p>Esta nueva instancia de acuerdo se suma al incremento del 20 por ciento incorporado, junto con 10 mil pesos remunerativos, en los salarios del mes pasado.<\/p>\n\n\n\n<p>Cabe se\u00f1alar que en el mes de diciembre se llevar\u00e1 adelante una nueva reuni\u00f3n con la participaci\u00f3n de las autoridades ingresantes, donde los referentes gremiales podr\u00e1n continuar con los pedidos expuestos.<\/p>\n\n\n\n<figure class=\"wp-block-image size-large\"><img fetchpriority=\"high\" decoding=\"async\" width=\"1024\" height=\"683\" src=\"https:\/\/www.elpolitologoyelpolitico.com.ar\/wp-content\/uploads\/2023\/11\/IMG-20231115-WA0035-1024x683.jpg\" alt=\"\" class=\"wp-image-36191\" srcset=\"https:\/\/www.elpolitologoyelpolitico.com.ar\/wp-content\/uploads\/2023\/11\/IMG-20231115-WA0035-1024x683.jpg 1024w, https:\/\/www.elpolitologoyelpolitico.com.ar\/wp-content\/uploads\/2023\/11\/IMG-20231115-WA0035-300x200.jpg 300w, https:\/\/www.elpolitologoyelpolitico.com.ar\/wp-content\/uploads\/2023\/11\/IMG-20231115-WA0035-768x512.jpg 768w, https:\/\/www.elpolitologoyelpolitico.com.ar\/wp-content\/uploads\/2023\/11\/IMG-20231115-WA0035-1536x1024.jpg 1536w, https:\/\/www.elpolitologoyelpolitico.com.ar\/wp-content\/uploads\/2023\/11\/IMG-20231115-WA0035.jpg 1599w\" sizes=\"(max-width: 1024px) 100vw, 1024px\" \/><\/figure>\n<div class=\"fb-background-color\">\n\t\t\t  <div \n\t\t\t  \tclass = \"fb-comments\" \n\t\t\t  \tdata-href = \"https:\/\/www.elpolitologoyelpolitico.com.ar\/wordpress\/2023\/11\/15\/paritaria-municipal-nuevo-incremento-del-20-por-ciento-y-10-mil-pesos-remunerativos-en-noviembre\/\"\n\t\t\t  \tdata-numposts = \"10\"\n\t\t\t  \tdata-lazy = \"true\"\n\t\t\t\tdata-colorscheme = \"light\"\n\t\t\t\tdata-order-by = \"social\"\n\t\t\t\tdata-mobile=true>\n\t\t\t  <\/div><\/div>\n\t\t  <style>\n\t\t    .fb-background-color {\n\t\t\t\tbackground: #ffffff !important;\n\t\t\t}\n\t\t\t.fb_iframe_widget_fluid_desktop iframe {\n\t\t\t    width: 100% !important;\n\t\t\t}\n\t\t  <\/style>\n\t\t  ","protected":false},"excerpt":{"rendered":"<p>Tal como estaba previsto, este miercoles por la ma\u00f1ana se concret\u00f3 una nueva reuni\u00f3n de paritarias para los trabajadores municipales. Estuvieron presentes, el Secretario de Gobierno, Daniel Paredes, junto al Asesor Legal, Dr. Juan Manuel Angos, el Secretario de Hacienda, Ricardo Teller\u00eda, y la Subsecretaria de Recursos Humanos, Lic. Alejandra Araujo. En representaci\u00f3n de los [&hellip;]<\/p>\n","protected":false},"author":4,"featured_media":36190,"comment_status":"closed","ping_status":"closed","sticky":false,"template":"","format":"standard","meta":{"_joinchat":[],"footnotes":""},"categories":[4],"tags":[],"class_list":["post-36189","post","type-post","status-publish","format-standard","has-post-thumbnail","hentry","category-politicas-publicas"],"_links":{"self":[{"href":"https:\/\/www.elpolitologoyelpolitico.com.ar\/wordpress\/wp-json\/wp\/v2\/posts\/36189","targetHints":{"allow":["GET"]}}],"collection":[{"href":"https:\/\/www.elpolitologoyelpolitico.com.ar\/wordpress\/wp-json\/wp\/v2\/posts"}],"about":[{"href":"https:\/\/www.elpolitologoyelpolitico.com.ar\/wordpress\/wp-json\/wp\/v2\/types\/post"}],"author":[{"embeddable":true,"href":"https:\/\/www.elpolitologoyelpolitico.com.ar\/wordpress\/wp-json\/wp\/v2\/users\/4"}],"replies":[{"embeddable":true,"href":"https:\/\/www.elpolitologoyelpolitico.com.ar\/wordpress\/wp-json\/wp\/v2\/comments?post=36189"}],"version-history":[{"count":1,"href":"https:\/\/www.elpolitologoyelpolitico.com.ar\/wordpress\/wp-json\/wp\/v2\/posts\/36189\/revisions"}],"predecessor-version":[{"id":36192,"href":"https:\/\/www.elpolitologoyelpolitico.com.ar\/wordpress\/wp-json\/wp\/v2\/posts\/36189\/revisions\/36192"}],"wp:featuredmedia":[{"embeddable":true,"href":"https:\/\/www.elpolitologoyelpolitico.com.ar\/wordpress\/wp-json\/wp\/v2\/media\/36190"}],"wp:attachment":[{"href":"https:\/\/www.elpolitologoyelpolitico.com.ar\/wordpress\/wp-json\/wp\/v2\/media?parent=36189"}],"wp:term":[{"taxonomy":"category","embeddable":true,"href":"https:\/\/www.elpolitologoyelpolitico.com.ar\/wordpress\/wp-json\/wp\/v2\/categories?post=36189"},{"taxonomy":"post_tag","embeddable":true,"href":"https:\/\/www.elpolitologoyelpolitico.com.ar\/wordpress\/wp-json\/wp\/v2\/tags?post=36189"}],"curies":[{"name":"wp","href":"https:\/\/api.w.org\/{rel}","templated":true}]}}