{"id":36160,"date":"2023-11-15T13:59:33","date_gmt":"2023-11-15T16:59:33","guid":{"rendered":"https:\/\/www.elpolitologoyelpolitico.com.ar\/wordpress\/?p=36160"},"modified":"2023-11-15T13:59:35","modified_gmt":"2023-11-15T16:59:35","slug":"la-plata-de-verificacion-tecnica-vehicular-vuelve-a-carmen-de-patagones","status":"publish","type":"post","link":"https:\/\/www.elpolitologoyelpolitico.com.ar\/wordpress\/2023\/11\/15\/la-plata-de-verificacion-tecnica-vehicular-vuelve-a-carmen-de-patagones\/","title":{"rendered":"La Plata de Verificaci\u00f3n T\u00e9cnica Vehicular vuelve a Carmen de Patagones"},"content":{"rendered":"\n<p>El pr\u00f3ximo mi\u00e9rcoles, 22 de noviembre, llegar\u00e1 a Patagones la planta de Verificaci\u00f3n T\u00e9cnica Vehicular, instal\u00e1ndose en el predio situado en la intersecci\u00f3n de Per\u00f3n y Avenida Constituci\u00f3n.<\/p>\n\n\n\n<p>Los turnos ya pueden solicitarse a trav\u00e9s de la p\u00e1gina www.infovtv.com.ar o al tel\u00e9fono 0800-3453-888.<\/p>\n<div class=\"fb-background-color\">\n\t\t\t  <div \n\t\t\t  \tclass = \"fb-comments\" \n\t\t\t  \tdata-href = \"https:\/\/www.elpolitologoyelpolitico.com.ar\/wordpress\/2023\/11\/15\/la-plata-de-verificacion-tecnica-vehicular-vuelve-a-carmen-de-patagones\/\"\n\t\t\t  \tdata-numposts = \"10\"\n\t\t\t  \tdata-lazy = \"true\"\n\t\t\t\tdata-colorscheme = \"light\"\n\t\t\t\tdata-order-by = \"social\"\n\t\t\t\tdata-mobile=true>\n\t\t\t  <\/div><\/div>\n\t\t  <style>\n\t\t    .fb-background-color {\n\t\t\t\tbackground: #ffffff !important;\n\t\t\t}\n\t\t\t.fb_iframe_widget_fluid_desktop iframe {\n\t\t\t    width: 100% !important;\n\t\t\t}\n\t\t  <\/style>\n\t\t  ","protected":false},"excerpt":{"rendered":"<p>El pr\u00f3ximo mi\u00e9rcoles, 22 de noviembre, llegar\u00e1 a Patagones la planta de Verificaci\u00f3n T\u00e9cnica Vehicular, instal\u00e1ndose en el predio situado en la intersecci\u00f3n de Per\u00f3n y Avenida Constituci\u00f3n. Los turnos ya pueden solicitarse a trav\u00e9s de la p\u00e1gina www.infovtv.com.ar o al tel\u00e9fono 0800-3453-888.<\/p>\n","protected":false},"author":4,"featured_media":36161,"comment_status":"closed","ping_status":"closed","sticky":false,"template":"","format":"standard","meta":{"_joinchat":[],"footnotes":""},"categories":[39],"tags":[],"class_list":["post-36160","post","type-post","status-publish","format-standard","has-post-thumbnail","hentry","category-en-esta-seccion"],"_links":{"self":[{"href":"https:\/\/www.elpolitologoyelpolitico.com.ar\/wordpress\/wp-json\/wp\/v2\/posts\/36160","targetHints":{"allow":["GET"]}}],"collection":[{"href":"https:\/\/www.elpolitologoyelpolitico.com.ar\/wordpress\/wp-json\/wp\/v2\/posts"}],"about":[{"href":"https:\/\/www.elpolitologoyelpolitico.com.ar\/wordpress\/wp-json\/wp\/v2\/types\/post"}],"author":[{"embeddable":true,"href":"https:\/\/www.elpolitologoyelpolitico.com.ar\/wordpress\/wp-json\/wp\/v2\/users\/4"}],"replies":[{"embeddable":true,"href":"https:\/\/www.elpolitologoyelpolitico.com.ar\/wordpress\/wp-json\/wp\/v2\/comments?post=36160"}],"version-history":[{"count":1,"href":"https:\/\/www.elpolitologoyelpolitico.com.ar\/wordpress\/wp-json\/wp\/v2\/posts\/36160\/revisions"}],"predecessor-version":[{"id":36162,"href":"https:\/\/www.elpolitologoyelpolitico.com.ar\/wordpress\/wp-json\/wp\/v2\/posts\/36160\/revisions\/36162"}],"wp:featuredmedia":[{"embeddable":true,"href":"https:\/\/www.elpolitologoyelpolitico.com.ar\/wordpress\/wp-json\/wp\/v2\/media\/36161"}],"wp:attachment":[{"href":"https:\/\/www.elpolitologoyelpolitico.com.ar\/wordpress\/wp-json\/wp\/v2\/media?parent=36160"}],"wp:term":[{"taxonomy":"category","embeddable":true,"href":"https:\/\/www.elpolitologoyelpolitico.com.ar\/wordpress\/wp-json\/wp\/v2\/categories?post=36160"},{"taxonomy":"post_tag","embeddable":true,"href":"https:\/\/www.elpolitologoyelpolitico.com.ar\/wordpress\/wp-json\/wp\/v2\/tags?post=36160"}],"curies":[{"name":"wp","href":"https:\/\/api.w.org\/{rel}","templated":true}]}}