{"id":36152,"date":"2023-11-15T08:04:13","date_gmt":"2023-11-15T11:04:13","guid":{"rendered":"https:\/\/www.elpolitologoyelpolitico.com.ar\/wordpress\/?p=36152"},"modified":"2023-11-15T08:04:15","modified_gmt":"2023-11-15T11:04:15","slug":"el-intendente-electo-ricardo-marino-participo-del-acto-entrega-maquina-en-corfo","status":"publish","type":"post","link":"https:\/\/www.elpolitologoyelpolitico.com.ar\/wordpress\/2023\/11\/15\/el-intendente-electo-ricardo-marino-participo-del-acto-entrega-maquina-en-corfo\/","title":{"rendered":"El Intendente Electo Ricardo Marino particip\u00f3 del acto entrega maquina en CORFO"},"content":{"rendered":"\n<p>A trav\u00e9s de las gestiones conjuntas con el Ministerio de Desarrollo Agrario, esta nueva m\u00e1quina es parte del plan de renovaci\u00f3n que CORFO lleva adelante desde el a\u00f1o 2021.<\/p>\n\n\n\n<p>Se trata de una retroexcavadora para realizar trabajos en los canales principales y facilitar su traslado sobre los mismos.<\/p>\n\n\n\n<p>El acto fue encabezado por Administrador General de CORFO Ramiro Vergara y cont\u00f3 con la participaci\u00f3n del Gerente T\u00e9cnico Juan Carbo, los directores y los trabajadores de las distintas \u00e1reas de la Corporaci\u00f3n.<\/p>\n\n\n\n<p>Adem\u00e1s, cont\u00f3 con la presencia de Jonatan S\u00e1nchez, Jefe de Gabinete del Ministerio, y de Mart\u00edn Tomaselli, Coordinador de la Ley del Sudoeste.<\/p>\n\n\n\n<p>Acompa\u00f1aron a Ricardo Marino Ra\u00fal Rosenberg y el concejal electo Am\u00edlcar Safe.<\/p>\n\n\n\n<figure class=\"wp-block-image size-large\"><img fetchpriority=\"high\" decoding=\"async\" width=\"1024\" height=\"461\" src=\"https:\/\/www.elpolitologoyelpolitico.com.ar\/wp-content\/uploads\/2023\/11\/IMG-20231114-WA0025-1024x461.jpg\" alt=\"\" class=\"wp-image-36154\" srcset=\"https:\/\/www.elpolitologoyelpolitico.com.ar\/wp-content\/uploads\/2023\/11\/IMG-20231114-WA0025-1024x461.jpg 1024w, https:\/\/www.elpolitologoyelpolitico.com.ar\/wp-content\/uploads\/2023\/11\/IMG-20231114-WA0025-300x135.jpg 300w, https:\/\/www.elpolitologoyelpolitico.com.ar\/wp-content\/uploads\/2023\/11\/IMG-20231114-WA0025-768x346.jpg 768w, https:\/\/www.elpolitologoyelpolitico.com.ar\/wp-content\/uploads\/2023\/11\/IMG-20231114-WA0025-1536x691.jpg 1536w, https:\/\/www.elpolitologoyelpolitico.com.ar\/wp-content\/uploads\/2023\/11\/IMG-20231114-WA0025.jpg 1600w\" sizes=\"(max-width: 1024px) 100vw, 1024px\" \/><\/figure>\n<div class=\"fb-background-color\">\n\t\t\t  <div \n\t\t\t  \tclass = \"fb-comments\" \n\t\t\t  \tdata-href = \"https:\/\/www.elpolitologoyelpolitico.com.ar\/wordpress\/2023\/11\/15\/el-intendente-electo-ricardo-marino-participo-del-acto-entrega-maquina-en-corfo\/\"\n\t\t\t  \tdata-numposts = \"10\"\n\t\t\t  \tdata-lazy = \"true\"\n\t\t\t\tdata-colorscheme = \"light\"\n\t\t\t\tdata-order-by = \"social\"\n\t\t\t\tdata-mobile=true>\n\t\t\t  <\/div><\/div>\n\t\t  <style>\n\t\t    .fb-background-color {\n\t\t\t\tbackground: #ffffff !important;\n\t\t\t}\n\t\t\t.fb_iframe_widget_fluid_desktop iframe {\n\t\t\t    width: 100% !important;\n\t\t\t}\n\t\t  <\/style>\n\t\t  ","protected":false},"excerpt":{"rendered":"<p>A trav\u00e9s de las gestiones conjuntas con el Ministerio de Desarrollo Agrario, esta nueva m\u00e1quina es parte del plan de renovaci\u00f3n que CORFO lleva adelante desde el a\u00f1o 2021. Se trata de una retroexcavadora para realizar trabajos en los canales principales y facilitar su traslado sobre los mismos. El acto fue encabezado por Administrador General [&hellip;]<\/p>\n","protected":false},"author":4,"featured_media":36153,"comment_status":"closed","ping_status":"closed","sticky":false,"template":"","format":"standard","meta":{"_joinchat":[],"footnotes":""},"categories":[39],"tags":[],"class_list":["post-36152","post","type-post","status-publish","format-standard","has-post-thumbnail","hentry","category-en-esta-seccion"],"_links":{"self":[{"href":"https:\/\/www.elpolitologoyelpolitico.com.ar\/wordpress\/wp-json\/wp\/v2\/posts\/36152","targetHints":{"allow":["GET"]}}],"collection":[{"href":"https:\/\/www.elpolitologoyelpolitico.com.ar\/wordpress\/wp-json\/wp\/v2\/posts"}],"about":[{"href":"https:\/\/www.elpolitologoyelpolitico.com.ar\/wordpress\/wp-json\/wp\/v2\/types\/post"}],"author":[{"embeddable":true,"href":"https:\/\/www.elpolitologoyelpolitico.com.ar\/wordpress\/wp-json\/wp\/v2\/users\/4"}],"replies":[{"embeddable":true,"href":"https:\/\/www.elpolitologoyelpolitico.com.ar\/wordpress\/wp-json\/wp\/v2\/comments?post=36152"}],"version-history":[{"count":1,"href":"https:\/\/www.elpolitologoyelpolitico.com.ar\/wordpress\/wp-json\/wp\/v2\/posts\/36152\/revisions"}],"predecessor-version":[{"id":36155,"href":"https:\/\/www.elpolitologoyelpolitico.com.ar\/wordpress\/wp-json\/wp\/v2\/posts\/36152\/revisions\/36155"}],"wp:featuredmedia":[{"embeddable":true,"href":"https:\/\/www.elpolitologoyelpolitico.com.ar\/wordpress\/wp-json\/wp\/v2\/media\/36153"}],"wp:attachment":[{"href":"https:\/\/www.elpolitologoyelpolitico.com.ar\/wordpress\/wp-json\/wp\/v2\/media?parent=36152"}],"wp:term":[{"taxonomy":"category","embeddable":true,"href":"https:\/\/www.elpolitologoyelpolitico.com.ar\/wordpress\/wp-json\/wp\/v2\/categories?post=36152"},{"taxonomy":"post_tag","embeddable":true,"href":"https:\/\/www.elpolitologoyelpolitico.com.ar\/wordpress\/wp-json\/wp\/v2\/tags?post=36152"}],"curies":[{"name":"wp","href":"https:\/\/api.w.org\/{rel}","templated":true}]}}