{"id":36148,"date":"2023-11-14T15:26:48","date_gmt":"2023-11-14T18:26:48","guid":{"rendered":"https:\/\/www.elpolitologoyelpolitico.com.ar\/wordpress\/?p=36148"},"modified":"2023-11-14T15:26:48","modified_gmt":"2023-11-14T18:26:48","slug":"esta-disponible-el-pago-de-las-becas-municipales-3","status":"publish","type":"post","link":"https:\/\/www.elpolitologoyelpolitico.com.ar\/wordpress\/2023\/11\/14\/esta-disponible-el-pago-de-las-becas-municipales-3\/","title":{"rendered":"Est\u00e1 disponible el pago de las becas municipales"},"content":{"rendered":"\n<p>La Comisi\u00f3n de Becas Municipales informa que est\u00e1 disponible el pago de las becas municipales.<\/p>\n\n\n\n<p>El mismo se har\u00e1 efectivo en las sucursales del Banco Provincia de cada localidad y estar\u00e1 disponible hasta el \u00faltimo d\u00eda h\u00e1bil del mes.<\/p>\n\n\n\n<p>Quienes cuentan con la tarjeta, pueden acceder al pago mediante los cajeros autom\u00e1ticos.<\/p>\n<div class=\"fb-background-color\">\n\t\t\t  <div \n\t\t\t  \tclass = \"fb-comments\" \n\t\t\t  \tdata-href = \"https:\/\/www.elpolitologoyelpolitico.com.ar\/wordpress\/2023\/11\/14\/esta-disponible-el-pago-de-las-becas-municipales-3\/\"\n\t\t\t  \tdata-numposts = \"10\"\n\t\t\t  \tdata-lazy = \"true\"\n\t\t\t\tdata-colorscheme = \"light\"\n\t\t\t\tdata-order-by = \"social\"\n\t\t\t\tdata-mobile=true>\n\t\t\t  <\/div><\/div>\n\t\t  <style>\n\t\t    .fb-background-color {\n\t\t\t\tbackground: #ffffff !important;\n\t\t\t}\n\t\t\t.fb_iframe_widget_fluid_desktop iframe {\n\t\t\t    width: 100% !important;\n\t\t\t}\n\t\t  <\/style>\n\t\t  ","protected":false},"excerpt":{"rendered":"<p>La Comisi\u00f3n de Becas Municipales informa que est\u00e1 disponible el pago de las becas municipales. El mismo se har\u00e1 efectivo en las sucursales del Banco Provincia de cada localidad y estar\u00e1 disponible hasta el \u00faltimo d\u00eda h\u00e1bil del mes. Quienes cuentan con la tarjeta, pueden acceder al pago mediante los cajeros autom\u00e1ticos.<\/p>\n","protected":false},"author":4,"featured_media":36149,"comment_status":"closed","ping_status":"closed","sticky":false,"template":"","format":"standard","meta":{"_joinchat":[],"footnotes":""},"categories":[4],"tags":[],"class_list":["post-36148","post","type-post","status-publish","format-standard","has-post-thumbnail","hentry","category-politicas-publicas"],"_links":{"self":[{"href":"https:\/\/www.elpolitologoyelpolitico.com.ar\/wordpress\/wp-json\/wp\/v2\/posts\/36148","targetHints":{"allow":["GET"]}}],"collection":[{"href":"https:\/\/www.elpolitologoyelpolitico.com.ar\/wordpress\/wp-json\/wp\/v2\/posts"}],"about":[{"href":"https:\/\/www.elpolitologoyelpolitico.com.ar\/wordpress\/wp-json\/wp\/v2\/types\/post"}],"author":[{"embeddable":true,"href":"https:\/\/www.elpolitologoyelpolitico.com.ar\/wordpress\/wp-json\/wp\/v2\/users\/4"}],"replies":[{"embeddable":true,"href":"https:\/\/www.elpolitologoyelpolitico.com.ar\/wordpress\/wp-json\/wp\/v2\/comments?post=36148"}],"version-history":[{"count":1,"href":"https:\/\/www.elpolitologoyelpolitico.com.ar\/wordpress\/wp-json\/wp\/v2\/posts\/36148\/revisions"}],"predecessor-version":[{"id":36150,"href":"https:\/\/www.elpolitologoyelpolitico.com.ar\/wordpress\/wp-json\/wp\/v2\/posts\/36148\/revisions\/36150"}],"wp:featuredmedia":[{"embeddable":true,"href":"https:\/\/www.elpolitologoyelpolitico.com.ar\/wordpress\/wp-json\/wp\/v2\/media\/36149"}],"wp:attachment":[{"href":"https:\/\/www.elpolitologoyelpolitico.com.ar\/wordpress\/wp-json\/wp\/v2\/media?parent=36148"}],"wp:term":[{"taxonomy":"category","embeddable":true,"href":"https:\/\/www.elpolitologoyelpolitico.com.ar\/wordpress\/wp-json\/wp\/v2\/categories?post=36148"},{"taxonomy":"post_tag","embeddable":true,"href":"https:\/\/www.elpolitologoyelpolitico.com.ar\/wordpress\/wp-json\/wp\/v2\/tags?post=36148"}],"curies":[{"name":"wp","href":"https:\/\/api.w.org\/{rel}","templated":true}]}}