{"id":36144,"date":"2023-11-14T15:16:23","date_gmt":"2023-11-14T18:16:23","guid":{"rendered":"https:\/\/www.elpolitologoyelpolitico.com.ar\/wordpress\/?p=36144"},"modified":"2023-11-14T15:17:18","modified_gmt":"2023-11-14T18:17:18","slug":"el-gobierno-convoco-a-paritarias-para-el-viernes17","status":"publish","type":"post","link":"https:\/\/www.elpolitologoyelpolitico.com.ar\/wordpress\/2023\/11\/14\/el-gobierno-convoco-a-paritarias-para-el-viernes17\/","title":{"rendered":"El Gobierno convoc\u00f3 a paritarias para el viernes 17"},"content":{"rendered":"\n<p>El Gobierno de R\u00edo Negro convoc\u00f3 a paritarias para el pr\u00f3ximo viernes 17 de noviembre a las 12hs, con el objetivo de continuar analizando la pauta salarial en el \u00faltimo tramo del a\u00f1o.<\/p>\n\n\n\n<p>Como es habitual, se desarrollar\u00e1n de forma paralela las reuniones de Mesa de la Funci\u00f3n P\u00fablica con los gremios ATE y UPCN; y la paritaria docente con el sindicato UNTER, ambas en Viedma.<\/p>\n<div class=\"fb-background-color\">\n\t\t\t  <div \n\t\t\t  \tclass = \"fb-comments\" \n\t\t\t  \tdata-href = \"https:\/\/www.elpolitologoyelpolitico.com.ar\/wordpress\/2023\/11\/14\/el-gobierno-convoco-a-paritarias-para-el-viernes17\/\"\n\t\t\t  \tdata-numposts = \"10\"\n\t\t\t  \tdata-lazy = \"true\"\n\t\t\t\tdata-colorscheme = \"light\"\n\t\t\t\tdata-order-by = \"social\"\n\t\t\t\tdata-mobile=true>\n\t\t\t  <\/div><\/div>\n\t\t  <style>\n\t\t    .fb-background-color {\n\t\t\t\tbackground: #ffffff !important;\n\t\t\t}\n\t\t\t.fb_iframe_widget_fluid_desktop iframe {\n\t\t\t    width: 100% !important;\n\t\t\t}\n\t\t  <\/style>\n\t\t  ","protected":false},"excerpt":{"rendered":"<p>El Gobierno de R\u00edo Negro convoc\u00f3 a paritarias para el pr\u00f3ximo viernes 17 de noviembre a las 12hs, con el objetivo de continuar analizando la pauta salarial en el \u00faltimo tramo del a\u00f1o. Como es habitual, se desarrollar\u00e1n de forma paralela las reuniones de Mesa de la Funci\u00f3n P\u00fablica con los gremios ATE y UPCN; [&hellip;]<\/p>\n","protected":false},"author":4,"featured_media":36145,"comment_status":"closed","ping_status":"closed","sticky":false,"template":"","format":"standard","meta":{"_joinchat":[],"footnotes":""},"categories":[4],"tags":[],"class_list":["post-36144","post","type-post","status-publish","format-standard","has-post-thumbnail","hentry","category-politicas-publicas"],"_links":{"self":[{"href":"https:\/\/www.elpolitologoyelpolitico.com.ar\/wordpress\/wp-json\/wp\/v2\/posts\/36144","targetHints":{"allow":["GET"]}}],"collection":[{"href":"https:\/\/www.elpolitologoyelpolitico.com.ar\/wordpress\/wp-json\/wp\/v2\/posts"}],"about":[{"href":"https:\/\/www.elpolitologoyelpolitico.com.ar\/wordpress\/wp-json\/wp\/v2\/types\/post"}],"author":[{"embeddable":true,"href":"https:\/\/www.elpolitologoyelpolitico.com.ar\/wordpress\/wp-json\/wp\/v2\/users\/4"}],"replies":[{"embeddable":true,"href":"https:\/\/www.elpolitologoyelpolitico.com.ar\/wordpress\/wp-json\/wp\/v2\/comments?post=36144"}],"version-history":[{"count":2,"href":"https:\/\/www.elpolitologoyelpolitico.com.ar\/wordpress\/wp-json\/wp\/v2\/posts\/36144\/revisions"}],"predecessor-version":[{"id":36147,"href":"https:\/\/www.elpolitologoyelpolitico.com.ar\/wordpress\/wp-json\/wp\/v2\/posts\/36144\/revisions\/36147"}],"wp:featuredmedia":[{"embeddable":true,"href":"https:\/\/www.elpolitologoyelpolitico.com.ar\/wordpress\/wp-json\/wp\/v2\/media\/36145"}],"wp:attachment":[{"href":"https:\/\/www.elpolitologoyelpolitico.com.ar\/wordpress\/wp-json\/wp\/v2\/media?parent=36144"}],"wp:term":[{"taxonomy":"category","embeddable":true,"href":"https:\/\/www.elpolitologoyelpolitico.com.ar\/wordpress\/wp-json\/wp\/v2\/categories?post=36144"},{"taxonomy":"post_tag","embeddable":true,"href":"https:\/\/www.elpolitologoyelpolitico.com.ar\/wordpress\/wp-json\/wp\/v2\/tags?post=36144"}],"curies":[{"name":"wp","href":"https:\/\/api.w.org\/{rel}","templated":true}]}}