{"id":36136,"date":"2023-11-14T13:00:40","date_gmt":"2023-11-14T16:00:40","guid":{"rendered":"https:\/\/www.elpolitologoyelpolitico.com.ar\/wordpress\/?p=36136"},"modified":"2023-11-14T13:00:40","modified_gmt":"2023-11-14T16:00:40","slug":"viedma-ya-cuenta-con-nuevo-albergue-deportivo-municipal","status":"publish","type":"post","link":"https:\/\/www.elpolitologoyelpolitico.com.ar\/wordpress\/2023\/11\/14\/viedma-ya-cuenta-con-nuevo-albergue-deportivo-municipal\/","title":{"rendered":"Viedma ya cuenta con nuevo Albergue Deportivo Municipal"},"content":{"rendered":"\n<p>En el marco del 50\u00b0 aniversario de la Capitalidad, el intendente de Viedma Pedro Pesatti, presidi\u00f3 el acto en el que qued\u00f3 inaugurada la obra del Albergue Deportivo Municipal, que se encuentra anexado a la Escuela de Canotaje viedmense, en Costanera Norte.<\/p>\n\n\n\n<p>El Intendente Pesatti agradeci\u00f3 al gobierno Nacional por el aporte para las obras y resalt\u00f3 que \u201csin el apoyo del Ministerio de Turismo de la Naci\u00f3n esta obra no la hubi\u00e9ramos podido concretar, as\u00ed como otras obras en las que aportaron como el camping de la Lober\u00eda, la jerarquizaci\u00f3n de las Fiestas del R\u00edo y del Mar y nos acompa\u00f1aron con equipamiento\u201d.<\/p>\n\n\n\n<p>\u201cEl deporte es para nosotros una pol\u00edtica p\u00fablica central y este fue el gobierno municipal que m\u00e1s presupuesto destino al \u00e1rea de deportes en los \u00faltimos 30 a\u00f1os, sobre todo para el deporte comunitario pol\u00edticas que tienen que ver con la presencia del Estado, fundamentales para ense\u00f1ar a compartir, a trabajar en equipo, a respetar reglas y normas\u201d agreg\u00f3 el Intendente.<\/p>\n\n\n\n<p>El intendente adem\u00e1s mencion\u00f3 que a fin de mes se aproxima la inauguraci\u00f3n del Centro de Desarrollo Infantil y por \u00faltimo mencion\u00f3 que \u201cen estos tiempos que corren, quienes estamos del lado del Estado no compartimos ideas que se encuentran dando vueltas, que tienen que ver con algunas miradas respecto al pa\u00eds y que creemos que podr\u00edan llevar a la Argentina a una situaci\u00f3n mucho m\u00e1s grave que la que tenemos hoy\u00bb, y afirm\u00f3 que \u00abnada se mejora partiendo de destruir lo que tenemos, se trata de mejorar desde una mirada constructiva, no destruyendo ni talando con una motosierra lo que hicimos\u201d.<\/p>\n\n\n\n<p>Al respecto el Subsecretario de Deportes de la Naci\u00f3n, Sergio Palmas, que lleg\u00f3 a la ciudad para participar del acto, agradeci\u00f3 al Intendente y todo su equipo por la invitaci\u00f3n y remarc\u00f3 que las relaciones humanas en el \u00e1mbito p\u00fablico y privado son fundamentales para llevar a cabo estas obras \u201cmuchas veces se habla de que el estado no resuelve y que todo es mejor en el sector privado, pero la realidad es que las relaciones son conjuntas y cuando aparece el Estado y el sector privado, aparecen tambi\u00e9n las obras para la comunidad, que generan empleo que moviliza la econom\u00eda y que re\u00fane un beneficio para los deportistas de Viedma, y es importante poner en valor esto\u201d<\/p>\n\n\n\n<p>El Albergue Deportivo Municipal cuenta con capacidad para alojar alrededor de 40 personas, en planta baja con hall de acceso y escalera, cocina, sanitarios, sal\u00f3n de usos m\u00faltiples, dep\u00f3sito y guarder\u00eda de embarcaciones. En la planta alta, cuatro dormitorios para cinco camas cuchetas y cuatro sanitarios con acceso desde los dormitorios.<\/p>\n\n\n\n<p>El Secretario de Turismo, Cultura y Deportes, Juan Gorosito agradeci\u00f3 al Gobierno Nacional, habl\u00f3 sobre el orgullo de poder llevar adelante esta obra y dijo que \u201ces un d\u00eda muy importante para todo nosotros, inaugurar una obra como estas nos ha costado mucho y esta obra les puedo asegurar que es mejor que el render que nos mostr\u00f3 Gast\u00f3n Renda cuando la planific\u00f3 y quiero agradecer a la empresa que llev\u00f3 adelante este nuevo espacio de primer\u00edsima calidad\u201d<\/p>\n\n\n\n<p>\u201cEs una albergue que est\u00e1 en el lugar indicado, por su cercan\u00eda a la pista de atletismo, al lado de la pileta de nataci\u00f3n del Instituto, de los dos gimnasios municipal, el Instituto de Educaci\u00f3n F\u00edsica, la cancha de hockey y vamos a tener si las urnas as\u00ed lo indican un Gobierno Nacional que seguramente va a estar acompa\u00f1ando este tipo de inversi\u00f3n p\u00fablica.<\/p>\n\n\n\n<p>La inauguraci\u00f3n cont\u00f3 adem\u00e1s con la presencia del Director de Clubes de Naci\u00f3n Francisco Chiban, la Presidenta del Concejo Deliberante, Maricel Cevoli, el jefe de gabinete, Marcos Castro, y el Padre Luis Garcia, que dio su bendici\u00f3n al nuevo espacio viedmense.<\/p>\n\n\n\n<p>Acompa\u00f1aron la inauguraci\u00f3n legisladores, funcionarios provinciales y municipales, miembros del sector privado, deportistas y p\u00fablico en general.<\/p>\n\n\n\n<figure class=\"wp-block-gallery has-nested-images columns-default is-cropped wp-block-gallery-1 is-layout-flex wp-block-gallery-is-layout-flex\">\n<figure class=\"wp-block-image size-large\"><img fetchpriority=\"high\" decoding=\"async\" width=\"1024\" height=\"683\" data-id=\"36138\" src=\"https:\/\/www.elpolitologoyelpolitico.com.ar\/wp-content\/uploads\/2023\/11\/IMG-20231114-WA0009-1024x683.jpg\" alt=\"\" class=\"wp-image-36138\" srcset=\"https:\/\/www.elpolitologoyelpolitico.com.ar\/wp-content\/uploads\/2023\/11\/IMG-20231114-WA0009-1024x683.jpg 1024w, https:\/\/www.elpolitologoyelpolitico.com.ar\/wp-content\/uploads\/2023\/11\/IMG-20231114-WA0009-300x200.jpg 300w, https:\/\/www.elpolitologoyelpolitico.com.ar\/wp-content\/uploads\/2023\/11\/IMG-20231114-WA0009-768x512.jpg 768w, https:\/\/www.elpolitologoyelpolitico.com.ar\/wp-content\/uploads\/2023\/11\/IMG-20231114-WA0009.jpg 1080w\" sizes=\"(max-width: 1024px) 100vw, 1024px\" \/><\/figure>\n\n\n\n<figure class=\"wp-block-image size-large\"><img decoding=\"async\" width=\"1024\" height=\"683\" data-id=\"36139\" src=\"https:\/\/www.elpolitologoyelpolitico.com.ar\/wp-content\/uploads\/2023\/11\/IMG-20231114-WA0011-1024x683.jpg\" alt=\"\" class=\"wp-image-36139\" srcset=\"https:\/\/www.elpolitologoyelpolitico.com.ar\/wp-content\/uploads\/2023\/11\/IMG-20231114-WA0011-1024x683.jpg 1024w, https:\/\/www.elpolitologoyelpolitico.com.ar\/wp-content\/uploads\/2023\/11\/IMG-20231114-WA0011-300x200.jpg 300w, https:\/\/www.elpolitologoyelpolitico.com.ar\/wp-content\/uploads\/2023\/11\/IMG-20231114-WA0011-768x512.jpg 768w, https:\/\/www.elpolitologoyelpolitico.com.ar\/wp-content\/uploads\/2023\/11\/IMG-20231114-WA0011.jpg 1080w\" sizes=\"(max-width: 1024px) 100vw, 1024px\" \/><\/figure>\n\n\n\n<figure class=\"wp-block-image size-large\"><img decoding=\"async\" width=\"1024\" height=\"683\" data-id=\"36140\" src=\"https:\/\/www.elpolitologoyelpolitico.com.ar\/wp-content\/uploads\/2023\/11\/IMG-20231114-WA0014-1024x683.jpg\" alt=\"\" class=\"wp-image-36140\" srcset=\"https:\/\/www.elpolitologoyelpolitico.com.ar\/wp-content\/uploads\/2023\/11\/IMG-20231114-WA0014-1024x683.jpg 1024w, https:\/\/www.elpolitologoyelpolitico.com.ar\/wp-content\/uploads\/2023\/11\/IMG-20231114-WA0014-300x200.jpg 300w, https:\/\/www.elpolitologoyelpolitico.com.ar\/wp-content\/uploads\/2023\/11\/IMG-20231114-WA0014-768x512.jpg 768w, https:\/\/www.elpolitologoyelpolitico.com.ar\/wp-content\/uploads\/2023\/11\/IMG-20231114-WA0014.jpg 1080w\" sizes=\"(max-width: 1024px) 100vw, 1024px\" \/><\/figure>\n\n\n\n<figure class=\"wp-block-image size-large\"><img loading=\"lazy\" decoding=\"async\" width=\"1024\" height=\"683\" data-id=\"36141\" src=\"https:\/\/www.elpolitologoyelpolitico.com.ar\/wp-content\/uploads\/2023\/11\/IMG-20231114-WA0012-1024x683.jpg\" alt=\"\" class=\"wp-image-36141\" srcset=\"https:\/\/www.elpolitologoyelpolitico.com.ar\/wp-content\/uploads\/2023\/11\/IMG-20231114-WA0012-1024x683.jpg 1024w, https:\/\/www.elpolitologoyelpolitico.com.ar\/wp-content\/uploads\/2023\/11\/IMG-20231114-WA0012-300x200.jpg 300w, https:\/\/www.elpolitologoyelpolitico.com.ar\/wp-content\/uploads\/2023\/11\/IMG-20231114-WA0012-768x512.jpg 768w, https:\/\/www.elpolitologoyelpolitico.com.ar\/wp-content\/uploads\/2023\/11\/IMG-20231114-WA0012.jpg 1080w\" sizes=\"(max-width: 1024px) 100vw, 1024px\" \/><\/figure>\n\n\n\n<figure class=\"wp-block-image size-large\"><img loading=\"lazy\" decoding=\"async\" width=\"1024\" height=\"683\" data-id=\"36142\" src=\"https:\/\/www.elpolitologoyelpolitico.com.ar\/wp-content\/uploads\/2023\/11\/IMG-20231114-WA0013-1024x683.jpg\" alt=\"\" class=\"wp-image-36142\" srcset=\"https:\/\/www.elpolitologoyelpolitico.com.ar\/wp-content\/uploads\/2023\/11\/IMG-20231114-WA0013-1024x683.jpg 1024w, https:\/\/www.elpolitologoyelpolitico.com.ar\/wp-content\/uploads\/2023\/11\/IMG-20231114-WA0013-300x200.jpg 300w, https:\/\/www.elpolitologoyelpolitico.com.ar\/wp-content\/uploads\/2023\/11\/IMG-20231114-WA0013-768x512.jpg 768w, https:\/\/www.elpolitologoyelpolitico.com.ar\/wp-content\/uploads\/2023\/11\/IMG-20231114-WA0013.jpg 1080w\" sizes=\"(max-width: 1024px) 100vw, 1024px\" \/><\/figure>\n<\/figure>\n<div class=\"fb-background-color\">\n\t\t\t  <div \n\t\t\t  \tclass = \"fb-comments\" \n\t\t\t  \tdata-href = \"https:\/\/www.elpolitologoyelpolitico.com.ar\/wordpress\/2023\/11\/14\/viedma-ya-cuenta-con-nuevo-albergue-deportivo-municipal\/\"\n\t\t\t  \tdata-numposts = \"10\"\n\t\t\t  \tdata-lazy = \"true\"\n\t\t\t\tdata-colorscheme = \"light\"\n\t\t\t\tdata-order-by = \"social\"\n\t\t\t\tdata-mobile=true>\n\t\t\t  <\/div><\/div>\n\t\t  <style>\n\t\t    .fb-background-color {\n\t\t\t\tbackground: #ffffff !important;\n\t\t\t}\n\t\t\t.fb_iframe_widget_fluid_desktop iframe {\n\t\t\t    width: 100% !important;\n\t\t\t}\n\t\t  <\/style>\n\t\t  ","protected":false},"excerpt":{"rendered":"<p>En el marco del 50\u00b0 aniversario de la Capitalidad, el intendente de Viedma Pedro Pesatti, presidi\u00f3 el acto en el que qued\u00f3 inaugurada la obra del Albergue Deportivo Municipal, que se encuentra anexado a la Escuela de Canotaje viedmense, en Costanera Norte. El Intendente Pesatti agradeci\u00f3 al gobierno Nacional por el aporte para las obras [&hellip;]<\/p>\n","protected":false},"author":4,"featured_media":36137,"comment_status":"closed","ping_status":"closed","sticky":false,"template":"","format":"standard","meta":{"_joinchat":[],"footnotes":""},"categories":[4],"tags":[],"class_list":["post-36136","post","type-post","status-publish","format-standard","has-post-thumbnail","hentry","category-politicas-publicas"],"_links":{"self":[{"href":"https:\/\/www.elpolitologoyelpolitico.com.ar\/wordpress\/wp-json\/wp\/v2\/posts\/36136","targetHints":{"allow":["GET"]}}],"collection":[{"href":"https:\/\/www.elpolitologoyelpolitico.com.ar\/wordpress\/wp-json\/wp\/v2\/posts"}],"about":[{"href":"https:\/\/www.elpolitologoyelpolitico.com.ar\/wordpress\/wp-json\/wp\/v2\/types\/post"}],"author":[{"embeddable":true,"href":"https:\/\/www.elpolitologoyelpolitico.com.ar\/wordpress\/wp-json\/wp\/v2\/users\/4"}],"replies":[{"embeddable":true,"href":"https:\/\/www.elpolitologoyelpolitico.com.ar\/wordpress\/wp-json\/wp\/v2\/comments?post=36136"}],"version-history":[{"count":1,"href":"https:\/\/www.elpolitologoyelpolitico.com.ar\/wordpress\/wp-json\/wp\/v2\/posts\/36136\/revisions"}],"predecessor-version":[{"id":36143,"href":"https:\/\/www.elpolitologoyelpolitico.com.ar\/wordpress\/wp-json\/wp\/v2\/posts\/36136\/revisions\/36143"}],"wp:featuredmedia":[{"embeddable":true,"href":"https:\/\/www.elpolitologoyelpolitico.com.ar\/wordpress\/wp-json\/wp\/v2\/media\/36137"}],"wp:attachment":[{"href":"https:\/\/www.elpolitologoyelpolitico.com.ar\/wordpress\/wp-json\/wp\/v2\/media?parent=36136"}],"wp:term":[{"taxonomy":"category","embeddable":true,"href":"https:\/\/www.elpolitologoyelpolitico.com.ar\/wordpress\/wp-json\/wp\/v2\/categories?post=36136"},{"taxonomy":"post_tag","embeddable":true,"href":"https:\/\/www.elpolitologoyelpolitico.com.ar\/wordpress\/wp-json\/wp\/v2\/tags?post=36136"}],"curies":[{"name":"wp","href":"https:\/\/api.w.org\/{rel}","templated":true}]}}