{"id":36125,"date":"2023-11-14T00:18:09","date_gmt":"2023-11-14T03:18:09","guid":{"rendered":"https:\/\/www.elpolitologoyelpolitico.com.ar\/wordpress\/?p=36125"},"modified":"2023-11-14T00:18:10","modified_gmt":"2023-11-14T03:18:10","slug":"quedaron-inaugurados-los-juegos-de-la-araucania-2023","status":"publish","type":"post","link":"https:\/\/www.elpolitologoyelpolitico.com.ar\/wordpress\/2023\/11\/14\/quedaron-inaugurados-los-juegos-de-la-araucania-2023\/","title":{"rendered":"Quedaron inaugurados los Juegos de la Araucan\u00eda 2023"},"content":{"rendered":"\n<p>El Polideportivo \u00abCayetano Arias\u00bb de Viedma vivi\u00f3 una nueva fiesta del deporte con la inauguraci\u00f3n de la 30\u00ba edici\u00f3n de los Juegos Binacionales de la Araucan\u00eda.<\/p>\n\n\n\n<p>La Gobernadora Arabela Carreras encabez\u00f3 la tradicional ceremonia, acompa\u00f1ada por las delegaciones de Argentina y Chile que estar\u00e1n protagonizando las diferentes disciplinas.<\/p>\n\n\n\n<p>Participaron del acto el Vicegobernador Alejandro Palmieri; el subsecretario de Infraestructura Deportiva y Competencias Nacionales de Naci\u00f3n, Sergio Palmas; el subsecretario de Deporte Comunitario de R\u00edo Negro, Dardo Echepare; el secretario de Deporte de Tierra del Fuego, Carlos Turd\u00f3; y el presidente de Chubut Deportes, Gustavo Hern\u00e1ndez. Por parte de Chile, estuvieron los referentes de Alto Rendimiento de la Direcci\u00f3n Regional del Instituto Nacional de Deportes de Chile, Regi\u00f3n Nuble, Pietro Andr\u00e9s Roa BrionesS y de Alto Rendimiento de Deporte Competitivo de Chile, Regi\u00f3n Los R\u00edos, Claudio Alejandro Calder\u00f3n V\u00e1squez.<\/p>\n\n\n\n<p>Se realizaron actos de apertura de manera simult\u00e1nea en Viedma, San Carlos de Bariloche, Cipolletti y Choele Choel.<\/p>\n\n\n\n<p>Estas fueron las sedes rionegrinas elegidas para que los m\u00e1s de 2000 atletas seleccionados de ambos pa\u00edses se desempe\u00f1en en b\u00e1squet, f\u00fatbol, v\u00f3ley, judo, ciclismo, atletismo y nataci\u00f3n.<\/p>\n\n\n\n<p>La Gobernadora les dio la bienvenida a la provincia a las delegaciones de atletas y expres\u00f3 que ellas y ellos \u00abrepresentan a todos las chicas y chicos que est\u00e1n en las otras localidades, inaugurando estos juegos, que son el orgullo de Argentina y de Chile.\u00bb<\/p>\n\n\n\n<p>\u00abEstamos felices, por el esfuerzo y la superaci\u00f3n de cada uno, compitiendo, mejorando y siendo mejores deportistas. En la alegr\u00eda de cada uno y cada una de ustedes se refleja el esfuerzo de los equipos, de los gobiernos locales y de los padres, madres y las familias. Para nosotros, es un honor y un orgullo, no solo por lo deportivo, sino tambi\u00e9n por lo que significa la uni\u00f3n de toda la Patagonia argentina y chilena, compartiendo y compitiendo en un destino com\u00fan\u00bb, agreg\u00f3 la Mandataria.<\/p>\n\n\n\n<p>El Subsecretario, Sergio Palma, agradeci\u00f3 a la Gobernadora Carrera y al equipo de R\u00edo Negro \u00abque ha hecho posible la realizaci\u00f3n de estos juegos en cuatro sedes en simultaneo, con los deportistas y las familias\u201d.<\/p>\n\n\n\n<p>\u201cDesde el Estado Nacional nos hemos puesto el desaf\u00edo de poner el deporte con la vara m\u00e1s alta, hemos apostado por los juegos en el interior del pa\u00eds, acompa\u00f1ando a los deportes en la Patagonia. Hemos incorporado al calendario nacional el acompa\u00f1amiento de todas estas instancias previas al alto rendimiento\u201d, agreg\u00f3.<\/p>\n\n\n\n<p>Por el lado de Argentina, participar\u00e1n j\u00f3venes de R\u00edo Negro, La Pampa, Chubut, Santa Cruz, Neuqu\u00e9n y Tierra del Fuego; y por Chile habr\u00e1n representantes de Ays\u00e9n, Magallanes, Los R\u00edos, Los Lagos, B\u00edo B\u00edo, La Araucan\u00eda y \u00d1uble.<\/p>\n\n\n\n<p>Al respecto, el Subsecretario Etchepare destac\u00f3 el trabajo realizado desde la cartera de Deportes para organizar este evento y cont\u00f3 que \u201cestamos orgullosos de estar representando, de ser anfitriones y de estar inaugurando las disciplinas\u00bb.<\/p>\n\n\n\n<p>\u00abLa provincia est\u00e1 de fiesta. Ser anfitriones es un orgullo que tenemos que defender y poner en alto. Hemos hecho un gran trabajo desde lo deportivo federado y comunitario para terminar cerrando con esto que es muy lindo\u201d, dijo.<\/p>\n\n\n\n<p>R\u00edo Negro es la provincia con m\u00e1s t\u00edtulos conseguidos, con 13. Gan\u00f3 5 de las ultimas 6 ediciones, lo que los convierte en los grandes favoritos del certamen. Adem\u00e1s, ha quedado 12 veces entre el 2do y el 3er puesto, logrando as\u00ed un record de 25 podios.<\/p>\n\n\n\n<p>Estuvieron presentes acompa\u00f1ando a la Gobernadora, los ministros de Jefatura de Gabinete, Pablo Z\u00facaro; de Gobierno y Comunidad, Mariano Ferrari; de Desarrollo Humano y Articulaci\u00f3n Solidaria, Luciana de la Fuente y de Econom\u00eda, Luis Vaisberg. Tambien acompa\u00f1aron el secretario general de la Gobernaci\u00f3n, Ramiro Vivanco,y el subsecretario de Deportes del Municipio de Viedma, Marcelo Barra.<\/p>\n\n\n\n<p>Participaron tambi\u00e9n el Jefe del Departamento de Actividades F\u00edsicas, Bio Bio, Hern\u00e1n Sep\u00falveda Rubilar, y de la Regi\u00f3n Araucan\u00eda, Marco Cisterna Sald\u00edas; y los legisladores Marcelo Szczygol, Fabio Sosa y Graciela\u00a0Valdebenito.<\/p>\n\n\n\n<figure class=\"wp-block-gallery has-nested-images columns-default is-cropped wp-block-gallery-1 is-layout-flex wp-block-gallery-is-layout-flex\">\n<figure class=\"wp-block-image size-large\"><img fetchpriority=\"high\" decoding=\"async\" width=\"1024\" height=\"682\" data-id=\"36127\" src=\"https:\/\/www.elpolitologoyelpolitico.com.ar\/wp-content\/uploads\/2023\/11\/IMG-20231113-WA0060-1024x682.jpg\" alt=\"\" class=\"wp-image-36127\" srcset=\"https:\/\/www.elpolitologoyelpolitico.com.ar\/wp-content\/uploads\/2023\/11\/IMG-20231113-WA0060-1024x682.jpg 1024w, https:\/\/www.elpolitologoyelpolitico.com.ar\/wp-content\/uploads\/2023\/11\/IMG-20231113-WA0060-300x200.jpg 300w, https:\/\/www.elpolitologoyelpolitico.com.ar\/wp-content\/uploads\/2023\/11\/IMG-20231113-WA0060-768x512.jpg 768w, https:\/\/www.elpolitologoyelpolitico.com.ar\/wp-content\/uploads\/2023\/11\/IMG-20231113-WA0060.jpg 1280w\" sizes=\"(max-width: 1024px) 100vw, 1024px\" \/><\/figure>\n\n\n\n<figure class=\"wp-block-image size-large\"><img decoding=\"async\" width=\"1024\" height=\"682\" data-id=\"36128\" src=\"https:\/\/www.elpolitologoyelpolitico.com.ar\/wp-content\/uploads\/2023\/11\/IMG-20231113-WA0063-1024x682.jpg\" alt=\"\" class=\"wp-image-36128\" srcset=\"https:\/\/www.elpolitologoyelpolitico.com.ar\/wp-content\/uploads\/2023\/11\/IMG-20231113-WA0063-1024x682.jpg 1024w, https:\/\/www.elpolitologoyelpolitico.com.ar\/wp-content\/uploads\/2023\/11\/IMG-20231113-WA0063-300x200.jpg 300w, https:\/\/www.elpolitologoyelpolitico.com.ar\/wp-content\/uploads\/2023\/11\/IMG-20231113-WA0063-768x512.jpg 768w, https:\/\/www.elpolitologoyelpolitico.com.ar\/wp-content\/uploads\/2023\/11\/IMG-20231113-WA0063.jpg 1280w\" sizes=\"(max-width: 1024px) 100vw, 1024px\" \/><\/figure>\n<\/figure>\n<div class=\"fb-background-color\">\n\t\t\t  <div \n\t\t\t  \tclass = \"fb-comments\" \n\t\t\t  \tdata-href = \"https:\/\/www.elpolitologoyelpolitico.com.ar\/wordpress\/2023\/11\/14\/quedaron-inaugurados-los-juegos-de-la-araucania-2023\/\"\n\t\t\t  \tdata-numposts = \"10\"\n\t\t\t  \tdata-lazy = \"true\"\n\t\t\t\tdata-colorscheme = \"light\"\n\t\t\t\tdata-order-by = \"social\"\n\t\t\t\tdata-mobile=true>\n\t\t\t  <\/div><\/div>\n\t\t  <style>\n\t\t    .fb-background-color {\n\t\t\t\tbackground: #ffffff !important;\n\t\t\t}\n\t\t\t.fb_iframe_widget_fluid_desktop iframe {\n\t\t\t    width: 100% !important;\n\t\t\t}\n\t\t  <\/style>\n\t\t  ","protected":false},"excerpt":{"rendered":"<p>El Polideportivo \u00abCayetano Arias\u00bb de Viedma vivi\u00f3 una nueva fiesta del deporte con la inauguraci\u00f3n de la 30\u00ba edici\u00f3n de los Juegos Binacionales de la Araucan\u00eda. La Gobernadora Arabela Carreras encabez\u00f3 la tradicional ceremonia, acompa\u00f1ada por las delegaciones de Argentina y Chile que estar\u00e1n protagonizando las diferentes disciplinas. Participaron del acto el Vicegobernador Alejandro Palmieri; [&hellip;]<\/p>\n","protected":false},"author":4,"featured_media":36126,"comment_status":"closed","ping_status":"closed","sticky":false,"template":"","format":"standard","meta":{"_joinchat":[],"footnotes":""},"categories":[39],"tags":[],"class_list":["post-36125","post","type-post","status-publish","format-standard","has-post-thumbnail","hentry","category-en-esta-seccion"],"_links":{"self":[{"href":"https:\/\/www.elpolitologoyelpolitico.com.ar\/wordpress\/wp-json\/wp\/v2\/posts\/36125","targetHints":{"allow":["GET"]}}],"collection":[{"href":"https:\/\/www.elpolitologoyelpolitico.com.ar\/wordpress\/wp-json\/wp\/v2\/posts"}],"about":[{"href":"https:\/\/www.elpolitologoyelpolitico.com.ar\/wordpress\/wp-json\/wp\/v2\/types\/post"}],"author":[{"embeddable":true,"href":"https:\/\/www.elpolitologoyelpolitico.com.ar\/wordpress\/wp-json\/wp\/v2\/users\/4"}],"replies":[{"embeddable":true,"href":"https:\/\/www.elpolitologoyelpolitico.com.ar\/wordpress\/wp-json\/wp\/v2\/comments?post=36125"}],"version-history":[{"count":1,"href":"https:\/\/www.elpolitologoyelpolitico.com.ar\/wordpress\/wp-json\/wp\/v2\/posts\/36125\/revisions"}],"predecessor-version":[{"id":36129,"href":"https:\/\/www.elpolitologoyelpolitico.com.ar\/wordpress\/wp-json\/wp\/v2\/posts\/36125\/revisions\/36129"}],"wp:featuredmedia":[{"embeddable":true,"href":"https:\/\/www.elpolitologoyelpolitico.com.ar\/wordpress\/wp-json\/wp\/v2\/media\/36126"}],"wp:attachment":[{"href":"https:\/\/www.elpolitologoyelpolitico.com.ar\/wordpress\/wp-json\/wp\/v2\/media?parent=36125"}],"wp:term":[{"taxonomy":"category","embeddable":true,"href":"https:\/\/www.elpolitologoyelpolitico.com.ar\/wordpress\/wp-json\/wp\/v2\/categories?post=36125"},{"taxonomy":"post_tag","embeddable":true,"href":"https:\/\/www.elpolitologoyelpolitico.com.ar\/wordpress\/wp-json\/wp\/v2\/tags?post=36125"}],"curies":[{"name":"wp","href":"https:\/\/api.w.org\/{rel}","templated":true}]}}