{"id":36116,"date":"2023-11-13T23:24:50","date_gmt":"2023-11-14T02:24:50","guid":{"rendered":"https:\/\/www.elpolitologoyelpolitico.com.ar\/wordpress\/?p=36116"},"modified":"2023-11-13T23:24:51","modified_gmt":"2023-11-14T02:24:51","slug":"viedma-manana-comienza-la-feria-del-libro-ambiental-en-el-centro-municipal-de-cultura","status":"publish","type":"post","link":"https:\/\/www.elpolitologoyelpolitico.com.ar\/wordpress\/2023\/11\/13\/viedma-manana-comienza-la-feria-del-libro-ambiental-en-el-centro-municipal-de-cultura\/","title":{"rendered":"VIEDMA: Ma\u00f1ana Comienza la Feria del Libro Ambiental en el Centro Municipal de Cultura"},"content":{"rendered":"\n<p>El 14 y 15 de noviembre de 9 a 20 en el Centro Municipal de Cultura se desarrollar\u00e1 la Feria del Libro Ambiental 2023 (FLA) con entrada libre y gratuita.<\/p>\n\n\n\n<p>La FLA cuenta con el acompa\u00f1amiento del Gobierno de Viedma y es un encuentro de editoriales, lectoras\/es y activistas ambientales con el objetivo de promover producciones literarias vinculadas al ambiente y la finalidad de abrir un espacio para la reflexi\u00f3n y el debate sobre la cuesti\u00f3n ambiental.<\/p>\n\n\n\n<p>Esta edici\u00f3n estar\u00e1 orientada al p\u00fablico estudiantil de escuelas primarias y secundarias, tambi\u00e9n se realizar\u00e1n proyecciones audiovisuales, charlas, talleres de huerta y comunicaci\u00f3n, trivias y juegos que permitan a las y los estudiantes el acceso a conocimientos de forma interactiva y participativa.<\/p>\n\n\n\n<p>Habr\u00e1 tambi\u00e9n un espacio para el p\u00fablico en general que contar\u00e1 con la presentaci\u00f3n de libros, exposici\u00f3n de autores\/as, m\u00fasica en vivo, poes\u00eda y, por supuesto, stands de editoriales.<\/p>\n\n\n\n<p>La FLA tuvo su primera edici\u00f3n en la Ciudad de Buenos Aires, en septiembre de 2023 y busca ser una feria itinerante que permita reunir a diversos actores en la reflexi\u00f3n en torno a la cuesti\u00f3n ambiental en las distintas localidades y provincias argentinas.<\/p>\n\n\n\n<p>Para m\u00e1s informaci\u00f3n pueden ingresar a nuestro Instagram @feriadellibroambiental donde van a poder ver la programaci\u00f3n completa y, en caso de estar interesados\/as en participar con un stand de editorial, como artista o emprendedor\/a, pueden completar el formulario que se encuentra en el link de la biograf\u00eda.<\/p>\n\n\n\n<p>Para obtener m\u00e1s informaci\u00f3n sobre el evento pueden contactarse con feriadellibroambiental@gmail.com o al n\u00famero 11-3017-6349 (Marita).<\/p>\n\n\n\n<p><\/p>\n\n\n\n<figure class=\"wp-block-gallery has-nested-images columns-default is-cropped wp-block-gallery-1 is-layout-flex wp-block-gallery-is-layout-flex\">\n<figure class=\"wp-block-image size-large\"><img fetchpriority=\"high\" decoding=\"async\" width=\"768\" height=\"1024\" data-id=\"36119\" src=\"https:\/\/www.elpolitologoyelpolitico.com.ar\/wp-content\/uploads\/2023\/11\/IMG-20231113-WA0057-768x1024.jpg\" alt=\"\" class=\"wp-image-36119\" srcset=\"https:\/\/www.elpolitologoyelpolitico.com.ar\/wp-content\/uploads\/2023\/11\/IMG-20231113-WA0057-768x1024.jpg 768w, https:\/\/www.elpolitologoyelpolitico.com.ar\/wp-content\/uploads\/2023\/11\/IMG-20231113-WA0057-225x300.jpg 225w, https:\/\/www.elpolitologoyelpolitico.com.ar\/wp-content\/uploads\/2023\/11\/IMG-20231113-WA0057.jpg 1080w\" sizes=\"(max-width: 768px) 100vw, 768px\" \/><\/figure>\n\n\n\n<figure class=\"wp-block-image size-large\"><img decoding=\"async\" width=\"1024\" height=\"1024\" data-id=\"36118\" src=\"https:\/\/www.elpolitologoyelpolitico.com.ar\/wp-content\/uploads\/2023\/11\/IMG-20231113-WA0056-1024x1024.jpg\" alt=\"\" class=\"wp-image-36118\" srcset=\"https:\/\/www.elpolitologoyelpolitico.com.ar\/wp-content\/uploads\/2023\/11\/IMG-20231113-WA0056-1024x1024.jpg 1024w, https:\/\/www.elpolitologoyelpolitico.com.ar\/wp-content\/uploads\/2023\/11\/IMG-20231113-WA0056-300x300.jpg 300w, https:\/\/www.elpolitologoyelpolitico.com.ar\/wp-content\/uploads\/2023\/11\/IMG-20231113-WA0056-150x150.jpg 150w, https:\/\/www.elpolitologoyelpolitico.com.ar\/wp-content\/uploads\/2023\/11\/IMG-20231113-WA0056-768x768.jpg 768w, https:\/\/www.elpolitologoyelpolitico.com.ar\/wp-content\/uploads\/2023\/11\/IMG-20231113-WA0056.jpg 1080w\" sizes=\"(max-width: 1024px) 100vw, 1024px\" \/><\/figure>\n<\/figure>\n<div class=\"fb-background-color\">\n\t\t\t  <div \n\t\t\t  \tclass = \"fb-comments\" \n\t\t\t  \tdata-href = \"https:\/\/www.elpolitologoyelpolitico.com.ar\/wordpress\/2023\/11\/13\/viedma-manana-comienza-la-feria-del-libro-ambiental-en-el-centro-municipal-de-cultura\/\"\n\t\t\t  \tdata-numposts = \"10\"\n\t\t\t  \tdata-lazy = \"true\"\n\t\t\t\tdata-colorscheme = \"light\"\n\t\t\t\tdata-order-by = \"social\"\n\t\t\t\tdata-mobile=true>\n\t\t\t  <\/div><\/div>\n\t\t  <style>\n\t\t    .fb-background-color {\n\t\t\t\tbackground: #ffffff !important;\n\t\t\t}\n\t\t\t.fb_iframe_widget_fluid_desktop iframe {\n\t\t\t    width: 100% !important;\n\t\t\t}\n\t\t  <\/style>\n\t\t  ","protected":false},"excerpt":{"rendered":"<p>El 14 y 15 de noviembre de 9 a 20 en el Centro Municipal de Cultura se desarrollar\u00e1 la Feria del Libro Ambiental 2023 (FLA) con entrada libre y gratuita. La FLA cuenta con el acompa\u00f1amiento del Gobierno de Viedma y es un encuentro de editoriales, lectoras\/es y activistas ambientales con el objetivo de promover [&hellip;]<\/p>\n","protected":false},"author":4,"featured_media":36117,"comment_status":"closed","ping_status":"closed","sticky":false,"template":"","format":"standard","meta":{"_joinchat":[],"footnotes":""},"categories":[39],"tags":[],"class_list":["post-36116","post","type-post","status-publish","format-standard","has-post-thumbnail","hentry","category-en-esta-seccion"],"_links":{"self":[{"href":"https:\/\/www.elpolitologoyelpolitico.com.ar\/wordpress\/wp-json\/wp\/v2\/posts\/36116","targetHints":{"allow":["GET"]}}],"collection":[{"href":"https:\/\/www.elpolitologoyelpolitico.com.ar\/wordpress\/wp-json\/wp\/v2\/posts"}],"about":[{"href":"https:\/\/www.elpolitologoyelpolitico.com.ar\/wordpress\/wp-json\/wp\/v2\/types\/post"}],"author":[{"embeddable":true,"href":"https:\/\/www.elpolitologoyelpolitico.com.ar\/wordpress\/wp-json\/wp\/v2\/users\/4"}],"replies":[{"embeddable":true,"href":"https:\/\/www.elpolitologoyelpolitico.com.ar\/wordpress\/wp-json\/wp\/v2\/comments?post=36116"}],"version-history":[{"count":1,"href":"https:\/\/www.elpolitologoyelpolitico.com.ar\/wordpress\/wp-json\/wp\/v2\/posts\/36116\/revisions"}],"predecessor-version":[{"id":36120,"href":"https:\/\/www.elpolitologoyelpolitico.com.ar\/wordpress\/wp-json\/wp\/v2\/posts\/36116\/revisions\/36120"}],"wp:featuredmedia":[{"embeddable":true,"href":"https:\/\/www.elpolitologoyelpolitico.com.ar\/wordpress\/wp-json\/wp\/v2\/media\/36117"}],"wp:attachment":[{"href":"https:\/\/www.elpolitologoyelpolitico.com.ar\/wordpress\/wp-json\/wp\/v2\/media?parent=36116"}],"wp:term":[{"taxonomy":"category","embeddable":true,"href":"https:\/\/www.elpolitologoyelpolitico.com.ar\/wordpress\/wp-json\/wp\/v2\/categories?post=36116"},{"taxonomy":"post_tag","embeddable":true,"href":"https:\/\/www.elpolitologoyelpolitico.com.ar\/wordpress\/wp-json\/wp\/v2\/tags?post=36116"}],"curies":[{"name":"wp","href":"https:\/\/api.w.org\/{rel}","templated":true}]}}