{"id":36111,"date":"2023-11-13T17:26:54","date_gmt":"2023-11-13T20:26:54","guid":{"rendered":"https:\/\/www.elpolitologoyelpolitico.com.ar\/wordpress\/?p=36111"},"modified":"2023-11-13T17:26:55","modified_gmt":"2023-11-13T20:26:55","slug":"manana-sesiona-el-concejo-deliberante-de-viedma-para-tratar-el-presupuesto-2024-y-la-primera-vuelta-de-la-tarifaria","status":"publish","type":"post","link":"https:\/\/www.elpolitologoyelpolitico.com.ar\/wordpress\/2023\/11\/13\/manana-sesiona-el-concejo-deliberante-de-viedma-para-tratar-el-presupuesto-2024-y-la-primera-vuelta-de-la-tarifaria\/","title":{"rendered":"Ma\u00f1ana sesiona el Concejo Deliberante de Viedma para tratar el Presupuesto 2024 y la primera vuelta de la Tarifaria"},"content":{"rendered":"\n<p>El Deliberante de Viedma sesionar\u00e1 ma\u00f1ana martes, a las 14.30, para tratar el Presupuesto 2024 y la primera vuelta de la Tarifaria. Adem\u00e1s, brindar\u00e1 su informe de gesti\u00f3n el Defensor del Pueblo, Mar\u00edn Perez Morando.<\/p>\n\n\n\n<p>El proyecto del Presupuesto para el pr\u00f3ximo a\u00f1o, que prev\u00e9 recursos de la administraci\u00f3n municipal por $18.611.398.098, fue tratado nuevamente en la Comisi\u00f3n de Desarrollo Econ\u00f3mico y recibi\u00f3 dictamen por parte de los concejales y las concejalas. Tambi\u00e9n se analiz\u00f3 y dictamin\u00f3 sobre la Tarifaria y otros expedientes relacionadas con la tem\u00e1tica.<\/p>\n\n\n\n<p>Este presupuesto, basado en los criterios de previsibilidad, justicia, realismo, innovaci\u00f3n y modernizaci\u00f3n del Estado, tiene objetivos y metas concretas orientados al logro de resultados, centrados en una visi\u00f3n de desarrollo para el presente y futuro, siempre dando continuidad a los principios basados en los derechos, la equidad y la sostenibilidad social y ambiental.<\/p>\n\n\n\n<p>Informe del Defensor del Pueblo<\/p>\n\n\n\n<p>&nbsp;<br>En esta oportunidad,&nbsp;<br>primero habr\u00e1 una Sesi\u00f3n Especial donde brindar\u00e1 su&nbsp;informe&nbsp;de gesti\u00f3n el Defensor del Pueblo Municipal, Mar\u00edn Perez Morando. Se trata de su primer informe, ya que asumi\u00f3, luego de un proceso de entrevistas y elecci\u00f3n realizado por el Concejo Deliberante, el 25 de octubre de 2022.<\/p>\n\n\n\n<p>All\u00ed expondr\u00e1 los principales ejes de su gesti\u00f3n, objetivos y logros obtenidos.<\/p>\n<div class=\"fb-background-color\">\n\t\t\t  <div \n\t\t\t  \tclass = \"fb-comments\" \n\t\t\t  \tdata-href = \"https:\/\/www.elpolitologoyelpolitico.com.ar\/wordpress\/2023\/11\/13\/manana-sesiona-el-concejo-deliberante-de-viedma-para-tratar-el-presupuesto-2024-y-la-primera-vuelta-de-la-tarifaria\/\"\n\t\t\t  \tdata-numposts = \"10\"\n\t\t\t  \tdata-lazy = \"true\"\n\t\t\t\tdata-colorscheme = \"light\"\n\t\t\t\tdata-order-by = \"social\"\n\t\t\t\tdata-mobile=true>\n\t\t\t  <\/div><\/div>\n\t\t  <style>\n\t\t    .fb-background-color {\n\t\t\t\tbackground: #ffffff !important;\n\t\t\t}\n\t\t\t.fb_iframe_widget_fluid_desktop iframe {\n\t\t\t    width: 100% !important;\n\t\t\t}\n\t\t  <\/style>\n\t\t  ","protected":false},"excerpt":{"rendered":"<p>El Deliberante de Viedma sesionar\u00e1 ma\u00f1ana martes, a las 14.30, para tratar el Presupuesto 2024 y la primera vuelta de la Tarifaria. Adem\u00e1s, brindar\u00e1 su informe de gesti\u00f3n el Defensor del Pueblo, Mar\u00edn Perez Morando. El proyecto del Presupuesto para el pr\u00f3ximo a\u00f1o, que prev\u00e9 recursos de la administraci\u00f3n municipal por $18.611.398.098, fue tratado nuevamente [&hellip;]<\/p>\n","protected":false},"author":4,"featured_media":36112,"comment_status":"closed","ping_status":"closed","sticky":false,"template":"","format":"standard","meta":{"_joinchat":[],"footnotes":""},"categories":[39],"tags":[],"class_list":["post-36111","post","type-post","status-publish","format-standard","has-post-thumbnail","hentry","category-en-esta-seccion"],"_links":{"self":[{"href":"https:\/\/www.elpolitologoyelpolitico.com.ar\/wordpress\/wp-json\/wp\/v2\/posts\/36111","targetHints":{"allow":["GET"]}}],"collection":[{"href":"https:\/\/www.elpolitologoyelpolitico.com.ar\/wordpress\/wp-json\/wp\/v2\/posts"}],"about":[{"href":"https:\/\/www.elpolitologoyelpolitico.com.ar\/wordpress\/wp-json\/wp\/v2\/types\/post"}],"author":[{"embeddable":true,"href":"https:\/\/www.elpolitologoyelpolitico.com.ar\/wordpress\/wp-json\/wp\/v2\/users\/4"}],"replies":[{"embeddable":true,"href":"https:\/\/www.elpolitologoyelpolitico.com.ar\/wordpress\/wp-json\/wp\/v2\/comments?post=36111"}],"version-history":[{"count":1,"href":"https:\/\/www.elpolitologoyelpolitico.com.ar\/wordpress\/wp-json\/wp\/v2\/posts\/36111\/revisions"}],"predecessor-version":[{"id":36113,"href":"https:\/\/www.elpolitologoyelpolitico.com.ar\/wordpress\/wp-json\/wp\/v2\/posts\/36111\/revisions\/36113"}],"wp:featuredmedia":[{"embeddable":true,"href":"https:\/\/www.elpolitologoyelpolitico.com.ar\/wordpress\/wp-json\/wp\/v2\/media\/36112"}],"wp:attachment":[{"href":"https:\/\/www.elpolitologoyelpolitico.com.ar\/wordpress\/wp-json\/wp\/v2\/media?parent=36111"}],"wp:term":[{"taxonomy":"category","embeddable":true,"href":"https:\/\/www.elpolitologoyelpolitico.com.ar\/wordpress\/wp-json\/wp\/v2\/categories?post=36111"},{"taxonomy":"post_tag","embeddable":true,"href":"https:\/\/www.elpolitologoyelpolitico.com.ar\/wordpress\/wp-json\/wp\/v2\/tags?post=36111"}],"curies":[{"name":"wp","href":"https:\/\/api.w.org\/{rel}","templated":true}]}}