{"id":36098,"date":"2023-11-13T16:33:28","date_gmt":"2023-11-13T19:33:28","guid":{"rendered":"https:\/\/www.elpolitologoyelpolitico.com.ar\/wordpress\/?p=36098"},"modified":"2023-11-13T16:33:29","modified_gmt":"2023-11-13T19:33:29","slug":"la-red-rionegrina-de-la-tercera-juventud-invadio-bariloche","status":"publish","type":"post","link":"https:\/\/www.elpolitologoyelpolitico.com.ar\/wordpress\/2023\/11\/13\/la-red-rionegrina-de-la-tercera-juventud-invadio-bariloche\/","title":{"rendered":"LA RED RIONEGRINA DE LA TERCERA JUVENTUD INVADI\u00d3 BARILOCHE"},"content":{"rendered":"\n<p>M\u00e1s de 420 personas mayores de distintos puntos de la Provincia de Rio Negro, participaron de las Jornadas de Turismo Accesible de la RED Rionegrina de la Tercera Juventud en San Carlos De Bariloche. Durante 4 d\u00edas, los integrantes de la RED, disfrutaron del paisaje cordillerano y diferentes actividades recreativas.<\/p>\n\n\n\n<p>Esta fue la \u00faltima actividad del a\u00f1o de la RED, que cerr\u00f3 la jornada tur\u00edstica con un gran evento en el emblem\u00e1tico sal\u00f3n de Bomberos Voluntarios, cedido por el Municipio Local, donde no faltaros los disfraces, la elecci\u00f3n de los nuevos reyes y el reconocimiento al trabajo comunitario voluntario de sus coordinadores locales. En 2023 la RED Rionegrina de la Tercera Juventud realiz\u00f3 7 Abuelazos gratuitos en distintas localidades, 6 charlas gratuitas sobre \u201cEstafas, Violencias y Grooming\u201d y 2 Jornadas de Turismo Accesible, una en el mes de mayo en Merlo San Luis y la de esta semana en San Carlos de Bariloche.<\/p>\n\n\n\n<p>\u201cA 28 a\u00f1os de la fundaci\u00f3n de la RED, hemos tenido un a\u00f1o record en actividades y participaci\u00f3n, eso no solo demuestra la vigencia de nuestro movimiento social sino tambi\u00e9n la necesidad que existe entre las personas mayores de ser escuchadas y tenidas en cuenta. Nosotros intentamos generar permanentemente espacios de contenci\u00f3n y oportunidades de integraci\u00f3n social para todos ellos\u201d dijo el Coordinador General, Rodolfo Artola<\/p>\n\n\n\n<p>La RED Rionegrina de la 3\u00b0 Juventud es un movimiento social voluntario \u00fanico en el pa\u00eds, reconocido a nivel provincial y nacional, que pretende desde 1995 combatir el sedentarismo y los cuadros depresivos entre los m\u00e1s grandes a trav\u00e9s diferentes actividades como el turismo, la recreaci\u00f3n y charlas gratuitas informativas.<\/p>\n\n\n\n<figure class=\"wp-block-gallery has-nested-images columns-default is-cropped wp-block-gallery-1 is-layout-flex wp-block-gallery-is-layout-flex\">\n<figure class=\"wp-block-image size-large\"><img fetchpriority=\"high\" decoding=\"async\" width=\"768\" height=\"1024\" data-id=\"36100\" src=\"https:\/\/www.elpolitologoyelpolitico.com.ar\/wp-content\/uploads\/2023\/11\/IMG-20231113-WA0004-768x1024.jpg\" alt=\"\" class=\"wp-image-36100\" srcset=\"https:\/\/www.elpolitologoyelpolitico.com.ar\/wp-content\/uploads\/2023\/11\/IMG-20231113-WA0004-768x1024.jpg 768w, https:\/\/www.elpolitologoyelpolitico.com.ar\/wp-content\/uploads\/2023\/11\/IMG-20231113-WA0004-225x300.jpg 225w, https:\/\/www.elpolitologoyelpolitico.com.ar\/wp-content\/uploads\/2023\/11\/IMG-20231113-WA0004.jpg 1080w\" sizes=\"(max-width: 768px) 100vw, 768px\" \/><\/figure>\n\n\n\n<figure class=\"wp-block-image size-large\"><img decoding=\"async\" width=\"1024\" height=\"683\" data-id=\"36101\" src=\"https:\/\/www.elpolitologoyelpolitico.com.ar\/wp-content\/uploads\/2023\/11\/IMG-20231113-WA0003-1024x683.jpg\" alt=\"\" class=\"wp-image-36101\" srcset=\"https:\/\/www.elpolitologoyelpolitico.com.ar\/wp-content\/uploads\/2023\/11\/IMG-20231113-WA0003-1024x683.jpg 1024w, https:\/\/www.elpolitologoyelpolitico.com.ar\/wp-content\/uploads\/2023\/11\/IMG-20231113-WA0003-300x200.jpg 300w, https:\/\/www.elpolitologoyelpolitico.com.ar\/wp-content\/uploads\/2023\/11\/IMG-20231113-WA0003-768x512.jpg 768w, https:\/\/www.elpolitologoyelpolitico.com.ar\/wp-content\/uploads\/2023\/11\/IMG-20231113-WA0003.jpg 1080w\" sizes=\"(max-width: 1024px) 100vw, 1024px\" \/><\/figure>\n<\/figure>\n<div class=\"fb-background-color\">\n\t\t\t  <div \n\t\t\t  \tclass = \"fb-comments\" \n\t\t\t  \tdata-href = \"https:\/\/www.elpolitologoyelpolitico.com.ar\/wordpress\/2023\/11\/13\/la-red-rionegrina-de-la-tercera-juventud-invadio-bariloche\/\"\n\t\t\t  \tdata-numposts = \"10\"\n\t\t\t  \tdata-lazy = \"true\"\n\t\t\t\tdata-colorscheme = \"light\"\n\t\t\t\tdata-order-by = \"social\"\n\t\t\t\tdata-mobile=true>\n\t\t\t  <\/div><\/div>\n\t\t  <style>\n\t\t    .fb-background-color {\n\t\t\t\tbackground: #ffffff !important;\n\t\t\t}\n\t\t\t.fb_iframe_widget_fluid_desktop iframe {\n\t\t\t    width: 100% !important;\n\t\t\t}\n\t\t  <\/style>\n\t\t  ","protected":false},"excerpt":{"rendered":"<p>M\u00e1s de 420 personas mayores de distintos puntos de la Provincia de Rio Negro, participaron de las Jornadas de Turismo Accesible de la RED Rionegrina de la Tercera Juventud en San Carlos De Bariloche. Durante 4 d\u00edas, los integrantes de la RED, disfrutaron del paisaje cordillerano y diferentes actividades recreativas. Esta fue la \u00faltima actividad [&hellip;]<\/p>\n","protected":false},"author":4,"featured_media":36099,"comment_status":"closed","ping_status":"closed","sticky":false,"template":"","format":"standard","meta":{"_joinchat":[],"footnotes":""},"categories":[39],"tags":[],"class_list":["post-36098","post","type-post","status-publish","format-standard","has-post-thumbnail","hentry","category-en-esta-seccion"],"_links":{"self":[{"href":"https:\/\/www.elpolitologoyelpolitico.com.ar\/wordpress\/wp-json\/wp\/v2\/posts\/36098","targetHints":{"allow":["GET"]}}],"collection":[{"href":"https:\/\/www.elpolitologoyelpolitico.com.ar\/wordpress\/wp-json\/wp\/v2\/posts"}],"about":[{"href":"https:\/\/www.elpolitologoyelpolitico.com.ar\/wordpress\/wp-json\/wp\/v2\/types\/post"}],"author":[{"embeddable":true,"href":"https:\/\/www.elpolitologoyelpolitico.com.ar\/wordpress\/wp-json\/wp\/v2\/users\/4"}],"replies":[{"embeddable":true,"href":"https:\/\/www.elpolitologoyelpolitico.com.ar\/wordpress\/wp-json\/wp\/v2\/comments?post=36098"}],"version-history":[{"count":1,"href":"https:\/\/www.elpolitologoyelpolitico.com.ar\/wordpress\/wp-json\/wp\/v2\/posts\/36098\/revisions"}],"predecessor-version":[{"id":36102,"href":"https:\/\/www.elpolitologoyelpolitico.com.ar\/wordpress\/wp-json\/wp\/v2\/posts\/36098\/revisions\/36102"}],"wp:featuredmedia":[{"embeddable":true,"href":"https:\/\/www.elpolitologoyelpolitico.com.ar\/wordpress\/wp-json\/wp\/v2\/media\/36099"}],"wp:attachment":[{"href":"https:\/\/www.elpolitologoyelpolitico.com.ar\/wordpress\/wp-json\/wp\/v2\/media?parent=36098"}],"wp:term":[{"taxonomy":"category","embeddable":true,"href":"https:\/\/www.elpolitologoyelpolitico.com.ar\/wordpress\/wp-json\/wp\/v2\/categories?post=36098"},{"taxonomy":"post_tag","embeddable":true,"href":"https:\/\/www.elpolitologoyelpolitico.com.ar\/wordpress\/wp-json\/wp\/v2\/tags?post=36098"}],"curies":[{"name":"wp","href":"https:\/\/api.w.org\/{rel}","templated":true}]}}