{"id":36073,"date":"2023-11-11T21:00:07","date_gmt":"2023-11-12T00:00:07","guid":{"rendered":"https:\/\/www.elpolitologoyelpolitico.com.ar\/wordpress\/?p=36073"},"modified":"2023-11-11T21:00:07","modified_gmt":"2023-11-12T00:00:07","slug":"pedro-pesatti-no-hay-politica-ambiental-mas-importante-en-rio-negro-que-la-de-viedma","status":"publish","type":"post","link":"https:\/\/www.elpolitologoyelpolitico.com.ar\/wordpress\/2023\/11\/11\/pedro-pesatti-no-hay-politica-ambiental-mas-importante-en-rio-negro-que-la-de-viedma\/","title":{"rendered":"Pedro Pesatti: \u00abNo hay pol\u00edtica ambiental m\u00e1s importante en R\u00edo Negro que la de Viedma\u00bb"},"content":{"rendered":"\n<p><\/p>\n\n\n\n<p>El Intendente de Viedma y Vicegobernador electo, Pedro Pesatti, fue enf\u00e1tico al se\u00f1alar que no existe en todo el territorio provincial una pol\u00edtica tan importante y comprometida como la que se desarrolla en la ciudad capital.<\/p>\n\n\n\n<p>Por su dimensi\u00f3n ambiental, sanitaria y humana, la Gesti\u00f3n de Residuos que se lleva a cabo en Viedma, no tiene precedentes en nuestra regi\u00f3n. La disposici\u00f3n final de residuos municipales en Relleno Sanitario totalmente confinados y el funcionamiento pleno de la Planta de Clasificaci\u00f3n con el cooperativismo procesando 2 toneladas diarias de material reciclable, otorgan este status distinguido a nivel internacional.<\/p>\n\n\n\n<p>42 millones de inversi\u00f3n para una Estaci\u00f3n Biol\u00f3gica<\/p>\n\n\n\n<p>As\u00ed lo anunci\u00f3 el Gobierno de Viedma, que producto del acompa\u00f1amiento del Ministerio de Ambiente y Desarrollo Sostenible de la Naci\u00f3n, invertir\u00e1n en el marco del Programa Casa Com\u00fan, m\u00e1s de 42 millones de pesos para la construcci\u00f3n de una Estaci\u00f3n Biol\u00f3gica en El C\u00f3ndor y equipar el Centro Municipal de Valoraci\u00f3n del Monte Rionegrino, inaugurado durante el actual gobierno local con el objetivo de repoblar la flora nativa.<\/p>\n\n\n\n<p>El prop\u00f3sito de las inversiones, ser\u00e1 ofrecer las instalaciones t\u00e9cnicas necesarias para contar con un punto de an\u00e1lisis y observaci\u00f3n de la avifauna aut\u00f3ctona, fundamentalmente de la colonia de loros y su \u00e1rea de nidificaci\u00f3n.<\/p>\n\n\n\n<p>Asimismo, permitir\u00e1 continuar y reforzar las acciones de reforestaci\u00f3n y educaci\u00f3n ambiental que ya se llevan adelante en el centro \u00abSenderos del Monte\u00bb, con la provisi\u00f3n de equipamiento e insumos para el mismo.<br>\u00abHemos estado trabajando en este proyecto 2 a\u00f1os junto a la Directora de Ambiente de Viedma, Marina Bandres, con un trabajo t\u00e9cnico y profesional de primer nivel.\u00bb se\u00f1al\u00f3 Gast\u00f3n Guti\u00e9rrez, titular de la Secretar\u00eda de Servicios, Espacio P\u00fablico y Ambiente de Viedma.<\/p>\n\n\n\n<p>D\u00edas atr\u00e1s el Intendente Pesatti firm\u00f3 junto al Ministro de Ambiente de la Naci\u00f3n, Juan Cabandie, el convenio para los desmbolsos del programa, lo que constituye un hito en la pol\u00edtica de conservaci\u00f3n de la biodiversidad, sobre todo ante la presencia de la Colonia de Loros m\u00e1s grande del mundo, y las adversidades que nos presenta el Cambio Clim\u00e1tico.<\/p>\n\n\n\n<figure class=\"wp-block-image size-large is-resized\"><img fetchpriority=\"high\" decoding=\"async\" width=\"1024\" height=\"576\" src=\"https:\/\/www.elpolitologoyelpolitico.com.ar\/wp-content\/uploads\/2023\/11\/IMG-20231111-WA0091-1024x576.jpg\" alt=\"\" class=\"wp-image-36075\" style=\"aspect-ratio:1.7777777777777777;width:368px;height:auto\" srcset=\"https:\/\/www.elpolitologoyelpolitico.com.ar\/wp-content\/uploads\/2023\/11\/IMG-20231111-WA0091-1024x576.jpg 1024w, https:\/\/www.elpolitologoyelpolitico.com.ar\/wp-content\/uploads\/2023\/11\/IMG-20231111-WA0091-300x169.jpg 300w, https:\/\/www.elpolitologoyelpolitico.com.ar\/wp-content\/uploads\/2023\/11\/IMG-20231111-WA0091-768x432.jpg 768w, https:\/\/www.elpolitologoyelpolitico.com.ar\/wp-content\/uploads\/2023\/11\/IMG-20231111-WA0091.jpg 1280w\" sizes=\"(max-width: 1024px) 100vw, 1024px\" \/><\/figure>\n<div class=\"fb-background-color\">\n\t\t\t  <div \n\t\t\t  \tclass = \"fb-comments\" \n\t\t\t  \tdata-href = \"https:\/\/www.elpolitologoyelpolitico.com.ar\/wordpress\/2023\/11\/11\/pedro-pesatti-no-hay-politica-ambiental-mas-importante-en-rio-negro-que-la-de-viedma\/\"\n\t\t\t  \tdata-numposts = \"10\"\n\t\t\t  \tdata-lazy = \"true\"\n\t\t\t\tdata-colorscheme = \"light\"\n\t\t\t\tdata-order-by = \"social\"\n\t\t\t\tdata-mobile=true>\n\t\t\t  <\/div><\/div>\n\t\t  <style>\n\t\t    .fb-background-color {\n\t\t\t\tbackground: #ffffff !important;\n\t\t\t}\n\t\t\t.fb_iframe_widget_fluid_desktop iframe {\n\t\t\t    width: 100% !important;\n\t\t\t}\n\t\t  <\/style>\n\t\t  ","protected":false},"excerpt":{"rendered":"<p>El Intendente de Viedma y Vicegobernador electo, Pedro Pesatti, fue enf\u00e1tico al se\u00f1alar que no existe en todo el territorio provincial una pol\u00edtica tan importante y comprometida como la que se desarrolla en la ciudad capital. Por su dimensi\u00f3n ambiental, sanitaria y humana, la Gesti\u00f3n de Residuos que se lleva a cabo en Viedma, no [&hellip;]<\/p>\n","protected":false},"author":2,"featured_media":36074,"comment_status":"closed","ping_status":"closed","sticky":false,"template":"","format":"standard","meta":{"_joinchat":[],"footnotes":""},"categories":[4],"tags":[],"class_list":["post-36073","post","type-post","status-publish","format-standard","has-post-thumbnail","hentry","category-politicas-publicas"],"_links":{"self":[{"href":"https:\/\/www.elpolitologoyelpolitico.com.ar\/wordpress\/wp-json\/wp\/v2\/posts\/36073","targetHints":{"allow":["GET"]}}],"collection":[{"href":"https:\/\/www.elpolitologoyelpolitico.com.ar\/wordpress\/wp-json\/wp\/v2\/posts"}],"about":[{"href":"https:\/\/www.elpolitologoyelpolitico.com.ar\/wordpress\/wp-json\/wp\/v2\/types\/post"}],"author":[{"embeddable":true,"href":"https:\/\/www.elpolitologoyelpolitico.com.ar\/wordpress\/wp-json\/wp\/v2\/users\/2"}],"replies":[{"embeddable":true,"href":"https:\/\/www.elpolitologoyelpolitico.com.ar\/wordpress\/wp-json\/wp\/v2\/comments?post=36073"}],"version-history":[{"count":1,"href":"https:\/\/www.elpolitologoyelpolitico.com.ar\/wordpress\/wp-json\/wp\/v2\/posts\/36073\/revisions"}],"predecessor-version":[{"id":36076,"href":"https:\/\/www.elpolitologoyelpolitico.com.ar\/wordpress\/wp-json\/wp\/v2\/posts\/36073\/revisions\/36076"}],"wp:featuredmedia":[{"embeddable":true,"href":"https:\/\/www.elpolitologoyelpolitico.com.ar\/wordpress\/wp-json\/wp\/v2\/media\/36074"}],"wp:attachment":[{"href":"https:\/\/www.elpolitologoyelpolitico.com.ar\/wordpress\/wp-json\/wp\/v2\/media?parent=36073"}],"wp:term":[{"taxonomy":"category","embeddable":true,"href":"https:\/\/www.elpolitologoyelpolitico.com.ar\/wordpress\/wp-json\/wp\/v2\/categories?post=36073"},{"taxonomy":"post_tag","embeddable":true,"href":"https:\/\/www.elpolitologoyelpolitico.com.ar\/wordpress\/wp-json\/wp\/v2\/tags?post=36073"}],"curies":[{"name":"wp","href":"https:\/\/api.w.org\/{rel}","templated":true}]}}