{"id":3605,"date":"2021-05-31T16:44:57","date_gmt":"2021-05-31T16:44:57","guid":{"rendered":"https:\/\/www.elpolitologoyelpolitico.com.ar\/wordpress\/?p=3605"},"modified":"2021-05-31T16:45:23","modified_gmt":"2021-05-31T16:45:23","slug":"alternativa-patagones","status":"publish","type":"post","link":"https:\/\/www.elpolitologoyelpolitico.com.ar\/wordpress\/2021\/05\/31\/alternativa-patagones\/","title":{"rendered":"Alternativa Patagones"},"content":{"rendered":"\t\t<div data-elementor-type=\"wp-post\" data-elementor-id=\"3605\" class=\"elementor elementor-3605\">\n\t\t\t\t\t\t<section class=\"elementor-section elementor-top-section elementor-element elementor-element-3cde11cc elementor-section-boxed elementor-section-height-default elementor-section-height-default\" data-id=\"3cde11cc\" data-element_type=\"section\" data-e-type=\"section\">\n\t\t\t\t\t\t<div class=\"elementor-container elementor-column-gap-default\">\n\t\t\t\t\t<div class=\"elementor-column elementor-col-100 elementor-top-column elementor-element elementor-element-790b3af7\" data-id=\"790b3af7\" data-element_type=\"column\" data-e-type=\"column\">\n\t\t\t<div class=\"elementor-widget-wrap elementor-element-populated\">\n\t\t\t\t\t\t<div class=\"elementor-element elementor-element-78f3aa83 elementor-widget elementor-widget-text-editor\" data-id=\"78f3aa83\" data-element_type=\"widget\" data-e-type=\"widget\" data-widget_type=\"text-editor.default\">\n\t\t\t\t<div class=\"elementor-widget-container\">\n\t\t\t\t\t\t\t\t\t\n<figure class=\"wp-block-audio\"><audio controls src=\"https:\/\/www.elpolitologoyelpolitico.com.ar\/wp-content\/uploads\/2021\/05\/WhatsApp-Audio-2021-05-31-at-12.12.21-PM-online-audio-converter.com_.mp3\"><\/audio><\/figure>\n\n\n\n<p>Los referentes de Alternativa Patagones dieron a conocer el trabajo que vienen llevando a cabo, sus propuestas y de qu\u00e9 manera se preparan para las pr\u00f3ximas elecciones.<\/p>\n\n\n\n<p><strong>Lic. Lucas Roche:<\/strong> \u00bfC\u00f3mo vienen trabajando desde este espacio pol\u00edtico?<\/p>\n\n\n\n<p><strong>Guillermo Skrt:<\/strong> Nosotros venimos de espacios diferentes, Fabi\u00e1n viene de Valores para Mi Pa\u00eds y yo del Frente Despertar. El A\u00f1o pasado, Fabi\u00e1n tuvo la oportunidad de participar de las elecciones durante el 2019, nosotros no, porque no ten\u00edamos un caudal electoral que&nbsp; lo permita. Entonces me comunique con Fabi\u00e1n los primeros meses del 2020 y nos pusimos de acuerdo para conformar este espacio pol\u00edtico entre ambos sectores que nos permitir\u00e1 ser una opci\u00f3n pol\u00edtica para el partido de Patagones durante las elecciones del 2021. Hemos hecho un trabajo en la medida que la pandemia nos permiti\u00f3. Pensamos una Ciudad, en donde el ciudadano que se levanta piense en que es lo que va hacer por Patagones y no que es lo que el Estado de Patagones va hacer por \u00e9l. Buscamos tratar de terminar con el asistencialismo y empezar a construir una ciudad con iniciativa privada que nos permita &nbsp;crecer y desarrollar el partido.<\/p>\n\n\n\n<p><strong>Lic. Lucas Roche: <\/strong>Estamos viviendo una gran problem\u00e1tica a causa de la Pandemia \u00bfQu\u00e9 opini\u00f3n tienen al respecto?<\/p>\n\n\n\n<p><strong>Fabi\u00e1n Calvo: <\/strong>La pandemia saco a la luz muchas cosas que ya estaban instaladas en la sociedad, r\u00e1pidamente dio a conocer nuestros problemas econ\u00f3micos, laborales y nuestra falta de progreso que nuestro Partido ha tenido. Es un tiempo para que venga un cambio para el Partido, y este debe venir a trav\u00e9s de actores pol\u00edticos nuevos que puedan traer una mirada diferente de la que ven\u00edamos teniendo en este tiempo. Durante las elecciones 2019 pude competir y con tres meses de trabajo nos fue muy bien, tenemos gente que se comunica con nosotros para ver c\u00f3mo vamos avanzando, es un proyecto muy joven, por eso tenemos grandes expectativas para estas elecciones.<\/p>\n\n\n\n<p><strong>Lic. Lucas Roche:<\/strong> \u00bfSe est\u00e1n reuniendo con distintos actores pol\u00edticos nacionales o provinciales pensando en estas elecciones 2021?<\/p>\n\n\n\n<p><strong>Guillermo Skrt: <\/strong>Tenemos permanentemente conversaciones con la gente que est\u00e1 manejando la Provincia, tanto Fabi\u00e1n desde Valores para Mi Pa\u00eds y yo desde el Frente Despertar. Estamos permanentemente conectados para coincidir con las estrategias que bajan tanto Jos\u00e9 Luis Sperte como Cynthia Hotton y de esta forma &nbsp;poder unificar un discurso en com\u00fan. Lo que nos mueve en este sentido es la reuni\u00f3n que ha tenido Mauricio Macri con Jos\u00e9 Luis, este lo ha convocado y &nbsp;si bien no se ha llegado a un acuerdo pol\u00edtico las primeras charlas han sido positivas y la concepci\u00f3n de esto, es la unificaci\u00f3n de un Frente opositor al Kirchnerismo que nos permita ganar las elecciones nacionales, provinciales y municipales. La pr\u00f3rroga de las elecciones nos ha&nbsp; frenado en realizar la campa\u00f1a&nbsp; tradicional,&nbsp; tuvimos que utilizar otro tipo de estrategias para llegar a la gente, creemos que vamos a tener un buen resultado en las elecciones del 2021.<\/p>\n\n\n\n<p><strong>Lic Lucas Roche: \u00bf<\/strong>Ustedes vienen trabajando en las problem\u00e1ticas que se vienen dando en el partido? \u00bfCu\u00e1les son las m\u00e1s visibles en Patagones?<\/p>\n\n\n\n<p><strong>Fabian Calvo:<\/strong> En el 20219 cuando tuvimos que armar el proyecto en el ejecutivo, creo que ah\u00ed empezamos a descubrir muchas problem\u00e1ticas. Desde el \u00e1rea donde yo trabajo todos los d\u00edas obviamente eso lo vivimos muy fuertemente. Creo que en estas elecciones hay que apuntar a mirar las cosas que pasan por desapercibido y que tenemos es necesario introducirnos para ir solucionando. Obviamente que hay un problema muy grave &nbsp;con la falta de trabajo, crecimiento y producci\u00f3n. Algunos de estos conflictos no son del partido de Patagones sino de nuestra amada Argentina. Hay muchas cosas para poder solucionar como la educaci\u00f3n, lo social que se ha dejado de lado y que en esta pandemia se ha visto much\u00edsimo. Nosotros pensamos que si hay sectores que no trabajan no se puede generar un movimiento en la ciudad. En educaci\u00f3n, es terrible porque estamos en pandemia pero esperemos la post pandemia, creo que lo que se perdi\u00f3 el a\u00f1o pasado y lo que se est\u00e1 llevando adelante este a\u00f1o en lo educativo va ser muy conflictivo. Entonces desde nuestro espacio pretendemos empezar a formar este proyecto para ir trabajando poco a poco, el objetivo no solo es el 2021 sino continuar trabajando en los pr\u00f3ximos a\u00f1os.<\/p>\n\n\n\n<p><strong>Lic Lucas Roche: <\/strong>\u00bfCu\u00e1l es la agenda de trabajo de aqu\u00ed en adelante?<\/p>\n\n\n\n<p><strong>Guillermo Skrt: <\/strong>Queremos seguir difundiendo el proyecto, agradecemos a todos los medios que nos han dado la oportunidad de presentarnos. A partir de la semana que viene queremos empezar con la campa\u00f1a visual en el partido y continuar&nbsp; en &nbsp;comunicaci\u00f3n permanente con la gente, porque la base de un triunfo electoral es el conocimiento de los candidatos. Nuestro objetivo fundamental es ponerle voz en el Concejo Deliberante a los habitantes de Patagones, aquellos que hoy no se sienten representados por los partidos pol\u00edticos, nosotros queremos ser esa tercera opci\u00f3n.<\/p>\n\n\n\n<p><strong>Fabi\u00e1n Calvo:<\/strong> Con la campa\u00f1a visual queremos que la gente nos conozca m\u00e1s, tambi\u00e9n a trav\u00e9s de las redes sociales vamos a seguir trabajando, agradecemos a todos los espacios que los medios nos han brindado. La pol\u00edtica tradicional en este momento no se va a poder llevar a delante, pero bueno, ser\u00e1 un a\u00f1o electoral bastante diferente. Queremos hacer conocer nuestro proyecto, hay mucha gente como te mencione que se nos acerca y nos consulta &nbsp;como vamos hacer para trabajar este a\u00f1o, hay gente de &nbsp;Viedma que se ha venido a vivir al Partido y&nbsp; se nos ha unido. Este proyecto comenz\u00f3 a agradar a la gente porque es transparente y con honestidad, si bien estamos en el proceso de inicio, si las personas nos dan la oportunidad de estar en el Concejo Deliberante podemos llevar este proyecto a lo m\u00e1s alto, estoy convencido de que mucha gente va&nbsp; a apoyar a lo nuevo.<\/p>\n\t\t\t\t\t\t\t\t<\/div>\n\t\t\t\t<\/div>\n\t\t\t\t\t<\/div>\n\t\t<\/div>\n\t\t\t\t\t<\/div>\n\t\t<\/section>\n\t\t\t\t<\/div>\n\t\t<div class=\"fb-background-color\">\n\t\t\t  <div \n\t\t\t  \tclass = \"fb-comments\" \n\t\t\t  \tdata-href = \"https:\/\/www.elpolitologoyelpolitico.com.ar\/wordpress\/2021\/05\/31\/alternativa-patagones\/\"\n\t\t\t  \tdata-numposts = \"10\"\n\t\t\t  \tdata-lazy = \"true\"\n\t\t\t\tdata-colorscheme = \"light\"\n\t\t\t\tdata-order-by = \"social\"\n\t\t\t\tdata-mobile=true>\n\t\t\t  <\/div><\/div>\n\t\t  <style>\n\t\t    .fb-background-color {\n\t\t\t\tbackground: #ffffff !important;\n\t\t\t}\n\t\t\t.fb_iframe_widget_fluid_desktop iframe {\n\t\t\t    width: 100% !important;\n\t\t\t}\n\t\t  <\/style>\n\t\t  ","protected":false},"excerpt":{"rendered":"<p>Los referentes de Alternativa Patagones dieron a conocer el trabajo que vienen llevando a cabo, sus propuestas y de qu\u00e9 manera se preparan para las pr\u00f3ximas elecciones. Lic. Lucas Roche: \u00bfC\u00f3mo vienen trabajando desde este espacio pol\u00edtico? Guillermo Skrt: Nosotros venimos de espacios diferentes, Fabi\u00e1n viene de Valores para Mi Pa\u00eds y yo del Frente [&hellip;]<\/p>\n","protected":false},"author":4,"featured_media":3607,"comment_status":"closed","ping_status":"closed","sticky":false,"template":"","format":"standard","meta":{"_joinchat":[],"footnotes":""},"categories":[5],"tags":[],"class_list":["post-3605","post","type-post","status-publish","format-standard","has-post-thumbnail","hentry","category-partidos-politicos"],"_links":{"self":[{"href":"https:\/\/www.elpolitologoyelpolitico.com.ar\/wordpress\/wp-json\/wp\/v2\/posts\/3605","targetHints":{"allow":["GET"]}}],"collection":[{"href":"https:\/\/www.elpolitologoyelpolitico.com.ar\/wordpress\/wp-json\/wp\/v2\/posts"}],"about":[{"href":"https:\/\/www.elpolitologoyelpolitico.com.ar\/wordpress\/wp-json\/wp\/v2\/types\/post"}],"author":[{"embeddable":true,"href":"https:\/\/www.elpolitologoyelpolitico.com.ar\/wordpress\/wp-json\/wp\/v2\/users\/4"}],"replies":[{"embeddable":true,"href":"https:\/\/www.elpolitologoyelpolitico.com.ar\/wordpress\/wp-json\/wp\/v2\/comments?post=3605"}],"version-history":[{"count":0,"href":"https:\/\/www.elpolitologoyelpolitico.com.ar\/wordpress\/wp-json\/wp\/v2\/posts\/3605\/revisions"}],"wp:featuredmedia":[{"embeddable":true,"href":"https:\/\/www.elpolitologoyelpolitico.com.ar\/wordpress\/wp-json\/wp\/v2\/media\/3607"}],"wp:attachment":[{"href":"https:\/\/www.elpolitologoyelpolitico.com.ar\/wordpress\/wp-json\/wp\/v2\/media?parent=3605"}],"wp:term":[{"taxonomy":"category","embeddable":true,"href":"https:\/\/www.elpolitologoyelpolitico.com.ar\/wordpress\/wp-json\/wp\/v2\/categories?post=3605"},{"taxonomy":"post_tag","embeddable":true,"href":"https:\/\/www.elpolitologoyelpolitico.com.ar\/wordpress\/wp-json\/wp\/v2\/tags?post=3605"}],"curies":[{"name":"wp","href":"https:\/\/api.w.org\/{rel}","templated":true}]}}