{"id":36047,"date":"2023-11-10T23:16:06","date_gmt":"2023-11-11T02:16:06","guid":{"rendered":"https:\/\/www.elpolitologoyelpolitico.com.ar\/wordpress\/?p=36047"},"modified":"2023-11-10T23:16:08","modified_gmt":"2023-11-11T02:16:08","slug":"hoy-empieza-la-feria-municipal-del-libro-leer-los-dias-recapitular-la-historia","status":"publish","type":"post","link":"https:\/\/www.elpolitologoyelpolitico.com.ar\/wordpress\/2023\/11\/10\/hoy-empieza-la-feria-municipal-del-libro-leer-los-dias-recapitular-la-historia\/","title":{"rendered":"Hoy empieza la Feria Municipal del Libro \u201cLeer los d\u00edas, recapitular la historia\u201d"},"content":{"rendered":"\n<p>En el marco de los 50 a\u00f1os de capitalidad y bajo el lema \u201cLeer los d\u00edas, recapitular la historia\u201d, desde hoy viernes 10 de noviembre y hasta el domingo 12, se desarrollar\u00e1 la 13\u00b0 edici\u00f3n de la Feria Municipal del Libro en el Centro Cultural, con entrada libre y gratuita.<\/p>\n\n\n\n<p>Con un cronograma cargado de invitados de lujo, talleres, presentaciones, muestras, exposici\u00f3n, venta de libros y m\u00e1s actividades, la feria comenzar\u00e1 con actividades para escuelas por la ma\u00f1ana y tendr\u00e1 su inauguraci\u00f3n hoy, viernes 10 a las 19.30.<\/p>\n\n\n\n<p>Hoy viernes 10 de noviembre, a las 21, la primera jornada finalizar\u00e1 con la destacada presencia del reconocido escritor y guionista Pedro Saborido, que presentar\u00e1 tres de sus libros en una charla de \u201cIdentidad, Pol\u00edtica y Humor\u201d<\/p>\n\n\n\n<p>Asimismo, desde las 18 el soci\u00f3logo Santiago Barassi y el escritor Nestor Borri, presentar\u00e1n el libro \u00abLa gran conversaci\u00f3n\u00bb, una reflexi\u00f3n y debate sobre los 10 a\u00f1os del papa Francisco, junto con la muestra itinerante \u00abArgentino Universal Factor Francisco\u00bb, realizada en colaboraci\u00f3n con el Ministerio de Cultura de la Naci\u00f3n.\u201d.<\/p>\n\n\n\n<p>Entre los invitados destacados de la feria, el s\u00e1bado 11 de noviembre desde las 20hs, se presentar\u00e1 Luciana Peker con la charla \u00abEl amor es o se hace\u00bb, para reflexionar sobre las formas de reencontrarnos en el terreno del amor despu\u00e9s de atravesar la deconstrucci\u00f3n.<\/p>\n\n\n\n<p>Cronograma de actividades :<\/p>\n\n\n\n<p>Viernes 10 de noviembre<\/p>\n\n\n\n<p>9:00 VIII Congreso Regional de Arte, Literatura y Sociedad. CORALIS CURZA<\/p>\n\n\n\n<ol class=\"wp-block-list\" start=\"9\">\n<li>hs Cartograf\u00eda de las experiencias en bibliotecas populares y p\u00fablicas de la Comarca. Coralis. CURZA<\/li>\n\n\n\n<li>hs Presentaci\u00f3n del libro \u201cPISAC COVID-19\u2033: La sociedad argentina en la postpandemia CURZA. CORALIS.<\/li>\n<\/ol>\n\n\n\n<p>14 hs. VIII Congreso Regional de Arte, Literatura y Sociedad. CORALIS. CURZA<\/p>\n\n\n\n<p>15 hs. \u201cEl que busca (bien) encuentra: estrategias para obtener mejores resultados en la b\u00fasqueda de informaci\u00f3n. Charla a cargo del Lic. Adri\u00e1n Amerio. UNRN. Destinado a bibliotecarios escolares y populares y p\u00fablico en general.<\/p>\n\n\n\n<p>15 hs Presentaci\u00f3n del libro: \u00abJugadas maestras\u00bb varios autores y taller \u00abFicciones sonoras de bolsillo\u00bb Podcast en las aulas. CURZA. CORALIS.<\/p>\n\n\n\n<p>15:30 hs Presentaci\u00f3n del libro: Antolog\u00eda de voces del colectivo LGBTIQNBA+ de R\u00edo Negro. Secretaria de genero RN. CURZA.<\/p>\n\n\n\n<p>16:30 hs Presentaci\u00f3n libro: \u00abMI PRIMER PoeMaRio\u00bb de Julia Llamas<\/p>\n\n\n\n<p>17 hs Jam de poes\u00eda. CURZA. CORALIS<\/p>\n\n\n\n<p>17:30 hs. Presentaci\u00f3n libro: \u00abRESILIENCIA EN TIEMPOS DE MORDAZA\u00bb de A\u00edda Irma Verbeke<\/p>\n\n\n\n<p>18 hs Jornada de lectura con escritores locales. CURZA. CORALIS<\/p>\n\n\n\n<p>18 hs Presentaci\u00f3n de los libros: \u00abLA GRAN CONVERSACI\u00d3N \u2013 RECEPCI\u00d3N Y DEBATES EN LOS 10 A\u00d1OS DE FRANCISCO\u00bb y \u00abRECOMENZAR \u2013 LA PANDEMIA, FRANCISCO Y LA PATRIA\u00bb de Santiago Barassi y Nestor Borri<br>19:30 hs Apertura<\/p>\n\n\n\n<p>20 hs Presentaci\u00f3n de Florencia Rupay\u00e1n.<\/p>\n\n\n\n<p>21 hs \u00abIDENTIDAD POL\u00cdTICA Y HUMOR\u00bb Pedro Saborido<\/p>\n\n\n\n<p>S\u00e1bado 11 de noviembre<\/p>\n\n\n\n<p>14:30 hs \u201cMICROMUNDOS\u201d. Taller De Microrrelatos por Fabiola Soria. Abierto al p\u00fablico. FER<\/p>\n\n\n\n<p>16 hs \u201c\u00bfEs posible publicar mi libro?\u201d Charla a cargo de Diego Salinas UNRN. Una mirada a las opciones de publicaci\u00f3n regional y no tanto para autores y autoras. Editoriales p\u00fablicas, comerciales y de autoedici\u00f3n paga. Perspectivas del papel y la publicaci\u00f3n digital. Convocatorias. C\u00f3mo presentar propuestas (y pensar un libro).<\/p>\n\n\n\n<p>16 hs Hansel y Gretel. Narraci\u00f3n y m\u00fasica. Ensamble Viento Sur de la Filarm\u00f3nica de R\u00edo Negro. Todo p\u00fablico.<\/p>\n\n\n\n<p>16 hs Presentaci\u00f3n del libro \u00abANTIHERO\u00cdNA\u00bb de Mariana Fern\u00e1ndez<\/p>\n\n\n\n<p>17 hs \u201cLEERREEL\u201d Charla a cargo del Lic. Ariel Barbieri. UNRN. LEERREEL es un salto experimental a pensar colectivamente la lectura, el saber, la raz\u00f3n y las emociones.<\/p>\n\n\n\n<p>17 hs M\u00fasica y palabra con autores y artistas de la Comarca<\/p>\n\n\n\n<p>17 hs Presentaci\u00f3n del libro: \u00abESTADOS DEL TIEMPO\u00bb de Leticia Chirinos. FER<\/p>\n\n\n\n<p>17:50 hs Ballet Municipal Raiz Folklorica<\/p>\n\n\n\n<p>18 hs Leer y escribir se nos hizo costumbre. Lecturas del grupo UPAMI. CURZA.<\/p>\n\n\n\n<p>18 hs Conversatorio arte y espacio p\u00fablico. CURZA. CORALIS<\/p>\n\n\n\n<p>18 hs Presentaci\u00f3n de los libros: ALOE VERA de Marylena Cambarieri y PORTATE BIEN de Susana Franzese<\/p>\n\n\n\n<p>19 hs Presentaci\u00f3n del libro MI ENCUENTRO CON PER\u00d3N EN PUERTA DE HIERRO de Enrique Minetti<\/p>\n\n\n\n<p>19 hs CUENTOS DE ENREDOS Y TRAVESURAS con la narradora venezolana Norma Guatarama. Para compartir en familia.<\/p>\n\n\n\n<p>19:30 hs Presentaci\u00f3n del libro: \u201cSUE\u00d1OS DE L\u00c1ZARO\u201d de Fabiola Soria FER.<\/p>\n\n\n\n<p>20 hs \u00bfEL AMOR ES O SE HACE? C\u00f3mo reconstruir corazones rotos. Luciana Peker<\/p>\n\n\n\n<p>21 hs \u00abYSYRY\u00bb (Agua que corre). D\u00fao Bote: Voz: Florencia Bobadilla. Guitarra: Abel Tesoriere. Poes\u00eda: Leandro Gavi\u00f1o<br>Domingo 12 de noviembre<\/p>\n\n\n\n<p>15hs- Proyecci\u00f3n de la serie \u201cEn Un Cuento Me Encuentro\u201d de la \u00abCooperativa Minga\u00bb<\/p>\n\n\n\n<p>16hs- PIEDRA LIBRE A LA IMAGINACI\u00d3N. Narraci\u00f3n de cuentos para compartir en familia. Fundaci\u00f3n Trama Cultural Patag\u00f3nica<\/p>\n\n\n\n<p>16hs- Presentaci\u00f3n de los libros: \u00abVOZ EN OFF\u00bb de Michaela Osorio y \u00abLUNAS DE PODER\u00bb de Victoria Alippi<\/p>\n\n\n\n<p>17 a 19hs- M\u00fasica y palabra con autores y artistas de la Comarca.<\/p>\n\n\n\n<p>17hs- Presentaci\u00f3n del libro: \u00abPUEBLOS\u00bb de Lucas Garcia Cornejo<\/p>\n\n\n\n<p>18hs- ENCUENTRO DE COROS. Coro municipal de Viedma, coro de la UNRN, y coral Cipolletti como invitados especiales. con logo UNRN<\/p>\n\n\n\n<p>19hs- Soledad Montoya\u00bb inspirada en F.Garcia Lorca La Maga Arte en Movimiento<br>Muestra Itinerante ARGENTINO UNIVERSAL \u00abFactor Francisco\u00bb- Sala Biagetti<\/p>\n\n\n\n<figure class=\"wp-block-gallery has-nested-images columns-default is-cropped wp-block-gallery-1 is-layout-flex wp-block-gallery-is-layout-flex\">\n<figure class=\"wp-block-image size-large\"><img fetchpriority=\"high\" decoding=\"async\" width=\"1024\" height=\"1024\" data-id=\"36049\" src=\"https:\/\/www.elpolitologoyelpolitico.com.ar\/wp-content\/uploads\/2023\/11\/IMG-20231110-WA0067-1024x1024.jpg\" alt=\"\" class=\"wp-image-36049\" srcset=\"https:\/\/www.elpolitologoyelpolitico.com.ar\/wp-content\/uploads\/2023\/11\/IMG-20231110-WA0067-1024x1024.jpg 1024w, https:\/\/www.elpolitologoyelpolitico.com.ar\/wp-content\/uploads\/2023\/11\/IMG-20231110-WA0067-300x300.jpg 300w, https:\/\/www.elpolitologoyelpolitico.com.ar\/wp-content\/uploads\/2023\/11\/IMG-20231110-WA0067-150x150.jpg 150w, https:\/\/www.elpolitologoyelpolitico.com.ar\/wp-content\/uploads\/2023\/11\/IMG-20231110-WA0067-768x768.jpg 768w, https:\/\/www.elpolitologoyelpolitico.com.ar\/wp-content\/uploads\/2023\/11\/IMG-20231110-WA0067.jpg 1080w\" sizes=\"(max-width: 1024px) 100vw, 1024px\" \/><\/figure>\n\n\n\n<figure class=\"wp-block-image size-large\"><img decoding=\"async\" width=\"1019\" height=\"1024\" data-id=\"36050\" src=\"https:\/\/www.elpolitologoyelpolitico.com.ar\/wp-content\/uploads\/2023\/11\/IMG-20231110-WA0065-1019x1024.jpg\" alt=\"\" class=\"wp-image-36050\" srcset=\"https:\/\/www.elpolitologoyelpolitico.com.ar\/wp-content\/uploads\/2023\/11\/IMG-20231110-WA0065-1019x1024.jpg 1019w, https:\/\/www.elpolitologoyelpolitico.com.ar\/wp-content\/uploads\/2023\/11\/IMG-20231110-WA0065-300x300.jpg 300w, https:\/\/www.elpolitologoyelpolitico.com.ar\/wp-content\/uploads\/2023\/11\/IMG-20231110-WA0065-150x150.jpg 150w, https:\/\/www.elpolitologoyelpolitico.com.ar\/wp-content\/uploads\/2023\/11\/IMG-20231110-WA0065-768x772.jpg 768w, https:\/\/www.elpolitologoyelpolitico.com.ar\/wp-content\/uploads\/2023\/11\/IMG-20231110-WA0065.jpg 1080w\" sizes=\"(max-width: 1019px) 100vw, 1019px\" \/><\/figure>\n<\/figure>\n<div class=\"fb-background-color\">\n\t\t\t  <div \n\t\t\t  \tclass = \"fb-comments\" \n\t\t\t  \tdata-href = \"https:\/\/www.elpolitologoyelpolitico.com.ar\/wordpress\/2023\/11\/10\/hoy-empieza-la-feria-municipal-del-libro-leer-los-dias-recapitular-la-historia\/\"\n\t\t\t  \tdata-numposts = \"10\"\n\t\t\t  \tdata-lazy = \"true\"\n\t\t\t\tdata-colorscheme = \"light\"\n\t\t\t\tdata-order-by = \"social\"\n\t\t\t\tdata-mobile=true>\n\t\t\t  <\/div><\/div>\n\t\t  <style>\n\t\t    .fb-background-color {\n\t\t\t\tbackground: #ffffff !important;\n\t\t\t}\n\t\t\t.fb_iframe_widget_fluid_desktop iframe {\n\t\t\t    width: 100% !important;\n\t\t\t}\n\t\t  <\/style>\n\t\t  ","protected":false},"excerpt":{"rendered":"<p>En el marco de los 50 a\u00f1os de capitalidad y bajo el lema \u201cLeer los d\u00edas, recapitular la historia\u201d, desde hoy viernes 10 de noviembre y hasta el domingo 12, se desarrollar\u00e1 la 13\u00b0 edici\u00f3n de la Feria Municipal del Libro en el Centro Cultural, con entrada libre y gratuita. Con un cronograma cargado de [&hellip;]<\/p>\n","protected":false},"author":4,"featured_media":36048,"comment_status":"closed","ping_status":"closed","sticky":false,"template":"","format":"standard","meta":{"_joinchat":[],"footnotes":""},"categories":[39],"tags":[],"class_list":["post-36047","post","type-post","status-publish","format-standard","has-post-thumbnail","hentry","category-en-esta-seccion"],"_links":{"self":[{"href":"https:\/\/www.elpolitologoyelpolitico.com.ar\/wordpress\/wp-json\/wp\/v2\/posts\/36047","targetHints":{"allow":["GET"]}}],"collection":[{"href":"https:\/\/www.elpolitologoyelpolitico.com.ar\/wordpress\/wp-json\/wp\/v2\/posts"}],"about":[{"href":"https:\/\/www.elpolitologoyelpolitico.com.ar\/wordpress\/wp-json\/wp\/v2\/types\/post"}],"author":[{"embeddable":true,"href":"https:\/\/www.elpolitologoyelpolitico.com.ar\/wordpress\/wp-json\/wp\/v2\/users\/4"}],"replies":[{"embeddable":true,"href":"https:\/\/www.elpolitologoyelpolitico.com.ar\/wordpress\/wp-json\/wp\/v2\/comments?post=36047"}],"version-history":[{"count":1,"href":"https:\/\/www.elpolitologoyelpolitico.com.ar\/wordpress\/wp-json\/wp\/v2\/posts\/36047\/revisions"}],"predecessor-version":[{"id":36051,"href":"https:\/\/www.elpolitologoyelpolitico.com.ar\/wordpress\/wp-json\/wp\/v2\/posts\/36047\/revisions\/36051"}],"wp:featuredmedia":[{"embeddable":true,"href":"https:\/\/www.elpolitologoyelpolitico.com.ar\/wordpress\/wp-json\/wp\/v2\/media\/36048"}],"wp:attachment":[{"href":"https:\/\/www.elpolitologoyelpolitico.com.ar\/wordpress\/wp-json\/wp\/v2\/media?parent=36047"}],"wp:term":[{"taxonomy":"category","embeddable":true,"href":"https:\/\/www.elpolitologoyelpolitico.com.ar\/wordpress\/wp-json\/wp\/v2\/categories?post=36047"},{"taxonomy":"post_tag","embeddable":true,"href":"https:\/\/www.elpolitologoyelpolitico.com.ar\/wordpress\/wp-json\/wp\/v2\/tags?post=36047"}],"curies":[{"name":"wp","href":"https:\/\/api.w.org\/{rel}","templated":true}]}}