{"id":36034,"date":"2023-11-10T16:23:37","date_gmt":"2023-11-10T19:23:37","guid":{"rendered":"https:\/\/www.elpolitologoyelpolitico.com.ar\/wordpress\/?p=36034"},"modified":"2023-11-10T16:23:38","modified_gmt":"2023-11-10T19:23:38","slug":"culmino-el-primer-viaje-de-turismo-social-a-bariloche","status":"publish","type":"post","link":"https:\/\/www.elpolitologoyelpolitico.com.ar\/wordpress\/2023\/11\/10\/culmino-el-primer-viaje-de-turismo-social-a-bariloche\/","title":{"rendered":"Culmin\u00f3 el primer viaje de turismo social a Bariloche"},"content":{"rendered":"\n<p>Esta semana, termin\u00f3 el primer viaje de Turismo Social a San Carlos de Bariloche, que organiza el Ministerio de Desarrollo Humano y Articulaci\u00f3n Solidaria, a trav\u00e9s del Programa Lazos+60. El programa busca que las Personas Mayores que integran los distintos centros de jubilados, asociaciones y agrupaciones adheridas al programa, conozcan los principales puntos tur\u00edsticos de nuestra provincia.<\/p>\n\n\n\n<p>En este primer viaje la Agrupaci\u00f3n Mayores El C\u00f3ndor y sus 28 integrantes, vivieron cinco d\u00edas cargados de aventuras, emoci\u00f3n y mucha diversi\u00f3n. As\u00ed lo cuenta Gloria Herrera, integrante de la agrupaci\u00f3n: \u00abQueremos agradecer al programa y a todos los que hicieron posible que pudi\u00e9ramos disfrutar de este viaje. Esto se trata de disfrutar de todos los que nos acompa\u00f1an, de disfrutar de la posibilidad de poder viajar hasta Bariloche y de conocer lugares maravillosos como Colonia Suiza, subirse a una aerosilla que para muchos era la primer vez, visitar los lagos, llevarse miles de recuerdos para contar con nuestras familias al volver. Es simplemente maravilloso\u201d.<\/p>\n\n\n\n<p>Desde la cima del Cerro Campanario y con una de las vistas m\u00e1s imponentes de la ciudad, Gloria no quiso perder oportunidad de dejar un mensaje important\u00edsimo para sus pares: \u00abEsto nos ayuda para poder complementarnos con otras personas mayores tanto de nuestra agrupaci\u00f3n como de otras tambi\u00e9n. Los invito a que se sumen, no solo para los viajes sino tambi\u00e9n para acompa\u00f1arnos en todo momento y que las personas mayores no se sientan solas. Nosotros podemos hacer muchas cosas, podemos ayudar a otros y entre todos podemos disfrutar de una mejor vida en esta etapa\u201d.&nbsp;<\/p>\n\n\n\n<p>El pr\u00f3ximo&nbsp;viaje&nbsp;de&nbsp;Turismo Social, se realizar\u00e1 del 15 al 20 de noviembre, donde la Agrupaci\u00f3n Alfas del Puerto de San Antonio Este y sus 32 integrantes podr\u00e1n disfrutar de una experiencia inolvidable en San Carlos de Bariloche.<\/p>\n\n\n\n<p>El programa Lazos+60 contempla el desarrollo de actividades recreativas, deportivas, culturales, el dictado de talleres y el fortalecimiento institucional de todas aquellas agrupaciones que trabajan con Personas Mayores.<\/p>\n\n\n\n<p><\/p>\n\n\n\n<figure class=\"wp-block-gallery has-nested-images columns-default is-cropped wp-block-gallery-1 is-layout-flex wp-block-gallery-is-layout-flex\">\n<figure class=\"wp-block-image size-large\"><img fetchpriority=\"high\" decoding=\"async\" width=\"1024\" height=\"461\" data-id=\"36036\" src=\"https:\/\/www.elpolitologoyelpolitico.com.ar\/wp-content\/uploads\/2023\/11\/IMG-20231110-WA0049-1024x461.jpg\" alt=\"\" class=\"wp-image-36036\" srcset=\"https:\/\/www.elpolitologoyelpolitico.com.ar\/wp-content\/uploads\/2023\/11\/IMG-20231110-WA0049-1024x461.jpg 1024w, https:\/\/www.elpolitologoyelpolitico.com.ar\/wp-content\/uploads\/2023\/11\/IMG-20231110-WA0049-300x135.jpg 300w, https:\/\/www.elpolitologoyelpolitico.com.ar\/wp-content\/uploads\/2023\/11\/IMG-20231110-WA0049-768x346.jpg 768w, https:\/\/www.elpolitologoyelpolitico.com.ar\/wp-content\/uploads\/2023\/11\/IMG-20231110-WA0049.jpg 1280w\" sizes=\"(max-width: 1024px) 100vw, 1024px\" \/><\/figure>\n\n\n\n<figure class=\"wp-block-image size-large\"><img decoding=\"async\" width=\"1024\" height=\"461\" data-id=\"36037\" src=\"https:\/\/www.elpolitologoyelpolitico.com.ar\/wp-content\/uploads\/2023\/11\/IMG-20231110-WA0048-1024x461.jpg\" alt=\"\" class=\"wp-image-36037\" srcset=\"https:\/\/www.elpolitologoyelpolitico.com.ar\/wp-content\/uploads\/2023\/11\/IMG-20231110-WA0048-1024x461.jpg 1024w, https:\/\/www.elpolitologoyelpolitico.com.ar\/wp-content\/uploads\/2023\/11\/IMG-20231110-WA0048-300x135.jpg 300w, https:\/\/www.elpolitologoyelpolitico.com.ar\/wp-content\/uploads\/2023\/11\/IMG-20231110-WA0048-768x346.jpg 768w, https:\/\/www.elpolitologoyelpolitico.com.ar\/wp-content\/uploads\/2023\/11\/IMG-20231110-WA0048.jpg 1280w\" sizes=\"(max-width: 1024px) 100vw, 1024px\" \/><\/figure>\n<\/figure>\n<div class=\"fb-background-color\">\n\t\t\t  <div \n\t\t\t  \tclass = \"fb-comments\" \n\t\t\t  \tdata-href = \"https:\/\/www.elpolitologoyelpolitico.com.ar\/wordpress\/2023\/11\/10\/culmino-el-primer-viaje-de-turismo-social-a-bariloche\/\"\n\t\t\t  \tdata-numposts = \"10\"\n\t\t\t  \tdata-lazy = \"true\"\n\t\t\t\tdata-colorscheme = \"light\"\n\t\t\t\tdata-order-by = \"social\"\n\t\t\t\tdata-mobile=true>\n\t\t\t  <\/div><\/div>\n\t\t  <style>\n\t\t    .fb-background-color {\n\t\t\t\tbackground: #ffffff !important;\n\t\t\t}\n\t\t\t.fb_iframe_widget_fluid_desktop iframe {\n\t\t\t    width: 100% !important;\n\t\t\t}\n\t\t  <\/style>\n\t\t  ","protected":false},"excerpt":{"rendered":"<p>Esta semana, termin\u00f3 el primer viaje de Turismo Social a San Carlos de Bariloche, que organiza el Ministerio de Desarrollo Humano y Articulaci\u00f3n Solidaria, a trav\u00e9s del Programa Lazos+60. El programa busca que las Personas Mayores que integran los distintos centros de jubilados, asociaciones y agrupaciones adheridas al programa, conozcan los principales puntos tur\u00edsticos de [&hellip;]<\/p>\n","protected":false},"author":4,"featured_media":36035,"comment_status":"closed","ping_status":"closed","sticky":false,"template":"","format":"standard","meta":{"_joinchat":[],"footnotes":""},"categories":[39],"tags":[],"class_list":["post-36034","post","type-post","status-publish","format-standard","has-post-thumbnail","hentry","category-en-esta-seccion"],"_links":{"self":[{"href":"https:\/\/www.elpolitologoyelpolitico.com.ar\/wordpress\/wp-json\/wp\/v2\/posts\/36034","targetHints":{"allow":["GET"]}}],"collection":[{"href":"https:\/\/www.elpolitologoyelpolitico.com.ar\/wordpress\/wp-json\/wp\/v2\/posts"}],"about":[{"href":"https:\/\/www.elpolitologoyelpolitico.com.ar\/wordpress\/wp-json\/wp\/v2\/types\/post"}],"author":[{"embeddable":true,"href":"https:\/\/www.elpolitologoyelpolitico.com.ar\/wordpress\/wp-json\/wp\/v2\/users\/4"}],"replies":[{"embeddable":true,"href":"https:\/\/www.elpolitologoyelpolitico.com.ar\/wordpress\/wp-json\/wp\/v2\/comments?post=36034"}],"version-history":[{"count":1,"href":"https:\/\/www.elpolitologoyelpolitico.com.ar\/wordpress\/wp-json\/wp\/v2\/posts\/36034\/revisions"}],"predecessor-version":[{"id":36038,"href":"https:\/\/www.elpolitologoyelpolitico.com.ar\/wordpress\/wp-json\/wp\/v2\/posts\/36034\/revisions\/36038"}],"wp:featuredmedia":[{"embeddable":true,"href":"https:\/\/www.elpolitologoyelpolitico.com.ar\/wordpress\/wp-json\/wp\/v2\/media\/36035"}],"wp:attachment":[{"href":"https:\/\/www.elpolitologoyelpolitico.com.ar\/wordpress\/wp-json\/wp\/v2\/media?parent=36034"}],"wp:term":[{"taxonomy":"category","embeddable":true,"href":"https:\/\/www.elpolitologoyelpolitico.com.ar\/wordpress\/wp-json\/wp\/v2\/categories?post=36034"},{"taxonomy":"post_tag","embeddable":true,"href":"https:\/\/www.elpolitologoyelpolitico.com.ar\/wordpress\/wp-json\/wp\/v2\/tags?post=36034"}],"curies":[{"name":"wp","href":"https:\/\/api.w.org\/{rel}","templated":true}]}}