{"id":36028,"date":"2023-11-10T14:41:40","date_gmt":"2023-11-10T17:41:40","guid":{"rendered":"https:\/\/www.elpolitologoyelpolitico.com.ar\/wordpress\/?p=36028"},"modified":"2023-11-10T14:41:41","modified_gmt":"2023-11-10T17:41:41","slug":"hoy-se-reune-la-comision-de-futbol-del-club-villa-del-carmen-en-patagones","status":"publish","type":"post","link":"https:\/\/www.elpolitologoyelpolitico.com.ar\/wordpress\/2023\/11\/10\/hoy-se-reune-la-comision-de-futbol-del-club-villa-del-carmen-en-patagones\/","title":{"rendered":"Hoy se reune la Comisi\u00f3n de Futbol del Club Villa Del Carmen en Patagones"},"content":{"rendered":"\n<p>Hoy viernes 10 de noviembre a las 20 horas se reune la comisi\u00f3n de futbol del club villa del carmen en las instalaciones del club.<\/p>\n\n\n\n<p>Los integrantes de la comisi\u00f3n invitan a sus socios y vecinos a participen de la asamblea.<\/p>\n\n\n\n<p>En la misma, se har\u00e1 la rendici\u00f3n y los balances de los 2 a\u00f1os de gesti\u00f3n como Comisi\u00f3n Directiva de la Instituci\u00f3n porque es un derecho que tienen los socios.<\/p>\n\n\n\n<p>Ademas, se les recuerda que se estar\u00e1 cobrando la cuota y los socios podr\u00e1n regularizar su situaci\u00f3n.<\/p>\n\n\n\n<p>En caso que algun vecino o socio quiere participar en alguna lista, ee puede acercar al club o comunicarse al 2920341553<\/p>\n<div class=\"fb-background-color\">\n\t\t\t  <div \n\t\t\t  \tclass = \"fb-comments\" \n\t\t\t  \tdata-href = \"https:\/\/www.elpolitologoyelpolitico.com.ar\/wordpress\/2023\/11\/10\/hoy-se-reune-la-comision-de-futbol-del-club-villa-del-carmen-en-patagones\/\"\n\t\t\t  \tdata-numposts = \"10\"\n\t\t\t  \tdata-lazy = \"true\"\n\t\t\t\tdata-colorscheme = \"light\"\n\t\t\t\tdata-order-by = \"social\"\n\t\t\t\tdata-mobile=true>\n\t\t\t  <\/div><\/div>\n\t\t  <style>\n\t\t    .fb-background-color {\n\t\t\t\tbackground: #ffffff !important;\n\t\t\t}\n\t\t\t.fb_iframe_widget_fluid_desktop iframe {\n\t\t\t    width: 100% !important;\n\t\t\t}\n\t\t  <\/style>\n\t\t  ","protected":false},"excerpt":{"rendered":"<p>Hoy viernes 10 de noviembre a las 20 horas se reune la comisi\u00f3n de futbol del club villa del carmen en las instalaciones del club. Los integrantes de la comisi\u00f3n invitan a sus socios y vecinos a participen de la asamblea. En la misma, se har\u00e1 la rendici\u00f3n y los balances de los 2 a\u00f1os [&hellip;]<\/p>\n","protected":false},"author":4,"featured_media":36029,"comment_status":"closed","ping_status":"closed","sticky":false,"template":"","format":"standard","meta":{"_joinchat":[],"footnotes":""},"categories":[39],"tags":[],"class_list":["post-36028","post","type-post","status-publish","format-standard","has-post-thumbnail","hentry","category-en-esta-seccion"],"_links":{"self":[{"href":"https:\/\/www.elpolitologoyelpolitico.com.ar\/wordpress\/wp-json\/wp\/v2\/posts\/36028","targetHints":{"allow":["GET"]}}],"collection":[{"href":"https:\/\/www.elpolitologoyelpolitico.com.ar\/wordpress\/wp-json\/wp\/v2\/posts"}],"about":[{"href":"https:\/\/www.elpolitologoyelpolitico.com.ar\/wordpress\/wp-json\/wp\/v2\/types\/post"}],"author":[{"embeddable":true,"href":"https:\/\/www.elpolitologoyelpolitico.com.ar\/wordpress\/wp-json\/wp\/v2\/users\/4"}],"replies":[{"embeddable":true,"href":"https:\/\/www.elpolitologoyelpolitico.com.ar\/wordpress\/wp-json\/wp\/v2\/comments?post=36028"}],"version-history":[{"count":1,"href":"https:\/\/www.elpolitologoyelpolitico.com.ar\/wordpress\/wp-json\/wp\/v2\/posts\/36028\/revisions"}],"predecessor-version":[{"id":36030,"href":"https:\/\/www.elpolitologoyelpolitico.com.ar\/wordpress\/wp-json\/wp\/v2\/posts\/36028\/revisions\/36030"}],"wp:featuredmedia":[{"embeddable":true,"href":"https:\/\/www.elpolitologoyelpolitico.com.ar\/wordpress\/wp-json\/wp\/v2\/media\/36029"}],"wp:attachment":[{"href":"https:\/\/www.elpolitologoyelpolitico.com.ar\/wordpress\/wp-json\/wp\/v2\/media?parent=36028"}],"wp:term":[{"taxonomy":"category","embeddable":true,"href":"https:\/\/www.elpolitologoyelpolitico.com.ar\/wordpress\/wp-json\/wp\/v2\/categories?post=36028"},{"taxonomy":"post_tag","embeddable":true,"href":"https:\/\/www.elpolitologoyelpolitico.com.ar\/wordpress\/wp-json\/wp\/v2\/tags?post=36028"}],"curies":[{"name":"wp","href":"https:\/\/api.w.org\/{rel}","templated":true}]}}