{"id":36025,"date":"2023-11-10T09:13:51","date_gmt":"2023-11-10T12:13:51","guid":{"rendered":"https:\/\/www.elpolitologoyelpolitico.com.ar\/wordpress\/?p=36025"},"modified":"2023-11-10T09:13:52","modified_gmt":"2023-11-10T12:13:52","slug":"se-viene-la-fiesta-populal-por-el-dia-de-la-tradicion-en-viedma","status":"publish","type":"post","link":"https:\/\/www.elpolitologoyelpolitico.com.ar\/wordpress\/2023\/11\/10\/se-viene-la-fiesta-populal-por-el-dia-de-la-tradicion-en-viedma\/","title":{"rendered":"Se viene la Fiesta Populal por el D\u00eda de la Tradici\u00f3n en Viedma"},"content":{"rendered":"\n<p>Hoy a partir de las 16 horas se realiza la Fiesta Popular por el d\u00eda de la Tradici\u00f3n.<\/p>\n\n\n\n<p>El evento se llevar\u00e1 a cabo en la Costanera de Viedma (Ministerio de Economia) con la presencia de bandas en vivo, emprendedores, danzas y artesanos.<\/p>\n\n\n\n<p>La entrada es libre y gratuita.<\/p>\n\n\n\n<p>Invita Movimiento Cultural Rionegrino con el acompa\u00f1amiento de la Municipalidad de Viedma y la Univerdidad de R\u00edo Negro.<\/p>\n\n\n\n<p>Acercate con tu mate y reposera a disfrutar de la Fiesta de la Tradici\u00f3n.<\/p>\n<div class=\"fb-background-color\">\n\t\t\t  <div \n\t\t\t  \tclass = \"fb-comments\" \n\t\t\t  \tdata-href = \"https:\/\/www.elpolitologoyelpolitico.com.ar\/wordpress\/2023\/11\/10\/se-viene-la-fiesta-populal-por-el-dia-de-la-tradicion-en-viedma\/\"\n\t\t\t  \tdata-numposts = \"10\"\n\t\t\t  \tdata-lazy = \"true\"\n\t\t\t\tdata-colorscheme = \"light\"\n\t\t\t\tdata-order-by = \"social\"\n\t\t\t\tdata-mobile=true>\n\t\t\t  <\/div><\/div>\n\t\t  <style>\n\t\t    .fb-background-color {\n\t\t\t\tbackground: #ffffff !important;\n\t\t\t}\n\t\t\t.fb_iframe_widget_fluid_desktop iframe {\n\t\t\t    width: 100% !important;\n\t\t\t}\n\t\t  <\/style>\n\t\t  ","protected":false},"excerpt":{"rendered":"<p>Hoy a partir de las 16 horas se realiza la Fiesta Popular por el d\u00eda de la Tradici\u00f3n. El evento se llevar\u00e1 a cabo en la Costanera de Viedma (Ministerio de Economia) con la presencia de bandas en vivo, emprendedores, danzas y artesanos. La entrada es libre y gratuita. Invita Movimiento Cultural Rionegrino con el [&hellip;]<\/p>\n","protected":false},"author":4,"featured_media":36026,"comment_status":"closed","ping_status":"closed","sticky":false,"template":"","format":"standard","meta":{"_joinchat":[],"footnotes":""},"categories":[39],"tags":[],"class_list":["post-36025","post","type-post","status-publish","format-standard","has-post-thumbnail","hentry","category-en-esta-seccion"],"_links":{"self":[{"href":"https:\/\/www.elpolitologoyelpolitico.com.ar\/wordpress\/wp-json\/wp\/v2\/posts\/36025","targetHints":{"allow":["GET"]}}],"collection":[{"href":"https:\/\/www.elpolitologoyelpolitico.com.ar\/wordpress\/wp-json\/wp\/v2\/posts"}],"about":[{"href":"https:\/\/www.elpolitologoyelpolitico.com.ar\/wordpress\/wp-json\/wp\/v2\/types\/post"}],"author":[{"embeddable":true,"href":"https:\/\/www.elpolitologoyelpolitico.com.ar\/wordpress\/wp-json\/wp\/v2\/users\/4"}],"replies":[{"embeddable":true,"href":"https:\/\/www.elpolitologoyelpolitico.com.ar\/wordpress\/wp-json\/wp\/v2\/comments?post=36025"}],"version-history":[{"count":1,"href":"https:\/\/www.elpolitologoyelpolitico.com.ar\/wordpress\/wp-json\/wp\/v2\/posts\/36025\/revisions"}],"predecessor-version":[{"id":36027,"href":"https:\/\/www.elpolitologoyelpolitico.com.ar\/wordpress\/wp-json\/wp\/v2\/posts\/36025\/revisions\/36027"}],"wp:featuredmedia":[{"embeddable":true,"href":"https:\/\/www.elpolitologoyelpolitico.com.ar\/wordpress\/wp-json\/wp\/v2\/media\/36026"}],"wp:attachment":[{"href":"https:\/\/www.elpolitologoyelpolitico.com.ar\/wordpress\/wp-json\/wp\/v2\/media?parent=36025"}],"wp:term":[{"taxonomy":"category","embeddable":true,"href":"https:\/\/www.elpolitologoyelpolitico.com.ar\/wordpress\/wp-json\/wp\/v2\/categories?post=36025"},{"taxonomy":"post_tag","embeddable":true,"href":"https:\/\/www.elpolitologoyelpolitico.com.ar\/wordpress\/wp-json\/wp\/v2\/tags?post=36025"}],"curies":[{"name":"wp","href":"https:\/\/api.w.org\/{rel}","templated":true}]}}