{"id":36019,"date":"2023-11-09T23:41:23","date_gmt":"2023-11-10T02:41:23","guid":{"rendered":"https:\/\/www.elpolitologoyelpolitico.com.ar\/wordpress\/?p=36019"},"modified":"2023-11-09T23:41:24","modified_gmt":"2023-11-10T02:41:24","slug":"el-museo-tello-inaugura-una-muestra-temporaria-sobre-la-identidad-gaucha","status":"publish","type":"post","link":"https:\/\/www.elpolitologoyelpolitico.com.ar\/wordpress\/2023\/11\/09\/el-museo-tello-inaugura-una-muestra-temporaria-sobre-la-identidad-gaucha\/","title":{"rendered":"El Museo Tello inaugura una muestra temporaria sobre la identidad gaucha"},"content":{"rendered":"\n<p>En el marco del D\u00eda de la Tradici\u00f3n, el Museo Jos\u00e9 Eugenio Tello dependiente de la Secretar\u00eda de Estado de Cultura de R\u00edo Negro inaugurar\u00e1 este viernes 10 la muestra \u201cEntre versos y almanaques: celebrando la identidad gaucha\u00bb. La exposici\u00f3n permanecer\u00e1 durante todo el mes de noviembre con entrada libre y gratuita.<\/p>\n\n\n\n<p>La presentaci\u00f3n tendr\u00e1 lugar a las 10 en la sala 4 del Museo Provincial Eugenio Tello ubicado en calle San Mart\u00edn 360. La muestra permanecer\u00e1 all\u00ed hasta la primera semana de diciembre y su horario de visita es desde las 9 a 18 con entrada libre y gratuita.<\/p>\n\n\n\n<p>\u201cEntre versos y almanaques: celebrando la identidad gaucha\u00bb se basa en una interesante combinaci\u00f3n de almanaques de los a\u00f1os 1937, 1938 y 1939, en los cuales se han incluido estrofas del famoso poema \u00e9pico argentino, el Mart\u00edn Fierro. Estos almanaques pertenecen al Museo Tello y representan una valiosa colecci\u00f3n que ha sido cuidadosamente seleccionada para la exposici\u00f3n.<\/p>\n\n\n\n<p>Adem\u00e1s de los almanaques, la muestra se complementa con material gauchesco provenientes todos del Museo, lo que a\u00f1ade un atractivo adicional a la exhibici\u00f3n. Este material gauchesco abarca una amplia variedad de elementos del quehacer gauchesco escenogr\u00e1fico que se ver\u00e1 en los almanaques.<\/p>\n<div class=\"fb-background-color\">\n\t\t\t  <div \n\t\t\t  \tclass = \"fb-comments\" \n\t\t\t  \tdata-href = \"https:\/\/www.elpolitologoyelpolitico.com.ar\/wordpress\/2023\/11\/09\/el-museo-tello-inaugura-una-muestra-temporaria-sobre-la-identidad-gaucha\/\"\n\t\t\t  \tdata-numposts = \"10\"\n\t\t\t  \tdata-lazy = \"true\"\n\t\t\t\tdata-colorscheme = \"light\"\n\t\t\t\tdata-order-by = \"social\"\n\t\t\t\tdata-mobile=true>\n\t\t\t  <\/div><\/div>\n\t\t  <style>\n\t\t    .fb-background-color {\n\t\t\t\tbackground: #ffffff !important;\n\t\t\t}\n\t\t\t.fb_iframe_widget_fluid_desktop iframe {\n\t\t\t    width: 100% !important;\n\t\t\t}\n\t\t  <\/style>\n\t\t  ","protected":false},"excerpt":{"rendered":"<p>En el marco del D\u00eda de la Tradici\u00f3n, el Museo Jos\u00e9 Eugenio Tello dependiente de la Secretar\u00eda de Estado de Cultura de R\u00edo Negro inaugurar\u00e1 este viernes 10 la muestra \u201cEntre versos y almanaques: celebrando la identidad gaucha\u00bb. La exposici\u00f3n permanecer\u00e1 durante todo el mes de noviembre con entrada libre y gratuita. La presentaci\u00f3n tendr\u00e1 [&hellip;]<\/p>\n","protected":false},"author":4,"featured_media":36020,"comment_status":"closed","ping_status":"closed","sticky":false,"template":"","format":"standard","meta":{"_joinchat":[],"footnotes":""},"categories":[39],"tags":[],"class_list":["post-36019","post","type-post","status-publish","format-standard","has-post-thumbnail","hentry","category-en-esta-seccion"],"_links":{"self":[{"href":"https:\/\/www.elpolitologoyelpolitico.com.ar\/wordpress\/wp-json\/wp\/v2\/posts\/36019","targetHints":{"allow":["GET"]}}],"collection":[{"href":"https:\/\/www.elpolitologoyelpolitico.com.ar\/wordpress\/wp-json\/wp\/v2\/posts"}],"about":[{"href":"https:\/\/www.elpolitologoyelpolitico.com.ar\/wordpress\/wp-json\/wp\/v2\/types\/post"}],"author":[{"embeddable":true,"href":"https:\/\/www.elpolitologoyelpolitico.com.ar\/wordpress\/wp-json\/wp\/v2\/users\/4"}],"replies":[{"embeddable":true,"href":"https:\/\/www.elpolitologoyelpolitico.com.ar\/wordpress\/wp-json\/wp\/v2\/comments?post=36019"}],"version-history":[{"count":1,"href":"https:\/\/www.elpolitologoyelpolitico.com.ar\/wordpress\/wp-json\/wp\/v2\/posts\/36019\/revisions"}],"predecessor-version":[{"id":36021,"href":"https:\/\/www.elpolitologoyelpolitico.com.ar\/wordpress\/wp-json\/wp\/v2\/posts\/36019\/revisions\/36021"}],"wp:featuredmedia":[{"embeddable":true,"href":"https:\/\/www.elpolitologoyelpolitico.com.ar\/wordpress\/wp-json\/wp\/v2\/media\/36020"}],"wp:attachment":[{"href":"https:\/\/www.elpolitologoyelpolitico.com.ar\/wordpress\/wp-json\/wp\/v2\/media?parent=36019"}],"wp:term":[{"taxonomy":"category","embeddable":true,"href":"https:\/\/www.elpolitologoyelpolitico.com.ar\/wordpress\/wp-json\/wp\/v2\/categories?post=36019"},{"taxonomy":"post_tag","embeddable":true,"href":"https:\/\/www.elpolitologoyelpolitico.com.ar\/wordpress\/wp-json\/wp\/v2\/tags?post=36019"}],"curies":[{"name":"wp","href":"https:\/\/api.w.org\/{rel}","templated":true}]}}