{"id":36014,"date":"2023-11-09T23:30:19","date_gmt":"2023-11-10T02:30:19","guid":{"rendered":"https:\/\/www.elpolitologoyelpolitico.com.ar\/wordpress\/?p=36014"},"modified":"2023-11-09T23:30:20","modified_gmt":"2023-11-10T02:30:20","slug":"el-intendente-de-patagones-jose-zara-le-solicito-a-alberto-sileoni-la-construccion-de-nuevos-edificios-escolares","status":"publish","type":"post","link":"https:\/\/www.elpolitologoyelpolitico.com.ar\/wordpress\/2023\/11\/09\/el-intendente-de-patagones-jose-zara-le-solicito-a-alberto-sileoni-la-construccion-de-nuevos-edificios-escolares\/","title":{"rendered":"El Intendente de Patagones Jos\u00e9 Zara le solicit\u00f3 a Alberto Sileoni la construcci\u00f3n de nuevos edificios escolares"},"content":{"rendered":"\n<p>Este jueves por la ma\u00f1ana, el Intendente Municipal, Ing. Jos\u00e9 Luis Zara, junto al Director General de Cultura y Educaci\u00f3n de la provincia de Buenos Aires, Alberto Sileoni, recorri\u00f3 obras en marcha en Carmen de Patagones.<\/p>\n\n\n\n<p>Durante el recorrido, el jefe comunal aprovech\u00f3 la ocasi\u00f3n para solicitarle al funcionario provincial que se concreten las gestiones para la construcci\u00f3n del edificio propio para la Escuela de Educaci\u00f3n T\u00e9cnica N\u00b01, cuyo proyecto ya fue presentado y, adem\u00e1s solicit\u00f3 la construcci\u00f3n de una residencia para los alumnos del Centro Educativo para la Producci\u00f3n Total N\u00b0 23, de Igarzabal.<\/p>\n\n\n\n<p>En cuanto a las obras en marcha, en primer t\u00e9rmino se trasladaron al edificio en construcci\u00f3n para el Jard\u00edn N\u00b0910, en el barrio Villa Rita, de Carmen de Patagones.<\/p>\n\n\n\n<p>All\u00ed, ambos visualizaron los avances de la obra, que abarca unos 480 metros cuadrados e incluye 3 aulas, cada una con patio y sanitario individual, una cocina, sal\u00f3n de usos m\u00faltiples y dependencia administrativa.<\/p>\n\n\n\n<p>El nuevo espacio, cuyo proyecto es financiado por la Direcci\u00f3n General de Cultura y Educaci\u00f3n bonaerense por m\u00e1s de 60 millones de pesos, est\u00e1 ubicado entre las calles Ram\u00f3n Ocampo y Arturo Ill\u00eda, y se concret\u00f3 en respuesta a un hist\u00f3rico pedido de la comunidad educativa.<\/p>\n\n\n\n<p>Posteriormente, Zara junto a Sileoni se trasladaron a la obra de construcci\u00f3n del edificio para el Instituto de Formaci\u00f3n Docente N\u00b025, donde destacaron los avances en el desarrollo del proyecto, cuya inversi\u00f3n oscila los 60 millones de pesos y permitir\u00e1 concentrar todas las actividades acad\u00e9micas en su propio edificio.<\/p>\n\n\n\n<p>Al finalizar, el mandatario agradeci\u00f3 al titular de la cartera bonaerense por el constante trabajo mancomunado, especialmente destac\u00f3 la predisposici\u00f3n de Ariel Lambezat, Subsecretario de Infraestructura Escolar de la Provincia de Buenos Aires.<\/p>\n\n\n\n<figure class=\"wp-block-gallery has-nested-images columns-default is-cropped wp-block-gallery-1 is-layout-flex wp-block-gallery-is-layout-flex\">\n<figure class=\"wp-block-image size-large\"><img fetchpriority=\"high\" decoding=\"async\" width=\"1024\" height=\"683\" data-id=\"36016\" src=\"https:\/\/www.elpolitologoyelpolitico.com.ar\/wp-content\/uploads\/2023\/11\/IMG-20231109-WA0037-1024x683.jpg\" alt=\"\" class=\"wp-image-36016\" srcset=\"https:\/\/www.elpolitologoyelpolitico.com.ar\/wp-content\/uploads\/2023\/11\/IMG-20231109-WA0037-1024x683.jpg 1024w, https:\/\/www.elpolitologoyelpolitico.com.ar\/wp-content\/uploads\/2023\/11\/IMG-20231109-WA0037-300x200.jpg 300w, https:\/\/www.elpolitologoyelpolitico.com.ar\/wp-content\/uploads\/2023\/11\/IMG-20231109-WA0037-768x512.jpg 768w, https:\/\/www.elpolitologoyelpolitico.com.ar\/wp-content\/uploads\/2023\/11\/IMG-20231109-WA0037-1536x1024.jpg 1536w, https:\/\/www.elpolitologoyelpolitico.com.ar\/wp-content\/uploads\/2023\/11\/IMG-20231109-WA0037.jpg 1599w\" sizes=\"(max-width: 1024px) 100vw, 1024px\" \/><\/figure>\n\n\n\n<figure class=\"wp-block-image size-large\"><img decoding=\"async\" width=\"1024\" height=\"683\" data-id=\"36017\" src=\"https:\/\/www.elpolitologoyelpolitico.com.ar\/wp-content\/uploads\/2023\/11\/IMG-20231109-WA0036-1024x683.jpg\" alt=\"\" class=\"wp-image-36017\" srcset=\"https:\/\/www.elpolitologoyelpolitico.com.ar\/wp-content\/uploads\/2023\/11\/IMG-20231109-WA0036-1024x683.jpg 1024w, https:\/\/www.elpolitologoyelpolitico.com.ar\/wp-content\/uploads\/2023\/11\/IMG-20231109-WA0036-300x200.jpg 300w, https:\/\/www.elpolitologoyelpolitico.com.ar\/wp-content\/uploads\/2023\/11\/IMG-20231109-WA0036-768x512.jpg 768w, https:\/\/www.elpolitologoyelpolitico.com.ar\/wp-content\/uploads\/2023\/11\/IMG-20231109-WA0036-1536x1024.jpg 1536w, https:\/\/www.elpolitologoyelpolitico.com.ar\/wp-content\/uploads\/2023\/11\/IMG-20231109-WA0036.jpg 1599w\" sizes=\"(max-width: 1024px) 100vw, 1024px\" \/><\/figure>\n<\/figure>\n<div class=\"fb-background-color\">\n\t\t\t  <div \n\t\t\t  \tclass = \"fb-comments\" \n\t\t\t  \tdata-href = \"https:\/\/www.elpolitologoyelpolitico.com.ar\/wordpress\/2023\/11\/09\/el-intendente-de-patagones-jose-zara-le-solicito-a-alberto-sileoni-la-construccion-de-nuevos-edificios-escolares\/\"\n\t\t\t  \tdata-numposts = \"10\"\n\t\t\t  \tdata-lazy = \"true\"\n\t\t\t\tdata-colorscheme = \"light\"\n\t\t\t\tdata-order-by = \"social\"\n\t\t\t\tdata-mobile=true>\n\t\t\t  <\/div><\/div>\n\t\t  <style>\n\t\t    .fb-background-color {\n\t\t\t\tbackground: #ffffff !important;\n\t\t\t}\n\t\t\t.fb_iframe_widget_fluid_desktop iframe {\n\t\t\t    width: 100% !important;\n\t\t\t}\n\t\t  <\/style>\n\t\t  ","protected":false},"excerpt":{"rendered":"<p>Este jueves por la ma\u00f1ana, el Intendente Municipal, Ing. Jos\u00e9 Luis Zara, junto al Director General de Cultura y Educaci\u00f3n de la provincia de Buenos Aires, Alberto Sileoni, recorri\u00f3 obras en marcha en Carmen de Patagones. Durante el recorrido, el jefe comunal aprovech\u00f3 la ocasi\u00f3n para solicitarle al funcionario provincial que se concreten las gestiones [&hellip;]<\/p>\n","protected":false},"author":4,"featured_media":36015,"comment_status":"closed","ping_status":"closed","sticky":false,"template":"","format":"standard","meta":{"_joinchat":[],"footnotes":""},"categories":[4],"tags":[],"class_list":["post-36014","post","type-post","status-publish","format-standard","has-post-thumbnail","hentry","category-politicas-publicas"],"_links":{"self":[{"href":"https:\/\/www.elpolitologoyelpolitico.com.ar\/wordpress\/wp-json\/wp\/v2\/posts\/36014","targetHints":{"allow":["GET"]}}],"collection":[{"href":"https:\/\/www.elpolitologoyelpolitico.com.ar\/wordpress\/wp-json\/wp\/v2\/posts"}],"about":[{"href":"https:\/\/www.elpolitologoyelpolitico.com.ar\/wordpress\/wp-json\/wp\/v2\/types\/post"}],"author":[{"embeddable":true,"href":"https:\/\/www.elpolitologoyelpolitico.com.ar\/wordpress\/wp-json\/wp\/v2\/users\/4"}],"replies":[{"embeddable":true,"href":"https:\/\/www.elpolitologoyelpolitico.com.ar\/wordpress\/wp-json\/wp\/v2\/comments?post=36014"}],"version-history":[{"count":1,"href":"https:\/\/www.elpolitologoyelpolitico.com.ar\/wordpress\/wp-json\/wp\/v2\/posts\/36014\/revisions"}],"predecessor-version":[{"id":36018,"href":"https:\/\/www.elpolitologoyelpolitico.com.ar\/wordpress\/wp-json\/wp\/v2\/posts\/36014\/revisions\/36018"}],"wp:featuredmedia":[{"embeddable":true,"href":"https:\/\/www.elpolitologoyelpolitico.com.ar\/wordpress\/wp-json\/wp\/v2\/media\/36015"}],"wp:attachment":[{"href":"https:\/\/www.elpolitologoyelpolitico.com.ar\/wordpress\/wp-json\/wp\/v2\/media?parent=36014"}],"wp:term":[{"taxonomy":"category","embeddable":true,"href":"https:\/\/www.elpolitologoyelpolitico.com.ar\/wordpress\/wp-json\/wp\/v2\/categories?post=36014"},{"taxonomy":"post_tag","embeddable":true,"href":"https:\/\/www.elpolitologoyelpolitico.com.ar\/wordpress\/wp-json\/wp\/v2\/tags?post=36014"}],"curies":[{"name":"wp","href":"https:\/\/api.w.org\/{rel}","templated":true}]}}