{"id":36009,"date":"2023-11-09T23:20:29","date_gmt":"2023-11-10T02:20:29","guid":{"rendered":"https:\/\/www.elpolitologoyelpolitico.com.ar\/wordpress\/?p=36009"},"modified":"2023-11-09T23:20:30","modified_gmt":"2023-11-10T02:20:30","slug":"el-director-general-de-cultura-y-educacion-de-la-provincia-de-buenos-aires-alberto-sileoni-estuvo-en-patagones","status":"publish","type":"post","link":"https:\/\/www.elpolitologoyelpolitico.com.ar\/wordpress\/2023\/11\/09\/el-director-general-de-cultura-y-educacion-de-la-provincia-de-buenos-aires-alberto-sileoni-estuvo-en-patagones\/","title":{"rendered":"El Director General de Cultura y Educaci\u00f3n de la Provincia de Buenos Aires Alberto Sileoni estuvo en Patagones"},"content":{"rendered":"\n<p>Alberto Sileoni (Director general de Cultura y Educaci\u00f3n de la Provincia de Buenos Aires) visit\u00f3 Patagones, junto al Inspector Jefe Regional de Educacion Claudio Martini.<\/p>\n\n\n\n<p>La agenda comenz\u00f3 a las 8 horas visitando varios establecimientos educativos, para charlar de diversos temas enfocados en los 40 a\u00f1os de eemocracia, viajes de alumnos a Buenos Aires, entre otros temas.<\/p>\n\n\n\n<p>El funcionario logr\u00f3 intercambiar distintas palabras y realizar actividades en conjunto con alumnos de la modalidad secundaria.<\/p>\n\n\n\n<p>Alberto Sileoni comenz\u00f3 su recorrido por la escuela secundaria Islas Malvinas, continuo visitando la obra pronto a terminar del jard\u00edn 910 y mas tarde visit\u00f3 la Escuela de Educaci\u00f3n Secundaria N\u00b0 6.<\/p>\n\n\n\n<p>Sobre el medidia, se dirigio a la sede del Partido Justicialista para tener una reuni\u00f3n pol\u00edtica con los Referentes de Uni\u00f3n x la Patria de Patagones.<\/p>\n\n\n\n<p>Mas tarde finaliz\u00f3 su visita a Carmen de Patagones y viajo a Rosales.<\/p>\n\n\n\n<figure class=\"wp-block-gallery has-nested-images columns-default is-cropped wp-block-gallery-1 is-layout-flex wp-block-gallery-is-layout-flex\">\n<figure class=\"wp-block-image size-large\"><img fetchpriority=\"high\" decoding=\"async\" width=\"1024\" height=\"768\" data-id=\"36011\" src=\"https:\/\/www.elpolitologoyelpolitico.com.ar\/wp-content\/uploads\/2023\/11\/IMG-20231109-WA0034-1024x768.jpg\" alt=\"\" class=\"wp-image-36011\" srcset=\"https:\/\/www.elpolitologoyelpolitico.com.ar\/wp-content\/uploads\/2023\/11\/IMG-20231109-WA0034-1024x768.jpg 1024w, https:\/\/www.elpolitologoyelpolitico.com.ar\/wp-content\/uploads\/2023\/11\/IMG-20231109-WA0034-300x225.jpg 300w, https:\/\/www.elpolitologoyelpolitico.com.ar\/wp-content\/uploads\/2023\/11\/IMG-20231109-WA0034-768x576.jpg 768w, https:\/\/www.elpolitologoyelpolitico.com.ar\/wp-content\/uploads\/2023\/11\/IMG-20231109-WA0034.jpg 1280w\" sizes=\"(max-width: 1024px) 100vw, 1024px\" \/><\/figure>\n\n\n\n<figure class=\"wp-block-image size-large\"><img decoding=\"async\" width=\"770\" height=\"1024\" data-id=\"36012\" src=\"https:\/\/www.elpolitologoyelpolitico.com.ar\/wp-content\/uploads\/2023\/11\/IMG-20231109-WA0035-770x1024.jpg\" alt=\"\" class=\"wp-image-36012\" srcset=\"https:\/\/www.elpolitologoyelpolitico.com.ar\/wp-content\/uploads\/2023\/11\/IMG-20231109-WA0035-770x1024.jpg 770w, https:\/\/www.elpolitologoyelpolitico.com.ar\/wp-content\/uploads\/2023\/11\/IMG-20231109-WA0035-226x300.jpg 226w, https:\/\/www.elpolitologoyelpolitico.com.ar\/wp-content\/uploads\/2023\/11\/IMG-20231109-WA0035-768x1021.jpg 768w, https:\/\/www.elpolitologoyelpolitico.com.ar\/wp-content\/uploads\/2023\/11\/IMG-20231109-WA0035.jpg 963w\" sizes=\"(max-width: 770px) 100vw, 770px\" \/><\/figure>\n<\/figure>\n<div class=\"fb-background-color\">\n\t\t\t  <div \n\t\t\t  \tclass = \"fb-comments\" \n\t\t\t  \tdata-href = \"https:\/\/www.elpolitologoyelpolitico.com.ar\/wordpress\/2023\/11\/09\/el-director-general-de-cultura-y-educacion-de-la-provincia-de-buenos-aires-alberto-sileoni-estuvo-en-patagones\/\"\n\t\t\t  \tdata-numposts = \"10\"\n\t\t\t  \tdata-lazy = \"true\"\n\t\t\t\tdata-colorscheme = \"light\"\n\t\t\t\tdata-order-by = \"social\"\n\t\t\t\tdata-mobile=true>\n\t\t\t  <\/div><\/div>\n\t\t  <style>\n\t\t    .fb-background-color {\n\t\t\t\tbackground: #ffffff !important;\n\t\t\t}\n\t\t\t.fb_iframe_widget_fluid_desktop iframe {\n\t\t\t    width: 100% !important;\n\t\t\t}\n\t\t  <\/style>\n\t\t  ","protected":false},"excerpt":{"rendered":"<p>Alberto Sileoni (Director general de Cultura y Educaci\u00f3n de la Provincia de Buenos Aires) visit\u00f3 Patagones, junto al Inspector Jefe Regional de Educacion Claudio Martini. La agenda comenz\u00f3 a las 8 horas visitando varios establecimientos educativos, para charlar de diversos temas enfocados en los 40 a\u00f1os de eemocracia, viajes de alumnos a Buenos Aires, entre [&hellip;]<\/p>\n","protected":false},"author":4,"featured_media":36010,"comment_status":"closed","ping_status":"closed","sticky":false,"template":"","format":"standard","meta":{"_joinchat":[],"footnotes":""},"categories":[39],"tags":[],"class_list":["post-36009","post","type-post","status-publish","format-standard","has-post-thumbnail","hentry","category-en-esta-seccion"],"_links":{"self":[{"href":"https:\/\/www.elpolitologoyelpolitico.com.ar\/wordpress\/wp-json\/wp\/v2\/posts\/36009","targetHints":{"allow":["GET"]}}],"collection":[{"href":"https:\/\/www.elpolitologoyelpolitico.com.ar\/wordpress\/wp-json\/wp\/v2\/posts"}],"about":[{"href":"https:\/\/www.elpolitologoyelpolitico.com.ar\/wordpress\/wp-json\/wp\/v2\/types\/post"}],"author":[{"embeddable":true,"href":"https:\/\/www.elpolitologoyelpolitico.com.ar\/wordpress\/wp-json\/wp\/v2\/users\/4"}],"replies":[{"embeddable":true,"href":"https:\/\/www.elpolitologoyelpolitico.com.ar\/wordpress\/wp-json\/wp\/v2\/comments?post=36009"}],"version-history":[{"count":1,"href":"https:\/\/www.elpolitologoyelpolitico.com.ar\/wordpress\/wp-json\/wp\/v2\/posts\/36009\/revisions"}],"predecessor-version":[{"id":36013,"href":"https:\/\/www.elpolitologoyelpolitico.com.ar\/wordpress\/wp-json\/wp\/v2\/posts\/36009\/revisions\/36013"}],"wp:featuredmedia":[{"embeddable":true,"href":"https:\/\/www.elpolitologoyelpolitico.com.ar\/wordpress\/wp-json\/wp\/v2\/media\/36010"}],"wp:attachment":[{"href":"https:\/\/www.elpolitologoyelpolitico.com.ar\/wordpress\/wp-json\/wp\/v2\/media?parent=36009"}],"wp:term":[{"taxonomy":"category","embeddable":true,"href":"https:\/\/www.elpolitologoyelpolitico.com.ar\/wordpress\/wp-json\/wp\/v2\/categories?post=36009"},{"taxonomy":"post_tag","embeddable":true,"href":"https:\/\/www.elpolitologoyelpolitico.com.ar\/wordpress\/wp-json\/wp\/v2\/tags?post=36009"}],"curies":[{"name":"wp","href":"https:\/\/api.w.org\/{rel}","templated":true}]}}