{"id":35992,"date":"2023-11-08T21:37:41","date_gmt":"2023-11-09T00:37:41","guid":{"rendered":"https:\/\/www.elpolitologoyelpolitico.com.ar\/wordpress\/?p=35992"},"modified":"2023-11-08T21:37:42","modified_gmt":"2023-11-09T00:37:42","slug":"el-intendente-electo-ricardo-marino-se-reunio-con-el-gobernador-axel-kicillof-para-apoyar-a-sergio-massa-de-cara-al-balotaje","status":"publish","type":"post","link":"https:\/\/www.elpolitologoyelpolitico.com.ar\/wordpress\/2023\/11\/08\/el-intendente-electo-ricardo-marino-se-reunio-con-el-gobernador-axel-kicillof-para-apoyar-a-sergio-massa-de-cara-al-balotaje\/","title":{"rendered":"El intendente electo Ricardo Marino se reuni\u00f3 con el Gobernador Axel Kicillof para apoyar a Sergio Massa de cara al balotaje"},"content":{"rendered":"\n<p>El intendente electo Ricardo marino, particip\u00f3 este mi\u00e9rcoles de un encuentro con el Gobernador Axel Kicillof, en apoyo a la candidatura a presidente del ministro de Econom\u00eda de la Naci\u00f3n Sergio Massa, de cara al pr\u00f3ximo ballotage del 19 de este mes.<\/p>\n\n\n\n<p>\u201cEl pr\u00f3ximo 19 de noviembre habr\u00e1 dos boletas en el cuarto oscuro: una que ofrece privatizaciones y ajuste; y otra que nos garantiza un Gobierno Nacional que invierta en la salud, la educaci\u00f3n y la inclusi\u00f3n de todos y todas\u201d, afirm\u00f3 este mi\u00e9rcoles el gobernador de la provincia de Buenos Aires, Axel Kicillof, al encabezar un encuentro junto al intendente electo, Federico Susbielles.<\/p>\n\n\n\n<p>Tuvo lugar en el sal\u00f3n Borlenghi, de la Asociaci\u00f3n de Empleados de Comercio de Bah\u00eda Blanca, y estuvieron presentes el jefe de Asesores, Carlos Bianco; la ministra de Gobierno, Cristina \u00c1lvarez Rodr\u00edguez; el ministro de Producci\u00f3n, Ciencia e Innovaci\u00f3n Tecnol\u00f3gica, Augusto Costa; el director ejecutivo de ARBA, Cristian Girard; intendentes y autoridades electas en los municipios de la sexta secci\u00f3n electoral.<\/p>\n\n\n\n<figure class=\"wp-block-image size-full\"><img fetchpriority=\"high\" decoding=\"async\" width=\"864\" height=\"589\" src=\"https:\/\/www.elpolitologoyelpolitico.com.ar\/wp-content\/uploads\/2023\/11\/IMG-20231108-WA0059.jpg\" alt=\"\" class=\"wp-image-35994\" srcset=\"https:\/\/www.elpolitologoyelpolitico.com.ar\/wp-content\/uploads\/2023\/11\/IMG-20231108-WA0059.jpg 864w, https:\/\/www.elpolitologoyelpolitico.com.ar\/wp-content\/uploads\/2023\/11\/IMG-20231108-WA0059-300x205.jpg 300w, https:\/\/www.elpolitologoyelpolitico.com.ar\/wp-content\/uploads\/2023\/11\/IMG-20231108-WA0059-768x524.jpg 768w\" sizes=\"(max-width: 864px) 100vw, 864px\" \/><\/figure>\n<div class=\"fb-background-color\">\n\t\t\t  <div \n\t\t\t  \tclass = \"fb-comments\" \n\t\t\t  \tdata-href = \"https:\/\/www.elpolitologoyelpolitico.com.ar\/wordpress\/2023\/11\/08\/el-intendente-electo-ricardo-marino-se-reunio-con-el-gobernador-axel-kicillof-para-apoyar-a-sergio-massa-de-cara-al-balotaje\/\"\n\t\t\t  \tdata-numposts = \"10\"\n\t\t\t  \tdata-lazy = \"true\"\n\t\t\t\tdata-colorscheme = \"light\"\n\t\t\t\tdata-order-by = \"social\"\n\t\t\t\tdata-mobile=true>\n\t\t\t  <\/div><\/div>\n\t\t  <style>\n\t\t    .fb-background-color {\n\t\t\t\tbackground: #ffffff !important;\n\t\t\t}\n\t\t\t.fb_iframe_widget_fluid_desktop iframe {\n\t\t\t    width: 100% !important;\n\t\t\t}\n\t\t  <\/style>\n\t\t  ","protected":false},"excerpt":{"rendered":"<p>El intendente electo Ricardo marino, particip\u00f3 este mi\u00e9rcoles de un encuentro con el Gobernador Axel Kicillof, en apoyo a la candidatura a presidente del ministro de Econom\u00eda de la Naci\u00f3n Sergio Massa, de cara al pr\u00f3ximo ballotage del 19 de este mes. \u201cEl pr\u00f3ximo 19 de noviembre habr\u00e1 dos boletas en el cuarto oscuro: una [&hellip;]<\/p>\n","protected":false},"author":4,"featured_media":35993,"comment_status":"closed","ping_status":"closed","sticky":false,"template":"","format":"standard","meta":{"_joinchat":[],"footnotes":""},"categories":[38],"tags":[],"class_list":["post-35992","post","type-post","status-publish","format-standard","has-post-thumbnail","hentry","category-elecciones"],"_links":{"self":[{"href":"https:\/\/www.elpolitologoyelpolitico.com.ar\/wordpress\/wp-json\/wp\/v2\/posts\/35992","targetHints":{"allow":["GET"]}}],"collection":[{"href":"https:\/\/www.elpolitologoyelpolitico.com.ar\/wordpress\/wp-json\/wp\/v2\/posts"}],"about":[{"href":"https:\/\/www.elpolitologoyelpolitico.com.ar\/wordpress\/wp-json\/wp\/v2\/types\/post"}],"author":[{"embeddable":true,"href":"https:\/\/www.elpolitologoyelpolitico.com.ar\/wordpress\/wp-json\/wp\/v2\/users\/4"}],"replies":[{"embeddable":true,"href":"https:\/\/www.elpolitologoyelpolitico.com.ar\/wordpress\/wp-json\/wp\/v2\/comments?post=35992"}],"version-history":[{"count":1,"href":"https:\/\/www.elpolitologoyelpolitico.com.ar\/wordpress\/wp-json\/wp\/v2\/posts\/35992\/revisions"}],"predecessor-version":[{"id":35995,"href":"https:\/\/www.elpolitologoyelpolitico.com.ar\/wordpress\/wp-json\/wp\/v2\/posts\/35992\/revisions\/35995"}],"wp:featuredmedia":[{"embeddable":true,"href":"https:\/\/www.elpolitologoyelpolitico.com.ar\/wordpress\/wp-json\/wp\/v2\/media\/35993"}],"wp:attachment":[{"href":"https:\/\/www.elpolitologoyelpolitico.com.ar\/wordpress\/wp-json\/wp\/v2\/media?parent=35992"}],"wp:term":[{"taxonomy":"category","embeddable":true,"href":"https:\/\/www.elpolitologoyelpolitico.com.ar\/wordpress\/wp-json\/wp\/v2\/categories?post=35992"},{"taxonomy":"post_tag","embeddable":true,"href":"https:\/\/www.elpolitologoyelpolitico.com.ar\/wordpress\/wp-json\/wp\/v2\/tags?post=35992"}],"curies":[{"name":"wp","href":"https:\/\/api.w.org\/{rel}","templated":true}]}}