{"id":35985,"date":"2023-11-08T21:29:35","date_gmt":"2023-11-09T00:29:35","guid":{"rendered":"https:\/\/www.elpolitologoyelpolitico.com.ar\/wordpress\/?p=35985"},"modified":"2023-11-08T21:29:36","modified_gmt":"2023-11-09T00:29:36","slug":"vuelve-el-campeon-nestor-piri-pinta-a-la-regata-internacional-del-rio-negro","status":"publish","type":"post","link":"https:\/\/www.elpolitologoyelpolitico.com.ar\/wordpress\/2023\/11\/08\/vuelve-el-campeon-nestor-piri-pinta-a-la-regata-internacional-del-rio-negro\/","title":{"rendered":"Vuelve el campe\u00f3n N\u00e9stor \u00abPiri\u00bb Pinta a la regata Internacional del R\u00edo Negro"},"content":{"rendered":"\n<p>El maragato Nestor \u00abEl Piri\u00bb Pinta volvera a competir nuevamente en la pr\u00f3xima competencia Internacional.<\/p>\n\n\n\n<p>Nestor Pinta, viene representando al Distrito de Patagones, desde el a\u00f1o 1993, obteniendo excelentes resultados en todas las competencias en las que particip\u00f3, adem\u00e1s de ganar en reiteradas oportunidades la \u201cRegata Internacional del Rio Negro\u201d, evento por el cual se hizo popular.<\/p>\n\n\n\n<p>Cabe destacar que Pinta particip\u00f3 en torneos provinciales, nacionales e internacionales, consigui\u00f3 el primer puesto en Espa\u00f1a en el a\u00f1o 2010 y obtuvo el quinto lugar entre los mejores del mundo, en el Campeonato Mundial de Marat\u00f3n en ese mismo pa\u00eds.<\/p>\n\n\n\n<p>Adem\u00e1s, en el a\u00f1o 2015 se consagro Campe\u00f3n Argentino y durante el mismo a\u00f1o logr\u00f3 el Titulo Mundial en Hungr\u00eda, un a\u00f1o despu\u00e9s gan\u00f3 la Regata del Rio Negro y se consagr\u00f3 Campe\u00f3n Mundial en M\u00e1ster en Alemania.<\/p>\n\n\n\n<p>La \u00faltima regata que gan\u00f3 Nestor Pinta fue en el a\u00f1o 2020 junto a su hijo, Dami\u00e1n Pinta.<\/p>\n<div class=\"fb-background-color\">\n\t\t\t  <div \n\t\t\t  \tclass = \"fb-comments\" \n\t\t\t  \tdata-href = \"https:\/\/www.elpolitologoyelpolitico.com.ar\/wordpress\/2023\/11\/08\/vuelve-el-campeon-nestor-piri-pinta-a-la-regata-internacional-del-rio-negro\/\"\n\t\t\t  \tdata-numposts = \"10\"\n\t\t\t  \tdata-lazy = \"true\"\n\t\t\t\tdata-colorscheme = \"light\"\n\t\t\t\tdata-order-by = \"social\"\n\t\t\t\tdata-mobile=true>\n\t\t\t  <\/div><\/div>\n\t\t  <style>\n\t\t    .fb-background-color {\n\t\t\t\tbackground: #ffffff !important;\n\t\t\t}\n\t\t\t.fb_iframe_widget_fluid_desktop iframe {\n\t\t\t    width: 100% !important;\n\t\t\t}\n\t\t  <\/style>\n\t\t  ","protected":false},"excerpt":{"rendered":"<p>El maragato Nestor \u00abEl Piri\u00bb Pinta volvera a competir nuevamente en la pr\u00f3xima competencia Internacional. Nestor Pinta, viene representando al Distrito de Patagones, desde el a\u00f1o 1993, obteniendo excelentes resultados en todas las competencias en las que particip\u00f3, adem\u00e1s de ganar en reiteradas oportunidades la \u201cRegata Internacional del Rio Negro\u201d, evento por el cual se [&hellip;]<\/p>\n","protected":false},"author":4,"featured_media":35986,"comment_status":"closed","ping_status":"closed","sticky":false,"template":"","format":"standard","meta":{"_joinchat":[],"footnotes":""},"categories":[39],"tags":[],"class_list":["post-35985","post","type-post","status-publish","format-standard","has-post-thumbnail","hentry","category-en-esta-seccion"],"_links":{"self":[{"href":"https:\/\/www.elpolitologoyelpolitico.com.ar\/wordpress\/wp-json\/wp\/v2\/posts\/35985","targetHints":{"allow":["GET"]}}],"collection":[{"href":"https:\/\/www.elpolitologoyelpolitico.com.ar\/wordpress\/wp-json\/wp\/v2\/posts"}],"about":[{"href":"https:\/\/www.elpolitologoyelpolitico.com.ar\/wordpress\/wp-json\/wp\/v2\/types\/post"}],"author":[{"embeddable":true,"href":"https:\/\/www.elpolitologoyelpolitico.com.ar\/wordpress\/wp-json\/wp\/v2\/users\/4"}],"replies":[{"embeddable":true,"href":"https:\/\/www.elpolitologoyelpolitico.com.ar\/wordpress\/wp-json\/wp\/v2\/comments?post=35985"}],"version-history":[{"count":1,"href":"https:\/\/www.elpolitologoyelpolitico.com.ar\/wordpress\/wp-json\/wp\/v2\/posts\/35985\/revisions"}],"predecessor-version":[{"id":35987,"href":"https:\/\/www.elpolitologoyelpolitico.com.ar\/wordpress\/wp-json\/wp\/v2\/posts\/35985\/revisions\/35987"}],"wp:featuredmedia":[{"embeddable":true,"href":"https:\/\/www.elpolitologoyelpolitico.com.ar\/wordpress\/wp-json\/wp\/v2\/media\/35986"}],"wp:attachment":[{"href":"https:\/\/www.elpolitologoyelpolitico.com.ar\/wordpress\/wp-json\/wp\/v2\/media?parent=35985"}],"wp:term":[{"taxonomy":"category","embeddable":true,"href":"https:\/\/www.elpolitologoyelpolitico.com.ar\/wordpress\/wp-json\/wp\/v2\/categories?post=35985"},{"taxonomy":"post_tag","embeddable":true,"href":"https:\/\/www.elpolitologoyelpolitico.com.ar\/wordpress\/wp-json\/wp\/v2\/tags?post=35985"}],"curies":[{"name":"wp","href":"https:\/\/api.w.org\/{rel}","templated":true}]}}