{"id":35982,"date":"2023-11-08T14:45:23","date_gmt":"2023-11-08T17:45:23","guid":{"rendered":"https:\/\/www.elpolitologoyelpolitico.com.ar\/wordpress\/?p=35982"},"modified":"2023-11-08T14:45:24","modified_gmt":"2023-11-08T17:45:24","slug":"el-ipap-celebro-su-primer-acto-de-egresados-del-2023","status":"publish","type":"post","link":"https:\/\/www.elpolitologoyelpolitico.com.ar\/wordpress\/2023\/11\/08\/el-ipap-celebro-su-primer-acto-de-egresados-del-2023\/","title":{"rendered":"El IPAP celebr\u00f3 su primer \u00abActo de Egresados\u00bb del 2023"},"content":{"rendered":"\n<p>Este martes, en la ciudad de Viedma, se llev\u00f3 a cabo el primer acto de colaci\u00f3n del 2023, en donde&nbsp;63 estudiantes recibieron sus diplomas de graduaci\u00f3n&nbsp;de las Tecnicaturas Superiores y del Ciclo Secundario para adultos del IPAP, provenientes de las localidades de San Antonio Oeste, Valcheta, Sierra Grande, Ramos Mex\u00eda y de la capital provincial.<\/p>\n\n\n\n<p>El acto estuvo presidido por el vicegobernador de la provincia de R\u00edo Negro,&nbsp;Alejandro Palmieri, junto al presidente del Directorio del IPAP,&nbsp;Mart\u00edn Alcalde, la titular de la SENAF,&nbsp;Roxana M\u00e9ndez&nbsp;y el jefe de gabinete e intendente electo de Viedma,&nbsp;Marcos Castro.<\/p>\n\n\n\n<p>Asimismo, se cont\u00f3 con el acompa\u00f1amiento de la vicepresidenta del Directorio del IPAP,&nbsp;Mabel Rigoni,&nbsp;el presidente del bloque de legisladores de JSRN,&nbsp;Facundo L\u00f3pez, la legisladora&nbsp;Nancy Andaloro, el legislador&nbsp;Marcelo Szczygol, el secretario de Seguridad y Justicia,&nbsp;Mariano Sachetti, la secretaria de Derechos Humanos,&nbsp;Evangelina Saizar,&nbsp;la secretaria de APASA,&nbsp;Mabel Dell Orfano,&nbsp;la Defensora del Pueblo,&nbsp;Adriana Santagatti, la vicedecana del CURZA,&nbsp;Cecilia Camera, la coordinadora del Consejo Escolar del Valle Inferior,&nbsp;Bibiana Wilberger,&nbsp;el vocal gubernamental del Consejo Provincial de Educaci\u00f3n,&nbsp;Alejando Bustos, el director ejecutivo de la Agencia de Recaudaci\u00f3n Tributaria,&nbsp;Mart\u00edn Kelly, , el coordinador de Enfermer\u00eda del Ministerio de Salud,&nbsp;Lucas Villal\u00f3n, la Concejal&nbsp;Silbana Cullimilla,&nbsp;representantes de la UNRN, y de los gremios ATE y UPCN, entre otros.<\/p>\n\n\n\n<p>En la apertura el&nbsp;vicegobernador, Alejandro Palmieri, dirigi\u00f3 unas palabras a los presentes,&nbsp; resaltando: \u00abel rol que cumple el IPAP como pol\u00edtica de estado de capacitaci\u00f3n permanente, de formaci\u00f3n, de profesionalizaci\u00f3n, para el bien com\u00fan, y sobre todo felicitar a los egresados que tomaron el desaf\u00edo de encarar una carrera profesional para prestar mejores servicios, que ya prestaban, ser mejores o formarse o profesionalizarse en algo que ya hac\u00edan dentro del Estado.\u00bb<\/p>\n\n\n\n<p>Por su parte, el&nbsp;presidente del IPAP, Mart\u00edn Alcalde,&nbsp;celebr\u00f3 que \u201cen este d\u00eda tan especial estamos honrando a nuestros estudiantes a partir de la dedicaci\u00f3n que han hecho, ya que han logrado su objetivo de graduaci\u00f3n\u201d.&nbsp;<\/p>\n\n\n\n<p>Agreg\u00f3 tambi\u00e9n que: \u201cdurante el transcurso de sus carreras, han adquirido conocimientos, pero tambi\u00e9n un profundo compromiso de lo que significa ser un servidor p\u00fablico y estar al servicio de la comunidad y esto es lo que se trata de transmitir a trav\u00e9s de los docentes del Instituto\u201d.<\/p>\n\n\n\n<p>\u201cSabemos que la educaci\u00f3n es un viaje continuo y que la administraci\u00f3n p\u00fablica es un campo de continua evoluci\u00f3n en el que tenemos que adaptarnos, actualizarnos y estar a la altura de las demandas que se nos presentan\u201d, finaliz\u00f3.&nbsp;<\/p>\n\n\n\n<p>Cabe destacar que&nbsp;en total en la provincia se entregaran 170 certificados&nbsp;de las Tecnicaturas: Superior en Enfermer\u00eda, Superior en Acompa\u00f1amiento terap\u00e9utico; Superior en Ni\u00f1ez, Adolescencia y Familia; Superior en gesti\u00f3n de Obras Sociales; Superior en Gesti\u00f3n de Servicio de Salud; Superior en Gesti\u00f3n P\u00fablica con Orientaci\u00f3n en Gesti\u00f3n Administrativa; Superior en Promoci\u00f3n Sociocultural y Comunitaria; Superior en Gesti\u00f3n de Recursos Humanos; Superior en Gesti\u00f3n Municipal con orientaci\u00f3n Local y Ciclo Secundario para Adultos Trabajadores.<\/p>\n<div class=\"fb-background-color\">\n\t\t\t  <div \n\t\t\t  \tclass = \"fb-comments\" \n\t\t\t  \tdata-href = \"https:\/\/www.elpolitologoyelpolitico.com.ar\/wordpress\/2023\/11\/08\/el-ipap-celebro-su-primer-acto-de-egresados-del-2023\/\"\n\t\t\t  \tdata-numposts = \"10\"\n\t\t\t  \tdata-lazy = \"true\"\n\t\t\t\tdata-colorscheme = \"light\"\n\t\t\t\tdata-order-by = \"social\"\n\t\t\t\tdata-mobile=true>\n\t\t\t  <\/div><\/div>\n\t\t  <style>\n\t\t    .fb-background-color {\n\t\t\t\tbackground: #ffffff !important;\n\t\t\t}\n\t\t\t.fb_iframe_widget_fluid_desktop iframe {\n\t\t\t    width: 100% !important;\n\t\t\t}\n\t\t  <\/style>\n\t\t  ","protected":false},"excerpt":{"rendered":"<p>Este martes, en la ciudad de Viedma, se llev\u00f3 a cabo el primer acto de colaci\u00f3n del 2023, en donde&nbsp;63 estudiantes recibieron sus diplomas de graduaci\u00f3n&nbsp;de las Tecnicaturas Superiores y del Ciclo Secundario para adultos del IPAP, provenientes de las localidades de San Antonio Oeste, Valcheta, Sierra Grande, Ramos Mex\u00eda y de la capital provincial. [&hellip;]<\/p>\n","protected":false},"author":4,"featured_media":35983,"comment_status":"closed","ping_status":"closed","sticky":false,"template":"","format":"standard","meta":{"_joinchat":[],"footnotes":""},"categories":[39],"tags":[],"class_list":["post-35982","post","type-post","status-publish","format-standard","has-post-thumbnail","hentry","category-en-esta-seccion"],"_links":{"self":[{"href":"https:\/\/www.elpolitologoyelpolitico.com.ar\/wordpress\/wp-json\/wp\/v2\/posts\/35982","targetHints":{"allow":["GET"]}}],"collection":[{"href":"https:\/\/www.elpolitologoyelpolitico.com.ar\/wordpress\/wp-json\/wp\/v2\/posts"}],"about":[{"href":"https:\/\/www.elpolitologoyelpolitico.com.ar\/wordpress\/wp-json\/wp\/v2\/types\/post"}],"author":[{"embeddable":true,"href":"https:\/\/www.elpolitologoyelpolitico.com.ar\/wordpress\/wp-json\/wp\/v2\/users\/4"}],"replies":[{"embeddable":true,"href":"https:\/\/www.elpolitologoyelpolitico.com.ar\/wordpress\/wp-json\/wp\/v2\/comments?post=35982"}],"version-history":[{"count":1,"href":"https:\/\/www.elpolitologoyelpolitico.com.ar\/wordpress\/wp-json\/wp\/v2\/posts\/35982\/revisions"}],"predecessor-version":[{"id":35984,"href":"https:\/\/www.elpolitologoyelpolitico.com.ar\/wordpress\/wp-json\/wp\/v2\/posts\/35982\/revisions\/35984"}],"wp:featuredmedia":[{"embeddable":true,"href":"https:\/\/www.elpolitologoyelpolitico.com.ar\/wordpress\/wp-json\/wp\/v2\/media\/35983"}],"wp:attachment":[{"href":"https:\/\/www.elpolitologoyelpolitico.com.ar\/wordpress\/wp-json\/wp\/v2\/media?parent=35982"}],"wp:term":[{"taxonomy":"category","embeddable":true,"href":"https:\/\/www.elpolitologoyelpolitico.com.ar\/wordpress\/wp-json\/wp\/v2\/categories?post=35982"},{"taxonomy":"post_tag","embeddable":true,"href":"https:\/\/www.elpolitologoyelpolitico.com.ar\/wordpress\/wp-json\/wp\/v2\/tags?post=35982"}],"curies":[{"name":"wp","href":"https:\/\/api.w.org\/{rel}","templated":true}]}}