{"id":35968,"date":"2023-11-08T12:59:17","date_gmt":"2023-11-08T15:59:17","guid":{"rendered":"https:\/\/www.elpolitologoyelpolitico.com.ar\/wordpress\/?p=35968"},"modified":"2023-11-08T12:59:18","modified_gmt":"2023-11-08T15:59:18","slug":"la-nueva-curricula-de-la-policia-de-rio-negro-se-destaca-a-nivel-nacional","status":"publish","type":"post","link":"https:\/\/www.elpolitologoyelpolitico.com.ar\/wordpress\/2023\/11\/08\/la-nueva-curricula-de-la-policia-de-rio-negro-se-destaca-a-nivel-nacional\/","title":{"rendered":"La nueva curr\u00edcula de la Polic\u00eda de R\u00edo Negro se destaca a nivel nacional"},"content":{"rendered":"\n<p>A dos a\u00f1os de su creaci\u00f3n, la curr\u00edcula de la Polic\u00eda de R\u00edo Negro traspasa las fronteras de la provincia siendo destacada por otras fuerzas policiales y \u00e1reas de seguridad de distintos puntos del pa\u00eds, por su propuesta superadora del concepto tradicional de ense\u00f1anza que procura garantizar la formaci\u00f3n integral.<\/p>\n\n\n\n<p>En este marco, el dise\u00f1o del nuevo plan de estudios de la Tecnicatura Superior en Seguridad General con orientaciones, destinada a las y los aspirantes a oficiales de la Polic\u00eda de R\u00edo Negro, se inici\u00f3 tras una solicitud de la ministra de Seguridad y Justicia, Betiana Minor, y el jefe de Polic\u00eda, Osvaldo Teller\u00eda, y&nbsp; se realiz\u00f3 junto a un equipo multidisciplinario encabezado por el \u00e1rea de Capacitaci\u00f3n de la Subsecretar\u00eda de Prevenci\u00f3n del Delito y Participaci\u00f3n Comunitaria y de la Direcci\u00f3n de la Escuela de Cadetes.<\/p>\n\n\n\n<p>El esquema de la Tecnicatura define nuevas orientaciones a las ya existentes previamente como: Seguridad y Accidentolog\u00eda Vial; Especializaci\u00f3n en Bomberos; Especializaci\u00f3n en Comunicaciones, y An\u00e1lisis del Delito; entre otras. En ese sentido, se incorporaron nuevos contenidos obligatorios tales como perspectiva de g\u00e9nero, violencia institucional, derechos humanos, estrategias de mediaci\u00f3n y resoluci\u00f3n alternativa de conflictos, idioma ingl\u00e9s y herramientas de comunicaci\u00f3n.<\/p>\n\n\n\n<p>Gracias a la innovaci\u00f3n curricular, a lo largo de este a\u00f1o, la provincia de R\u00edo Negro ha sido invitada a varias jornadas y seminarios en distintos puntos del pa\u00eds con participaci\u00f3n de fuerzas policiales de diferentes provincias.<\/p>\n\n\n\n<p>El Jefe de Departamento de la Escuela de Cadetes, Comisario An\u00edbal Canela Biondi, se\u00f1al\u00f3 que lo que m\u00e1s llama la atenci\u00f3n en los seminarios es la manera en que se elabor\u00f3 el dise\u00f1o del plan de estudio: \u201cpor este motivo, hace pocos d\u00edas fuimos invitados en el marco de unas jornadas de innovaci\u00f3n en la formaci\u00f3n de las fuerzas policiales y de seguridad y seleccionados para exponer en el Instituto Universitario Policial, en la localidad de Posadas, donde estaban presentes la Polic\u00eda de Entre R\u00edos, la de Corrientes, obviamente la de Misiones con todo su equipo, la de La Rioja, la de Formosa, y la de la Ciudad, la Nacional de Paraguay y la Militar de Brasil\u201d.<\/p>\n\n\n\n<p>Esta curr\u00edcula se aprob\u00f3 en el a\u00f1o 2022, en una resoluci\u00f3n que crea una nueva carrera de oficiales de Polic\u00eda: la Tecnicatura Superior Oficial de Polic\u00eda con orientaciones.<\/p>\n\n\n\n<p>\u201cEn las jornadas, expusimos haciendo hincapi\u00e9 en algo que hemos innovado a nivel federal que es en la nueva perspectiva de g\u00e9nero en la formaci\u00f3n policial y, este cambio de paradigma, es lo que ha llamado poderosamente la atenci\u00f3n. Esta cuesti\u00f3n ha sido tomado con una buena mirada y nos han reconocido que es un plan de carrera muy inclusivo\u201d, a\u00f1adi\u00f3 Canela Biondi y agreg\u00f3 que la carrera tambi\u00e9n tiene como materia Lengua de Se\u00f1as Argentinas.<\/p>\n\n\n\n<p>Por su parte, el subsecretario de Prevenci\u00f3n del Del\u00edto y Participaci\u00f3n Comunitaria, Franco Consiglio, especific\u00f3 que \u201cse considera muy importante este plan de estudios y tambi\u00e9n otras medidas que ha tomado la Escuela en cuanto a los ingresos de estudiantes que son muy modernas y, sobre todo, muy igualitarias y equitativas en cuanto a perspectiva de derechos y dem\u00e1s\u00bb.&nbsp;<\/p>\n\n\n\n<p>Sobre este punto, hoy la Escuela cuenta con un total de 101 cadetes de los cuales 44 son mujeres. Las actividades son mixtas, donde todas las y los estudiantes cumplen con las mismas actividades y reciben igual formaci\u00f3n.&nbsp;<\/p>\n\n\n\n<p>Continuando con la perspectiva de g\u00e9nero, aspecto fundamental del nuevo paradigma policial, Canela Biondi afirm\u00f3 que cuando una estudiante queda embarazada, de ninguna manera es desafectada ni tampoco se la alienta a pedir la baja. En estos casos se adec\u00faan los tiempos, actividades y licencias correspondientes para que la mujer siga estudiando.<\/p>\n\n\n\n<p>Por otra parte, Consiglio destac\u00f3 la importancia de poder contar en poco tiempo con los primeros egresados y egresadas de este plan de estudios: \u00abM\u00e1s all\u00e1 de que es un orgullo, me parece que es empezar a tener profesionales mejor preparados para lo que va a ser su tarea. Que ellos mismos empiecen a convertirse en replicadores de una forma nueva de trabajar, m\u00e1s moderna y m\u00e1s adecuada a la realidad\u00bb.<\/p>\n<div class=\"fb-background-color\">\n\t\t\t  <div \n\t\t\t  \tclass = \"fb-comments\" \n\t\t\t  \tdata-href = \"https:\/\/www.elpolitologoyelpolitico.com.ar\/wordpress\/2023\/11\/08\/la-nueva-curricula-de-la-policia-de-rio-negro-se-destaca-a-nivel-nacional\/\"\n\t\t\t  \tdata-numposts = \"10\"\n\t\t\t  \tdata-lazy = \"true\"\n\t\t\t\tdata-colorscheme = \"light\"\n\t\t\t\tdata-order-by = \"social\"\n\t\t\t\tdata-mobile=true>\n\t\t\t  <\/div><\/div>\n\t\t  <style>\n\t\t    .fb-background-color {\n\t\t\t\tbackground: #ffffff !important;\n\t\t\t}\n\t\t\t.fb_iframe_widget_fluid_desktop iframe {\n\t\t\t    width: 100% !important;\n\t\t\t}\n\t\t  <\/style>\n\t\t  ","protected":false},"excerpt":{"rendered":"<p>A dos a\u00f1os de su creaci\u00f3n, la curr\u00edcula de la Polic\u00eda de R\u00edo Negro traspasa las fronteras de la provincia siendo destacada por otras fuerzas policiales y \u00e1reas de seguridad de distintos puntos del pa\u00eds, por su propuesta superadora del concepto tradicional de ense\u00f1anza que procura garantizar la formaci\u00f3n integral. En este marco, el dise\u00f1o [&hellip;]<\/p>\n","protected":false},"author":4,"featured_media":35969,"comment_status":"closed","ping_status":"closed","sticky":false,"template":"","format":"standard","meta":{"_joinchat":[],"footnotes":""},"categories":[39],"tags":[],"class_list":["post-35968","post","type-post","status-publish","format-standard","has-post-thumbnail","hentry","category-en-esta-seccion"],"_links":{"self":[{"href":"https:\/\/www.elpolitologoyelpolitico.com.ar\/wordpress\/wp-json\/wp\/v2\/posts\/35968","targetHints":{"allow":["GET"]}}],"collection":[{"href":"https:\/\/www.elpolitologoyelpolitico.com.ar\/wordpress\/wp-json\/wp\/v2\/posts"}],"about":[{"href":"https:\/\/www.elpolitologoyelpolitico.com.ar\/wordpress\/wp-json\/wp\/v2\/types\/post"}],"author":[{"embeddable":true,"href":"https:\/\/www.elpolitologoyelpolitico.com.ar\/wordpress\/wp-json\/wp\/v2\/users\/4"}],"replies":[{"embeddable":true,"href":"https:\/\/www.elpolitologoyelpolitico.com.ar\/wordpress\/wp-json\/wp\/v2\/comments?post=35968"}],"version-history":[{"count":1,"href":"https:\/\/www.elpolitologoyelpolitico.com.ar\/wordpress\/wp-json\/wp\/v2\/posts\/35968\/revisions"}],"predecessor-version":[{"id":35970,"href":"https:\/\/www.elpolitologoyelpolitico.com.ar\/wordpress\/wp-json\/wp\/v2\/posts\/35968\/revisions\/35970"}],"wp:featuredmedia":[{"embeddable":true,"href":"https:\/\/www.elpolitologoyelpolitico.com.ar\/wordpress\/wp-json\/wp\/v2\/media\/35969"}],"wp:attachment":[{"href":"https:\/\/www.elpolitologoyelpolitico.com.ar\/wordpress\/wp-json\/wp\/v2\/media?parent=35968"}],"wp:term":[{"taxonomy":"category","embeddable":true,"href":"https:\/\/www.elpolitologoyelpolitico.com.ar\/wordpress\/wp-json\/wp\/v2\/categories?post=35968"},{"taxonomy":"post_tag","embeddable":true,"href":"https:\/\/www.elpolitologoyelpolitico.com.ar\/wordpress\/wp-json\/wp\/v2\/tags?post=35968"}],"curies":[{"name":"wp","href":"https:\/\/api.w.org\/{rel}","templated":true}]}}