{"id":35960,"date":"2023-11-08T12:16:05","date_gmt":"2023-11-08T15:16:05","guid":{"rendered":"https:\/\/www.elpolitologoyelpolitico.com.ar\/wordpress\/?p=35960"},"modified":"2023-11-08T12:16:06","modified_gmt":"2023-11-08T15:16:06","slug":"el-sabado-se-habilitaria-el-transito-en-el-puente-ferrocarretero","status":"publish","type":"post","link":"https:\/\/www.elpolitologoyelpolitico.com.ar\/wordpress\/2023\/11\/08\/el-sabado-se-habilitaria-el-transito-en-el-puente-ferrocarretero\/","title":{"rendered":"El s\u00e1bado se habilitar\u00eda el tr\u00e1nsito en el puente Ferrocarretero"},"content":{"rendered":"\n<p>La Direcci\u00f3n de Tr\u00e1nsito informa a la comunidad que el s\u00e1bado se habilitar\u00eda nuevamente el tr\u00e1nsito en el puente Ferrocarretero, de acuerdo al avance de las tareas de refacci\u00f3n.<\/p>\n\n\n\n<p>Las mismas est\u00e1n a cargo de la Municipalidad de Viedma y fueron determinadas a ra\u00edz de las intensas precipitaciones de los \u00faltimos d\u00edas.<\/p>\n<div class=\"fb-background-color\">\n\t\t\t  <div \n\t\t\t  \tclass = \"fb-comments\" \n\t\t\t  \tdata-href = \"https:\/\/www.elpolitologoyelpolitico.com.ar\/wordpress\/2023\/11\/08\/el-sabado-se-habilitaria-el-transito-en-el-puente-ferrocarretero\/\"\n\t\t\t  \tdata-numposts = \"10\"\n\t\t\t  \tdata-lazy = \"true\"\n\t\t\t\tdata-colorscheme = \"light\"\n\t\t\t\tdata-order-by = \"social\"\n\t\t\t\tdata-mobile=true>\n\t\t\t  <\/div><\/div>\n\t\t  <style>\n\t\t    .fb-background-color {\n\t\t\t\tbackground: #ffffff !important;\n\t\t\t}\n\t\t\t.fb_iframe_widget_fluid_desktop iframe {\n\t\t\t    width: 100% !important;\n\t\t\t}\n\t\t  <\/style>\n\t\t  ","protected":false},"excerpt":{"rendered":"<p>La Direcci\u00f3n de Tr\u00e1nsito informa a la comunidad que el s\u00e1bado se habilitar\u00eda nuevamente el tr\u00e1nsito en el puente Ferrocarretero, de acuerdo al avance de las tareas de refacci\u00f3n. Las mismas est\u00e1n a cargo de la Municipalidad de Viedma y fueron determinadas a ra\u00edz de las intensas precipitaciones de los \u00faltimos d\u00edas.<\/p>\n","protected":false},"author":4,"featured_media":35961,"comment_status":"closed","ping_status":"closed","sticky":false,"template":"","format":"standard","meta":{"_joinchat":[],"footnotes":""},"categories":[39],"tags":[],"class_list":["post-35960","post","type-post","status-publish","format-standard","has-post-thumbnail","hentry","category-en-esta-seccion"],"_links":{"self":[{"href":"https:\/\/www.elpolitologoyelpolitico.com.ar\/wordpress\/wp-json\/wp\/v2\/posts\/35960","targetHints":{"allow":["GET"]}}],"collection":[{"href":"https:\/\/www.elpolitologoyelpolitico.com.ar\/wordpress\/wp-json\/wp\/v2\/posts"}],"about":[{"href":"https:\/\/www.elpolitologoyelpolitico.com.ar\/wordpress\/wp-json\/wp\/v2\/types\/post"}],"author":[{"embeddable":true,"href":"https:\/\/www.elpolitologoyelpolitico.com.ar\/wordpress\/wp-json\/wp\/v2\/users\/4"}],"replies":[{"embeddable":true,"href":"https:\/\/www.elpolitologoyelpolitico.com.ar\/wordpress\/wp-json\/wp\/v2\/comments?post=35960"}],"version-history":[{"count":1,"href":"https:\/\/www.elpolitologoyelpolitico.com.ar\/wordpress\/wp-json\/wp\/v2\/posts\/35960\/revisions"}],"predecessor-version":[{"id":35962,"href":"https:\/\/www.elpolitologoyelpolitico.com.ar\/wordpress\/wp-json\/wp\/v2\/posts\/35960\/revisions\/35962"}],"wp:featuredmedia":[{"embeddable":true,"href":"https:\/\/www.elpolitologoyelpolitico.com.ar\/wordpress\/wp-json\/wp\/v2\/media\/35961"}],"wp:attachment":[{"href":"https:\/\/www.elpolitologoyelpolitico.com.ar\/wordpress\/wp-json\/wp\/v2\/media?parent=35960"}],"wp:term":[{"taxonomy":"category","embeddable":true,"href":"https:\/\/www.elpolitologoyelpolitico.com.ar\/wordpress\/wp-json\/wp\/v2\/categories?post=35960"},{"taxonomy":"post_tag","embeddable":true,"href":"https:\/\/www.elpolitologoyelpolitico.com.ar\/wordpress\/wp-json\/wp\/v2\/tags?post=35960"}],"curies":[{"name":"wp","href":"https:\/\/api.w.org\/{rel}","templated":true}]}}