{"id":35953,"date":"2023-11-07T18:18:48","date_gmt":"2023-11-07T21:18:48","guid":{"rendered":"https:\/\/www.elpolitologoyelpolitico.com.ar\/wordpress\/?p=35953"},"modified":"2023-11-07T18:18:49","modified_gmt":"2023-11-07T21:18:49","slug":"este-viernes-se-desarrollara-la-13-edicion-de-la-feria-municipal-del-libro-en-el-centro-cultural-de-viedma","status":"publish","type":"post","link":"https:\/\/www.elpolitologoyelpolitico.com.ar\/wordpress\/2023\/11\/07\/este-viernes-se-desarrollara-la-13-edicion-de-la-feria-municipal-del-libro-en-el-centro-cultural-de-viedma\/","title":{"rendered":"Este viernes se desarrollar\u00e1 la 13\u00b0 edici\u00f3n de la Feria Municipal del Libro en el Centro Cultural de Viedma"},"content":{"rendered":"\n<p>En el marco del 50\u00b0 aniversario de la capitalidad, desde este viernes 10 y hasta el domingo 12 de noviembre se desarrollar\u00e1 la 13\u00b0 edici\u00f3n de la Feria Municipal del Libro \u201cLeer los d\u00edas, recapitular la historia\u201d en el Centro Cultural.<\/p>\n\n\n\n<p>En esta nueva edici\u00f3n adem\u00e1s de los diferentes talleres, muestras, venta y exposiciones, durante los tres d\u00edas y con invitados de lujo las presentaciones de libros ser\u00e1n las protagonistas.<\/p>\n\n\n\n<p>Los invitados destacados este a\u00f1o ser\u00e1n: la activista especializada en g\u00e9nero y escritora Luciana Peker y del aclamado escritor y guionista Pedro Saborido, que adem\u00e1s vendr\u00e1 acompa\u00f1ado por el soci\u00f3logo Santiago Barassi y el escritor Nestor Borri.<\/p>\n\n\n\n<p>Cronograma de presentaciones de libros:<\/p>\n\n\n\n<p>Viernes 10 de noviembre<\/p>\n\n\n\n<ol class=\"wp-block-list\" start=\"11\">\n<li>hs Presentaci\u00f3n del libro \u201cPISAC COVID-19\u2033: La sociedad argentina en la postpandemia CURZA. CORALIS.<\/li>\n<\/ol>\n\n\n\n<p>15 hs Presentaci\u00f3n del libro: \u00abJugadas maestras\u00bb varios autores y taller \u00abFicciones sonoras de bolsillo\u00bb Podcast en las aulas. CURZA. CORALIS.<\/p>\n\n\n\n<p>15:30 hs Presentaci\u00f3n del libro: Antolog\u00eda de voces del colectivo LGBTIQNBA+ de R\u00edo Negro. Secretaria de g\u00e9nero RN. CURZA.<\/p>\n\n\n\n<p>16:30 hs Presentaci\u00f3n libro: \u00abMI PRIMER PoeMaRio\u00bb de Julia Llamas<\/p>\n\n\n\n<p>17:30 hs. Presentaci\u00f3n libro: \u00abRESILIENCIA EN TIEMPOS DE MORDAZA\u00bb de A\u00edda Irma Verbeke<\/p>\n\n\n\n<p>18 hs Presentaci\u00f3n de los libros: \u00abLA GRAN CONVERSACI\u00d3N \u2013 RECEPCI\u00d3N Y DEBATES EN LOS 10 A\u00d1OS DE FRANCISCO\u00bb y \u00abRECOMENZAR \u2013 LA PANDEMIA, FRANCISCO Y LA PATRIA\u00bb de Santiago Barassi y Nestor Borri<\/p>\n\n\n\n<p>S\u00e1bado 11 de noviembre<\/p>\n\n\n\n<p>16hs- Presentaci\u00f3n del libro \u00abANTIHERO\u00cdNA\u00bb de Mariana Fern\u00e1ndez-<\/p>\n\n\n\n<p>17hs- Presentaci\u00f3n del libro: \u00abESTADOS DEL TIEMPO\u00bb de Leticia Chirinos. FER-<\/p>\n\n\n\n<p>18hs- Presentaci\u00f3n de los libros: Aloe vera de Marylena Cambarieri \/ Portate bien de Susana Franzese-<\/p>\n\n\n\n<p>19hs- Presentaci\u00f3n del libro \u00abMi encuentro con Per\u00f3n en puerta de Hierro\u00bb de Enrique Minetti-<\/p>\n\n\n\n<p>19.30hs- Presentaci\u00f3n del libro: \u201cSUE\u00d1OS DE L\u00c1ZARO\u201d de Fabiola Soria FER.<\/p>\n\n\n\n<p>Domingo 12 de noviembre<\/p>\n\n\n\n<p>16hs- Presentaci\u00f3n de los libros: \u00abVOZ EN OFF\u00bb de Michaela Osorio y \u00abLUNAS DE PODER\u00bb de Victoria Alippi.<\/p>\n\n\n\n<p>17hs- Presentaci\u00f3n del libro: \u00abPUEBLOS\u00bb de Lucas Garc\u00eda Cornejo-<\/p>\n\n\n\n<figure class=\"wp-block-image size-full\"><img fetchpriority=\"high\" decoding=\"async\" width=\"425\" height=\"239\" src=\"https:\/\/www.elpolitologoyelpolitico.com.ar\/wp-content\/uploads\/2023\/11\/IMG-20231107-WA0016.jpg\" alt=\"\" class=\"wp-image-35955\" srcset=\"https:\/\/www.elpolitologoyelpolitico.com.ar\/wp-content\/uploads\/2023\/11\/IMG-20231107-WA0016.jpg 425w, https:\/\/www.elpolitologoyelpolitico.com.ar\/wp-content\/uploads\/2023\/11\/IMG-20231107-WA0016-300x169.jpg 300w\" sizes=\"(max-width: 425px) 100vw, 425px\" \/><\/figure>\n<div class=\"fb-background-color\">\n\t\t\t  <div \n\t\t\t  \tclass = \"fb-comments\" \n\t\t\t  \tdata-href = \"https:\/\/www.elpolitologoyelpolitico.com.ar\/wordpress\/2023\/11\/07\/este-viernes-se-desarrollara-la-13-edicion-de-la-feria-municipal-del-libro-en-el-centro-cultural-de-viedma\/\"\n\t\t\t  \tdata-numposts = \"10\"\n\t\t\t  \tdata-lazy = \"true\"\n\t\t\t\tdata-colorscheme = \"light\"\n\t\t\t\tdata-order-by = \"social\"\n\t\t\t\tdata-mobile=true>\n\t\t\t  <\/div><\/div>\n\t\t  <style>\n\t\t    .fb-background-color {\n\t\t\t\tbackground: #ffffff !important;\n\t\t\t}\n\t\t\t.fb_iframe_widget_fluid_desktop iframe {\n\t\t\t    width: 100% !important;\n\t\t\t}\n\t\t  <\/style>\n\t\t  ","protected":false},"excerpt":{"rendered":"<p>En el marco del 50\u00b0 aniversario de la capitalidad, desde este viernes 10 y hasta el domingo 12 de noviembre se desarrollar\u00e1 la 13\u00b0 edici\u00f3n de la Feria Municipal del Libro \u201cLeer los d\u00edas, recapitular la historia\u201d en el Centro Cultural. En esta nueva edici\u00f3n adem\u00e1s de los diferentes talleres, muestras, venta y exposiciones, durante [&hellip;]<\/p>\n","protected":false},"author":4,"featured_media":35954,"comment_status":"closed","ping_status":"closed","sticky":false,"template":"","format":"standard","meta":{"_joinchat":[],"footnotes":""},"categories":[4],"tags":[],"class_list":["post-35953","post","type-post","status-publish","format-standard","has-post-thumbnail","hentry","category-politicas-publicas"],"_links":{"self":[{"href":"https:\/\/www.elpolitologoyelpolitico.com.ar\/wordpress\/wp-json\/wp\/v2\/posts\/35953","targetHints":{"allow":["GET"]}}],"collection":[{"href":"https:\/\/www.elpolitologoyelpolitico.com.ar\/wordpress\/wp-json\/wp\/v2\/posts"}],"about":[{"href":"https:\/\/www.elpolitologoyelpolitico.com.ar\/wordpress\/wp-json\/wp\/v2\/types\/post"}],"author":[{"embeddable":true,"href":"https:\/\/www.elpolitologoyelpolitico.com.ar\/wordpress\/wp-json\/wp\/v2\/users\/4"}],"replies":[{"embeddable":true,"href":"https:\/\/www.elpolitologoyelpolitico.com.ar\/wordpress\/wp-json\/wp\/v2\/comments?post=35953"}],"version-history":[{"count":1,"href":"https:\/\/www.elpolitologoyelpolitico.com.ar\/wordpress\/wp-json\/wp\/v2\/posts\/35953\/revisions"}],"predecessor-version":[{"id":35956,"href":"https:\/\/www.elpolitologoyelpolitico.com.ar\/wordpress\/wp-json\/wp\/v2\/posts\/35953\/revisions\/35956"}],"wp:featuredmedia":[{"embeddable":true,"href":"https:\/\/www.elpolitologoyelpolitico.com.ar\/wordpress\/wp-json\/wp\/v2\/media\/35954"}],"wp:attachment":[{"href":"https:\/\/www.elpolitologoyelpolitico.com.ar\/wordpress\/wp-json\/wp\/v2\/media?parent=35953"}],"wp:term":[{"taxonomy":"category","embeddable":true,"href":"https:\/\/www.elpolitologoyelpolitico.com.ar\/wordpress\/wp-json\/wp\/v2\/categories?post=35953"},{"taxonomy":"post_tag","embeddable":true,"href":"https:\/\/www.elpolitologoyelpolitico.com.ar\/wordpress\/wp-json\/wp\/v2\/tags?post=35953"}],"curies":[{"name":"wp","href":"https:\/\/api.w.org\/{rel}","templated":true}]}}