{"id":35945,"date":"2023-11-07T14:40:02","date_gmt":"2023-11-07T17:40:02","guid":{"rendered":"https:\/\/www.elpolitologoyelpolitico.com.ar\/wordpress\/?p=35945"},"modified":"2023-11-07T14:40:03","modified_gmt":"2023-11-07T17:40:03","slug":"carreras-participo-del-acto-por-el-dia-de-los-parques-nacionales","status":"publish","type":"post","link":"https:\/\/www.elpolitologoyelpolitico.com.ar\/wordpress\/2023\/11\/07\/carreras-participo-del-acto-por-el-dia-de-los-parques-nacionales\/","title":{"rendered":"Carreras particip\u00f3 del acto por el D\u00eda de los Parques Nacionales"},"content":{"rendered":"\n<p>La Gobernadora de R\u00edo Negro, Arabela Carreras, particip\u00f3 del acto central por el D\u00eda de los Parques Nacionales y destac\u00f3 el aporte de R\u00edo Negro en el resguardo del ambiente: \u201cEs un orgullo para nosotros seguir contribuyendo al cuidado del entorno maravilloso en el que vivimos\u201d, dijo.<\/p>\n\n\n\n<p>En esta fecha, se conmemora el 120\u00b0 aniversario de la donaci\u00f3n de una extensi\u00f3n de tres leguas cuadradas por parte del perito Francisco Pascasio Moreno a la Naci\u00f3n, donde luego se cre\u00f3 el Parque Nacional Nahuel Huapi, el primero de la Argentina. De hecho, el acto central se realiz\u00f3 en la zona de Puerto Blest, donde se hizo la cesi\u00f3n original.<\/p>\n\n\n\n<p>La particularidad de R\u00edo Negro es que no solo alberga el primer Parque Nacional del pa\u00eds, sino tambi\u00e9n el \u00faltimo: el Parque Nacional Islote Lobos, en la zona de Sierra Grande, creado por Ley Nacional en el a\u00f1o 2022 con fuerte impulso del Gobierno Provincial.<\/p>\n\n\n\n<p>La Mandataria estuvo acompa\u00f1ada por la Intendenta de Dina Huapi, M\u00f3nica Balseiro; el ministro de Turismo y Deporte, Diego Cannestraci; el presidente de la Administraci\u00f3n de Parques Nacionales, Federico Granato, la vicepresidenta de Parques Nacionales, Natalia Jauri y el intendente del Parque Nacional Nahuel Huapi, Horacio Paradela.<\/p>\n\n\n\n<p>Carreras salud\u00f3 especialmente a todos los trabajadores y trabajadoras del Parque Nahuel Huapi, y manifest\u00f3 la alegr\u00eda de poder compartir una conmemoraci\u00f3n tan importante.<\/p>\n\n\n\n<p>En ese marco, destaco el trabajo conjunto de la Provincia con Parques Nacionales, remarcando especialmente la creaci\u00f3n del Parque Islote Lobos. \u201cEs un orgullo para nosotros seguir contribuyendo al cuidado del ambiente y al cuidado del entorno maravilloso en el que vivimos\u201d, dijo.<\/p>\n\n\n\n<p>Por su parte, Granato resalt\u00f3 la imagen de Francisco Moreno, y expres\u00f3 que \u201cparece una locura que 120 a\u00f1os atr\u00e1s, haya tenido esa visi\u00f3n sobre tantos aspectos, y que hoy, quiz\u00e1s, se siguen discutiendo\u201d.<\/p>\n\n\n\n<p>\u201cNo solo miraba la soberan\u00eda nacional y la posibilidad consolidar el territorio argentino. Apuntaba adem\u00e1s al cuidado de la naturaleza y el desarrollo nacional\u201d, resalt\u00f3.<\/p>\n\n\n\n<p>El Ministro Cannestraci coincidi\u00f3 al destacar la figura de Moreno: \u201cHoy, m\u00e1s que nunca, su legado toma relevancia en el contexto del cambio clim\u00e1tico y la evidente necesidad de trabajar en la conservaci\u00f3n de los ecosistemas naturales del mundo\u201d.<\/p>\n\n\n\n<p>\u201cLa provincia de R\u00edo Negro, con casi un 20% de su territorio bajo protecci\u00f3n ambiental, incentiva a trav\u00e9s del turismo y el uso p\u00fablico sostenible de las \u00e1reas naturales, una manera equilibrada de promover el desarrollo humano y la conservaci\u00f3n de valores naturales y culturales en el territorio\u201d, agreg\u00f3.<\/p>\n\n\n\n<figure class=\"wp-block-gallery has-nested-images columns-default is-cropped wp-block-gallery-1 is-layout-flex wp-block-gallery-is-layout-flex\">\n<figure class=\"wp-block-image size-large\"><img fetchpriority=\"high\" decoding=\"async\" width=\"1024\" height=\"682\" data-id=\"35947\" src=\"https:\/\/www.elpolitologoyelpolitico.com.ar\/wp-content\/uploads\/2023\/11\/IMG-20231107-WA0011-1024x682.jpg\" alt=\"\" class=\"wp-image-35947\" srcset=\"https:\/\/www.elpolitologoyelpolitico.com.ar\/wp-content\/uploads\/2023\/11\/IMG-20231107-WA0011-1024x682.jpg 1024w, https:\/\/www.elpolitologoyelpolitico.com.ar\/wp-content\/uploads\/2023\/11\/IMG-20231107-WA0011-300x200.jpg 300w, https:\/\/www.elpolitologoyelpolitico.com.ar\/wp-content\/uploads\/2023\/11\/IMG-20231107-WA0011-768x512.jpg 768w, https:\/\/www.elpolitologoyelpolitico.com.ar\/wp-content\/uploads\/2023\/11\/IMG-20231107-WA0011.jpg 1280w\" sizes=\"(max-width: 1024px) 100vw, 1024px\" \/><\/figure>\n\n\n\n<figure class=\"wp-block-image size-large\"><img decoding=\"async\" width=\"1024\" height=\"682\" data-id=\"35948\" src=\"https:\/\/www.elpolitologoyelpolitico.com.ar\/wp-content\/uploads\/2023\/11\/IMG-20231107-WA0010-1024x682.jpg\" alt=\"\" class=\"wp-image-35948\" srcset=\"https:\/\/www.elpolitologoyelpolitico.com.ar\/wp-content\/uploads\/2023\/11\/IMG-20231107-WA0010-1024x682.jpg 1024w, https:\/\/www.elpolitologoyelpolitico.com.ar\/wp-content\/uploads\/2023\/11\/IMG-20231107-WA0010-300x200.jpg 300w, https:\/\/www.elpolitologoyelpolitico.com.ar\/wp-content\/uploads\/2023\/11\/IMG-20231107-WA0010-768x512.jpg 768w, https:\/\/www.elpolitologoyelpolitico.com.ar\/wp-content\/uploads\/2023\/11\/IMG-20231107-WA0010.jpg 1280w\" sizes=\"(max-width: 1024px) 100vw, 1024px\" \/><\/figure>\n<\/figure>\n<div class=\"fb-background-color\">\n\t\t\t  <div \n\t\t\t  \tclass = \"fb-comments\" \n\t\t\t  \tdata-href = \"https:\/\/www.elpolitologoyelpolitico.com.ar\/wordpress\/2023\/11\/07\/carreras-participo-del-acto-por-el-dia-de-los-parques-nacionales\/\"\n\t\t\t  \tdata-numposts = \"10\"\n\t\t\t  \tdata-lazy = \"true\"\n\t\t\t\tdata-colorscheme = \"light\"\n\t\t\t\tdata-order-by = \"social\"\n\t\t\t\tdata-mobile=true>\n\t\t\t  <\/div><\/div>\n\t\t  <style>\n\t\t    .fb-background-color {\n\t\t\t\tbackground: #ffffff !important;\n\t\t\t}\n\t\t\t.fb_iframe_widget_fluid_desktop iframe {\n\t\t\t    width: 100% !important;\n\t\t\t}\n\t\t  <\/style>\n\t\t  ","protected":false},"excerpt":{"rendered":"<p>La Gobernadora de R\u00edo Negro, Arabela Carreras, particip\u00f3 del acto central por el D\u00eda de los Parques Nacionales y destac\u00f3 el aporte de R\u00edo Negro en el resguardo del ambiente: \u201cEs un orgullo para nosotros seguir contribuyendo al cuidado del entorno maravilloso en el que vivimos\u201d, dijo. En esta fecha, se conmemora el 120\u00b0 aniversario [&hellip;]<\/p>\n","protected":false},"author":4,"featured_media":35946,"comment_status":"closed","ping_status":"closed","sticky":false,"template":"","format":"standard","meta":{"_joinchat":[],"footnotes":""},"categories":[39],"tags":[],"class_list":["post-35945","post","type-post","status-publish","format-standard","has-post-thumbnail","hentry","category-en-esta-seccion"],"_links":{"self":[{"href":"https:\/\/www.elpolitologoyelpolitico.com.ar\/wordpress\/wp-json\/wp\/v2\/posts\/35945","targetHints":{"allow":["GET"]}}],"collection":[{"href":"https:\/\/www.elpolitologoyelpolitico.com.ar\/wordpress\/wp-json\/wp\/v2\/posts"}],"about":[{"href":"https:\/\/www.elpolitologoyelpolitico.com.ar\/wordpress\/wp-json\/wp\/v2\/types\/post"}],"author":[{"embeddable":true,"href":"https:\/\/www.elpolitologoyelpolitico.com.ar\/wordpress\/wp-json\/wp\/v2\/users\/4"}],"replies":[{"embeddable":true,"href":"https:\/\/www.elpolitologoyelpolitico.com.ar\/wordpress\/wp-json\/wp\/v2\/comments?post=35945"}],"version-history":[{"count":1,"href":"https:\/\/www.elpolitologoyelpolitico.com.ar\/wordpress\/wp-json\/wp\/v2\/posts\/35945\/revisions"}],"predecessor-version":[{"id":35949,"href":"https:\/\/www.elpolitologoyelpolitico.com.ar\/wordpress\/wp-json\/wp\/v2\/posts\/35945\/revisions\/35949"}],"wp:featuredmedia":[{"embeddable":true,"href":"https:\/\/www.elpolitologoyelpolitico.com.ar\/wordpress\/wp-json\/wp\/v2\/media\/35946"}],"wp:attachment":[{"href":"https:\/\/www.elpolitologoyelpolitico.com.ar\/wordpress\/wp-json\/wp\/v2\/media?parent=35945"}],"wp:term":[{"taxonomy":"category","embeddable":true,"href":"https:\/\/www.elpolitologoyelpolitico.com.ar\/wordpress\/wp-json\/wp\/v2\/categories?post=35945"},{"taxonomy":"post_tag","embeddable":true,"href":"https:\/\/www.elpolitologoyelpolitico.com.ar\/wordpress\/wp-json\/wp\/v2\/tags?post=35945"}],"curies":[{"name":"wp","href":"https:\/\/api.w.org\/{rel}","templated":true}]}}