{"id":35936,"date":"2023-11-07T14:23:21","date_gmt":"2023-11-07T17:23:21","guid":{"rendered":"https:\/\/www.elpolitologoyelpolitico.com.ar\/wordpress\/?p=35936"},"modified":"2023-11-07T14:23:22","modified_gmt":"2023-11-07T17:23:22","slug":"se-recargan-las-tarjetas-del-boleto-estudiantil-municipal","status":"publish","type":"post","link":"https:\/\/www.elpolitologoyelpolitico.com.ar\/wordpress\/2023\/11\/07\/se-recargan-las-tarjetas-del-boleto-estudiantil-municipal\/","title":{"rendered":"Se recargan las tarjetas del Boleto Estudiantil Municipal"},"content":{"rendered":"\n<p>La Municipalidad de Patagones recuerda que, hasta el jueves 9 de noviembre inclusive, se realizar\u00e1 la cuarta y \u00faltima recarga del presente Ciclo Lectivo a las tarjetas del Boleto Estudiantil Municipal.<\/p>\n\n\n\n<p>La misma corresponde a los meses de noviembre y diciembre, para todos los alumnos que cumplimentaron el proceso de inscripci\u00f3n 2023 y resultaron beneficiados por el programa.<\/p>\n\n\n\n<p>La recarga se realizar\u00e1 en la Mesa de Entradas del palacio municipal (Comodoro Rivadavia N\u00b0193).<\/p>\n\n\n\n<p>Se har\u00e1 efectiva \u00fanicamente con el DNI original del beneficiario en mano, en el horario de 10 a 16.<\/p>\n\n\n\n<p>Cabe recordar que el viernes 10 no habr\u00e1 atenci\u00f3n al p\u00fablico debido a que el mi\u00e9rcoles 8 es el d\u00eda del empleado municipal y el feriado se traslada al viernes 10.<\/p>\n<div class=\"fb-background-color\">\n\t\t\t  <div \n\t\t\t  \tclass = \"fb-comments\" \n\t\t\t  \tdata-href = \"https:\/\/www.elpolitologoyelpolitico.com.ar\/wordpress\/2023\/11\/07\/se-recargan-las-tarjetas-del-boleto-estudiantil-municipal\/\"\n\t\t\t  \tdata-numposts = \"10\"\n\t\t\t  \tdata-lazy = \"true\"\n\t\t\t\tdata-colorscheme = \"light\"\n\t\t\t\tdata-order-by = \"social\"\n\t\t\t\tdata-mobile=true>\n\t\t\t  <\/div><\/div>\n\t\t  <style>\n\t\t    .fb-background-color {\n\t\t\t\tbackground: #ffffff !important;\n\t\t\t}\n\t\t\t.fb_iframe_widget_fluid_desktop iframe {\n\t\t\t    width: 100% !important;\n\t\t\t}\n\t\t  <\/style>\n\t\t  ","protected":false},"excerpt":{"rendered":"<p>La Municipalidad de Patagones recuerda que, hasta el jueves 9 de noviembre inclusive, se realizar\u00e1 la cuarta y \u00faltima recarga del presente Ciclo Lectivo a las tarjetas del Boleto Estudiantil Municipal. La misma corresponde a los meses de noviembre y diciembre, para todos los alumnos que cumplimentaron el proceso de inscripci\u00f3n 2023 y resultaron beneficiados [&hellip;]<\/p>\n","protected":false},"author":4,"featured_media":35937,"comment_status":"closed","ping_status":"closed","sticky":false,"template":"","format":"standard","meta":{"_joinchat":[],"footnotes":""},"categories":[4],"tags":[],"class_list":["post-35936","post","type-post","status-publish","format-standard","has-post-thumbnail","hentry","category-politicas-publicas"],"_links":{"self":[{"href":"https:\/\/www.elpolitologoyelpolitico.com.ar\/wordpress\/wp-json\/wp\/v2\/posts\/35936","targetHints":{"allow":["GET"]}}],"collection":[{"href":"https:\/\/www.elpolitologoyelpolitico.com.ar\/wordpress\/wp-json\/wp\/v2\/posts"}],"about":[{"href":"https:\/\/www.elpolitologoyelpolitico.com.ar\/wordpress\/wp-json\/wp\/v2\/types\/post"}],"author":[{"embeddable":true,"href":"https:\/\/www.elpolitologoyelpolitico.com.ar\/wordpress\/wp-json\/wp\/v2\/users\/4"}],"replies":[{"embeddable":true,"href":"https:\/\/www.elpolitologoyelpolitico.com.ar\/wordpress\/wp-json\/wp\/v2\/comments?post=35936"}],"version-history":[{"count":1,"href":"https:\/\/www.elpolitologoyelpolitico.com.ar\/wordpress\/wp-json\/wp\/v2\/posts\/35936\/revisions"}],"predecessor-version":[{"id":35938,"href":"https:\/\/www.elpolitologoyelpolitico.com.ar\/wordpress\/wp-json\/wp\/v2\/posts\/35936\/revisions\/35938"}],"wp:featuredmedia":[{"embeddable":true,"href":"https:\/\/www.elpolitologoyelpolitico.com.ar\/wordpress\/wp-json\/wp\/v2\/media\/35937"}],"wp:attachment":[{"href":"https:\/\/www.elpolitologoyelpolitico.com.ar\/wordpress\/wp-json\/wp\/v2\/media?parent=35936"}],"wp:term":[{"taxonomy":"category","embeddable":true,"href":"https:\/\/www.elpolitologoyelpolitico.com.ar\/wordpress\/wp-json\/wp\/v2\/categories?post=35936"},{"taxonomy":"post_tag","embeddable":true,"href":"https:\/\/www.elpolitologoyelpolitico.com.ar\/wordpress\/wp-json\/wp\/v2\/tags?post=35936"}],"curies":[{"name":"wp","href":"https:\/\/api.w.org\/{rel}","templated":true}]}}