{"id":35933,"date":"2023-11-07T14:14:52","date_gmt":"2023-11-07T17:14:52","guid":{"rendered":"https:\/\/www.elpolitologoyelpolitico.com.ar\/wordpress\/?p=35933"},"modified":"2023-11-07T14:14:53","modified_gmt":"2023-11-07T17:14:53","slug":"patagones-el-sabado-se-realiza-la-fiesta-de-la-tradicion-en-la-escuela-agraria-carlos-spegazzini","status":"publish","type":"post","link":"https:\/\/www.elpolitologoyelpolitico.com.ar\/wordpress\/2023\/11\/07\/patagones-el-sabado-se-realiza-la-fiesta-de-la-tradicion-en-la-escuela-agraria-carlos-spegazzini\/","title":{"rendered":"PATAGONES: El s\u00e1bado se realiza la Fiesta de la Tradici\u00f3n en la Escuela Agraria Carlos Spegazzini"},"content":{"rendered":"\n<p>El pr\u00f3ximo fin de semana se conmemora el tradicional evento en Patagones.<\/p>\n\n\n\n<p>La Fiesta ser\u00e1 el S\u00e1bado 11 de Noviembre en la Escuela Agraria Carlos Spegazzini.<\/p>\n\n\n\n<p>Habr\u00e1 servicio de Cantina( el mejor asado y chorizos de producci\u00f3n propia), globa institucional (para la compra de productos realizados en la escuela), Destrezas Criollas a caballo (un espect\u00e1culo \u00fanico para toda la familia, carrera de embolsados folclore, concurso de hachero), entre otras cosas. Las inscripciones son hasta las 12 horas y el seguro esta a cargo del participante.<\/p>\n\n\n\n<p>Los vecinos pueden acercarse a la escuela ubicada en Celedonio Miguel y Leblac a partir de las 9 hasta las 18 horas.<\/p>\n<div class=\"fb-background-color\">\n\t\t\t  <div \n\t\t\t  \tclass = \"fb-comments\" \n\t\t\t  \tdata-href = \"https:\/\/www.elpolitologoyelpolitico.com.ar\/wordpress\/2023\/11\/07\/patagones-el-sabado-se-realiza-la-fiesta-de-la-tradicion-en-la-escuela-agraria-carlos-spegazzini\/\"\n\t\t\t  \tdata-numposts = \"10\"\n\t\t\t  \tdata-lazy = \"true\"\n\t\t\t\tdata-colorscheme = \"light\"\n\t\t\t\tdata-order-by = \"social\"\n\t\t\t\tdata-mobile=true>\n\t\t\t  <\/div><\/div>\n\t\t  <style>\n\t\t    .fb-background-color {\n\t\t\t\tbackground: #ffffff !important;\n\t\t\t}\n\t\t\t.fb_iframe_widget_fluid_desktop iframe {\n\t\t\t    width: 100% !important;\n\t\t\t}\n\t\t  <\/style>\n\t\t  ","protected":false},"excerpt":{"rendered":"<p>El pr\u00f3ximo fin de semana se conmemora el tradicional evento en Patagones. La Fiesta ser\u00e1 el S\u00e1bado 11 de Noviembre en la Escuela Agraria Carlos Spegazzini. Habr\u00e1 servicio de Cantina( el mejor asado y chorizos de producci\u00f3n propia), globa institucional (para la compra de productos realizados en la escuela), Destrezas Criollas a caballo (un espect\u00e1culo [&hellip;]<\/p>\n","protected":false},"author":4,"featured_media":35934,"comment_status":"closed","ping_status":"closed","sticky":false,"template":"","format":"standard","meta":{"_joinchat":[],"footnotes":""},"categories":[39],"tags":[],"class_list":["post-35933","post","type-post","status-publish","format-standard","has-post-thumbnail","hentry","category-en-esta-seccion"],"_links":{"self":[{"href":"https:\/\/www.elpolitologoyelpolitico.com.ar\/wordpress\/wp-json\/wp\/v2\/posts\/35933","targetHints":{"allow":["GET"]}}],"collection":[{"href":"https:\/\/www.elpolitologoyelpolitico.com.ar\/wordpress\/wp-json\/wp\/v2\/posts"}],"about":[{"href":"https:\/\/www.elpolitologoyelpolitico.com.ar\/wordpress\/wp-json\/wp\/v2\/types\/post"}],"author":[{"embeddable":true,"href":"https:\/\/www.elpolitologoyelpolitico.com.ar\/wordpress\/wp-json\/wp\/v2\/users\/4"}],"replies":[{"embeddable":true,"href":"https:\/\/www.elpolitologoyelpolitico.com.ar\/wordpress\/wp-json\/wp\/v2\/comments?post=35933"}],"version-history":[{"count":1,"href":"https:\/\/www.elpolitologoyelpolitico.com.ar\/wordpress\/wp-json\/wp\/v2\/posts\/35933\/revisions"}],"predecessor-version":[{"id":35935,"href":"https:\/\/www.elpolitologoyelpolitico.com.ar\/wordpress\/wp-json\/wp\/v2\/posts\/35933\/revisions\/35935"}],"wp:featuredmedia":[{"embeddable":true,"href":"https:\/\/www.elpolitologoyelpolitico.com.ar\/wordpress\/wp-json\/wp\/v2\/media\/35934"}],"wp:attachment":[{"href":"https:\/\/www.elpolitologoyelpolitico.com.ar\/wordpress\/wp-json\/wp\/v2\/media?parent=35933"}],"wp:term":[{"taxonomy":"category","embeddable":true,"href":"https:\/\/www.elpolitologoyelpolitico.com.ar\/wordpress\/wp-json\/wp\/v2\/categories?post=35933"},{"taxonomy":"post_tag","embeddable":true,"href":"https:\/\/www.elpolitologoyelpolitico.com.ar\/wordpress\/wp-json\/wp\/v2\/tags?post=35933"}],"curies":[{"name":"wp","href":"https:\/\/api.w.org\/{rel}","templated":true}]}}