{"id":35923,"date":"2023-11-07T00:00:20","date_gmt":"2023-11-07T03:00:20","guid":{"rendered":"https:\/\/www.elpolitologoyelpolitico.com.ar\/wordpress\/?p=35923"},"modified":"2023-11-07T00:00:21","modified_gmt":"2023-11-07T03:00:21","slug":"viedma-encabezara-el-encuentro-de-ciudades-sostenibles-con-varios-municipios-del-pais","status":"publish","type":"post","link":"https:\/\/www.elpolitologoyelpolitico.com.ar\/wordpress\/2023\/11\/07\/viedma-encabezara-el-encuentro-de-ciudades-sostenibles-con-varios-municipios-del-pais\/","title":{"rendered":"Viedma encabezar\u00e1 el \u00abEncuentro de Ciudades Sostenibles\u00bb con varios municipios del pa\u00eds"},"content":{"rendered":"\n<p>El Gobierno de Viedma inform\u00f3 sobre la realizaci\u00f3n del \u00abEncuentro de Ciudades Sostenibles\u00bb este jueves 9 de noviembre en la sala Alcides Biagetti del Centro Municipal de Cultura.<\/p>\n\n\n\n<p>Este evento, que ser\u00e1 abierto a toda la comunidad y se inaugurar\u00e1 a las 9 con la presencia del intendente Pedro Pesatti, contar\u00e1 con la participaci\u00f3n de representantes de varios municipios de Argentina y se centrar\u00e1 en la tem\u00e1tica de la Gesti\u00f3n Integral de Residuos Municipales y su relevancia en el contexto actual.<\/p>\n\n\n\n<p>\u00abEl encuentro de ciudades sostenibles es impulsado y organizado por el Municipio de Viedma, con el prop\u00f3sito de abordar de manera integral la problem\u00e1tica vinculada a la gesti\u00f3n de los residuos municipales y la econom\u00eda circular\u00bb, dijo al respecto el secretario de Espacios P\u00fablicos, Servicios y Ambiente de la Municipalidad de Viedma Gast\u00f3n Guti\u00e9rrez.<\/p>\n\n\n\n<p>El funcionario explic\u00f3 que \u00abse busca profundizar en el tratamiento y disposici\u00f3n final en rellenos sanitarios, as\u00ed como en todos los procesos relacionados con la educaci\u00f3n ambiental, econom\u00eda circular e inclusi\u00f3n social que surgen en torno al recupero de materiales potencialmente reciclables\u00bb.<\/p>\n\n\n\n<p>Durante este evento, se analizar\u00e1n las estrategias y el contexto actual de la gesti\u00f3n de residuos municipales en Argentina, con disertantes del Ministerio de Ambiente de Naci\u00f3n y expertos en la materia.<\/p>\n\n\n\n<p>Adem\u00e1s, ser\u00e1 la oportunidad para transmitir la experiencia de Viedma con la Gesti\u00f3n Integral de Residuos S\u00f3lidos Urbanos, destacando la conformaci\u00f3n de un consorcio interregional para abordar de manera eficiente el tratamiento, y la incorporaci\u00f3n de la cooperativa COTRANVI para impulsar la econom\u00eda circular.<\/p>\n\n\n\n<p>Cronograma<\/p>\n\n\n\n<p>9:00 Panel de Apertura y bienvenida<\/p>\n\n\n\n<p>\u201cGesti\u00f3n de RSU, Desarrollo Sostenible y Gobernanza Ambiental\u201d<\/p>\n\n\n\n<p>\u2013 Prof. Pedro Pesatti, intendente de Viedma, Vicegobernador electo de R\u00edo Negro<\/p>\n\n\n\n<p>\u2013 Lic. Gast\u00f3n Guti\u00e9rrez secretario de Servicios, Espacio P\u00fablico y Ambiente\/ presidente Centro Ambiental Patag\u00f3nico GIRSU\/<\/p>\n\n\n\n<p>10:00 \u201cEconom\u00eda Circular y Reciclado con Inclusi\u00f3n Social\u201d<\/p>\n\n\n\n<p>\u2013 Paula Jacquemin, Coordinadora Equipo Social de la Direcci\u00f3n Nacional de Residuos, Ministerio de Ambiente de la Naci\u00f3n<\/p>\n\n\n\n<p>\u2013 Jos\u00e9 Paredes, Coop. CoTraNVi<\/p>\n\n\n\n<p>\u2013 Nicol\u00e1s Vottero, Director General de Econom\u00eda Circular del Ente C\u00f3rdoba Obras y Servicios, Ciudad de C\u00f3rdoba<\/p>\n\n\n\n<p>10:45hs Break<\/p>\n\n\n\n<p>11:00hs \u201cContexto de la Pol\u00edtica Nacional de Gesti\u00f3n de RSU\u201d<\/p>\n\n\n\n<p>-Dra. Leila Gianni; Arq Virginia Guerrero;<\/p>\n\n\n\n<p>\u2013 Nicol\u00c1s Armango Directora de Proyectos Ambientales del Ministerio de Ambiente de la Naci\u00f3n<\/p>\n\n\n\n<p>-Pablo Torres, Intendente de Laprida, BsAs<\/p>\n\n\n\n<p>12:00hs \u201cTecnolog\u00eda Inteligente Aplicada a Gesti\u00f3n de RSU\/ Procesos de Innovaci\u00f3n y Fortalecimiento en Gesti\u00f3n Estrat\u00e9gica\u201d<\/p>\n\n\n\n<p>-Paula Guerra, Especialista en Residuos S\u00f3lidos<\/p>\n\n\n\n<p>-Alvaro Burgos, CEO de IAG GROUP Especialista en Estrategia e Innovaci\u00f3n Empresarial<\/p>\n\n\n\n<p>\u2013 Carlos Sagasti, Especialista en Gesti\u00f3n de Residuos y Master en Desarrollo y Globalizaci\u00f3n.<\/p>\n\n\n\n<figure class=\"wp-block-image size-full\"><img fetchpriority=\"high\" decoding=\"async\" width=\"960\" height=\"503\" src=\"https:\/\/www.elpolitologoyelpolitico.com.ar\/wp-content\/uploads\/2023\/11\/IMG-20231106-WA0042.jpg\" alt=\"\" class=\"wp-image-35925\" srcset=\"https:\/\/www.elpolitologoyelpolitico.com.ar\/wp-content\/uploads\/2023\/11\/IMG-20231106-WA0042.jpg 960w, https:\/\/www.elpolitologoyelpolitico.com.ar\/wp-content\/uploads\/2023\/11\/IMG-20231106-WA0042-300x157.jpg 300w, https:\/\/www.elpolitologoyelpolitico.com.ar\/wp-content\/uploads\/2023\/11\/IMG-20231106-WA0042-768x402.jpg 768w\" sizes=\"(max-width: 960px) 100vw, 960px\" \/><\/figure>\n<div class=\"fb-background-color\">\n\t\t\t  <div \n\t\t\t  \tclass = \"fb-comments\" \n\t\t\t  \tdata-href = \"https:\/\/www.elpolitologoyelpolitico.com.ar\/wordpress\/2023\/11\/07\/viedma-encabezara-el-encuentro-de-ciudades-sostenibles-con-varios-municipios-del-pais\/\"\n\t\t\t  \tdata-numposts = \"10\"\n\t\t\t  \tdata-lazy = \"true\"\n\t\t\t\tdata-colorscheme = \"light\"\n\t\t\t\tdata-order-by = \"social\"\n\t\t\t\tdata-mobile=true>\n\t\t\t  <\/div><\/div>\n\t\t  <style>\n\t\t    .fb-background-color {\n\t\t\t\tbackground: #ffffff !important;\n\t\t\t}\n\t\t\t.fb_iframe_widget_fluid_desktop iframe {\n\t\t\t    width: 100% !important;\n\t\t\t}\n\t\t  <\/style>\n\t\t  ","protected":false},"excerpt":{"rendered":"<p>El Gobierno de Viedma inform\u00f3 sobre la realizaci\u00f3n del \u00abEncuentro de Ciudades Sostenibles\u00bb este jueves 9 de noviembre en la sala Alcides Biagetti del Centro Municipal de Cultura. Este evento, que ser\u00e1 abierto a toda la comunidad y se inaugurar\u00e1 a las 9 con la presencia del intendente Pedro Pesatti, contar\u00e1 con la participaci\u00f3n de [&hellip;]<\/p>\n","protected":false},"author":4,"featured_media":35924,"comment_status":"closed","ping_status":"closed","sticky":false,"template":"","format":"standard","meta":{"_joinchat":[],"footnotes":""},"categories":[39],"tags":[],"class_list":["post-35923","post","type-post","status-publish","format-standard","has-post-thumbnail","hentry","category-en-esta-seccion"],"_links":{"self":[{"href":"https:\/\/www.elpolitologoyelpolitico.com.ar\/wordpress\/wp-json\/wp\/v2\/posts\/35923","targetHints":{"allow":["GET"]}}],"collection":[{"href":"https:\/\/www.elpolitologoyelpolitico.com.ar\/wordpress\/wp-json\/wp\/v2\/posts"}],"about":[{"href":"https:\/\/www.elpolitologoyelpolitico.com.ar\/wordpress\/wp-json\/wp\/v2\/types\/post"}],"author":[{"embeddable":true,"href":"https:\/\/www.elpolitologoyelpolitico.com.ar\/wordpress\/wp-json\/wp\/v2\/users\/4"}],"replies":[{"embeddable":true,"href":"https:\/\/www.elpolitologoyelpolitico.com.ar\/wordpress\/wp-json\/wp\/v2\/comments?post=35923"}],"version-history":[{"count":1,"href":"https:\/\/www.elpolitologoyelpolitico.com.ar\/wordpress\/wp-json\/wp\/v2\/posts\/35923\/revisions"}],"predecessor-version":[{"id":35926,"href":"https:\/\/www.elpolitologoyelpolitico.com.ar\/wordpress\/wp-json\/wp\/v2\/posts\/35923\/revisions\/35926"}],"wp:featuredmedia":[{"embeddable":true,"href":"https:\/\/www.elpolitologoyelpolitico.com.ar\/wordpress\/wp-json\/wp\/v2\/media\/35924"}],"wp:attachment":[{"href":"https:\/\/www.elpolitologoyelpolitico.com.ar\/wordpress\/wp-json\/wp\/v2\/media?parent=35923"}],"wp:term":[{"taxonomy":"category","embeddable":true,"href":"https:\/\/www.elpolitologoyelpolitico.com.ar\/wordpress\/wp-json\/wp\/v2\/categories?post=35923"},{"taxonomy":"post_tag","embeddable":true,"href":"https:\/\/www.elpolitologoyelpolitico.com.ar\/wordpress\/wp-json\/wp\/v2\/tags?post=35923"}],"curies":[{"name":"wp","href":"https:\/\/api.w.org\/{rel}","templated":true}]}}