{"id":35912,"date":"2023-11-06T23:35:03","date_gmt":"2023-11-07T02:35:03","guid":{"rendered":"https:\/\/www.elpolitologoyelpolitico.com.ar\/wordpress\/?p=35912"},"modified":"2023-11-06T23:35:04","modified_gmt":"2023-11-07T02:35:04","slug":"concluyo-en-viedma-un-taller-de-ciclomecanica-y-se-entregaron-bicicletas","status":"publish","type":"post","link":"https:\/\/www.elpolitologoyelpolitico.com.ar\/wordpress\/2023\/11\/06\/concluyo-en-viedma-un-taller-de-ciclomecanica-y-se-entregaron-bicicletas\/","title":{"rendered":"Concluy\u00f3 en Viedma un taller de Ciclomec\u00e1nica y se entregaron bicicletas"},"content":{"rendered":"\n<p>Este lunes se realiz\u00f3 en instalaciones del CAMu de Viedma, el acto de cierre de un taller de Ciclomec\u00e1nica organizado por el Ministerio de Seguridad y Justicia mediante el cual se entregaron 4 bicicletas a chicos y chicas, que se encargaron de restaurarlas y ponerlas a punto.<\/p>\n\n\n\n<p>Los rodados se encontraban en dep\u00f3sitos judiciales y a partir de la Ley 5388 se pudo recuperar una buena cantidad que fueron reparados en estos talleres que se desarrollaron no solo en Viedma sino tambi\u00e9n en Cipolletti y Bariloche.<\/p>\n\n\n\n<p>La iniciativa forma parte de la Subsecretar\u00eda de Prevenci\u00f3n del Delito y Participaci\u00f3n Comunitaria que a trav\u00e9s de un importante grupo de trabajo acompa\u00f1\u00f3 a los y las j\u00f3venes en todas las tareas, en conjunto con personal de Desarrollo e Integraci\u00f3n Social de la municipalidad local.<\/p>\n\n\n\n<p>Estuvieron presentes en el acto el secretario de Justicia, Mariano Sacchetti, el subsecretario de Prevenci\u00f3n del Delito y Participaci\u00f3n Comunitaria, Franco Consiglio, y el secretario de Desarrollo e Integraci\u00f3n Social de Viedma, Mario S\u00e1nchez.<\/p>\n\n\n\n<p>Adem\u00e1s de las 4 bicicletas, tambi\u00e9n se hizo entrega de cascos, donados por la Agencia Provincial de Seguridad Vial del Ministerio de Seguridad y Justicia, apostando tambi\u00e9n as\u00ed en la cuesti\u00f3n preventiva.<\/p>\n\n\n\n<p>El subsecretario Franco Consiglio, expres\u00f3 su satisfacci\u00f3n y la de su equipo por el feliz cierre del taller: \u00abCon la entrega de estas cuatro estamos superando las 60 bicicletas recuperadas en la provincia y&nbsp; dentro de unos 15 d\u00edas vamos a cerrar algunas m\u00e1s en Cipolletti.&nbsp;&nbsp;Es un taller que nos pone muy felices\u00bb.<\/p>\n\n\n\n<p>Consiglio destac\u00f3 la posibilidad de recuperar las bicicletas que de lo contrario ser\u00edan compactadas. Mediante el arreglo de las mismas, los chicos y chicas&nbsp; \u00abaprenden el oficio de c\u00f3mo reparar y restaurar una bicicleta acompa\u00f1ados por un tallerista y el equipo t\u00e9cnico de la Subsecretar\u00eda pero adem\u00e1s con este corolario que es que se llevan su propia bicicleta, la que ellos mismos reconstruyeron, totalmente acondicionada a nueva\u00bb.<\/p>\n\n\n\n<p>Por otro lado, agreg\u00f3 que tambi\u00e9n se colabora con el cuidado del medio ambiente, con un medio de movilidad sustentable y que adem\u00e1s es \u00fatil para la pr\u00e1ctica de una actividad f\u00edsica.<\/p>\n\n\n\n<p>\u00abAdem\u00e1s hoy acompa\u00f1ados de la Agencia Provincial de Seguridad Vial para hacer entrega de unos cascos de seguridad para tambi\u00e9n colaborar en la educaci\u00f3n y concientizaci\u00f3n en seguridad vial\u00bb, concluy\u00f3 el funcionario.<\/p>\n\n\n\n<figure class=\"wp-block-gallery has-nested-images columns-default is-cropped wp-block-gallery-1 is-layout-flex wp-block-gallery-is-layout-flex\">\n<figure class=\"wp-block-image size-large\"><img fetchpriority=\"high\" decoding=\"async\" width=\"1024\" height=\"683\" data-id=\"35914\" src=\"https:\/\/www.elpolitologoyelpolitico.com.ar\/wp-content\/uploads\/2023\/11\/IMG-20231106-WA0036-1024x683.jpg\" alt=\"\" class=\"wp-image-35914\" srcset=\"https:\/\/www.elpolitologoyelpolitico.com.ar\/wp-content\/uploads\/2023\/11\/IMG-20231106-WA0036-1024x683.jpg 1024w, https:\/\/www.elpolitologoyelpolitico.com.ar\/wp-content\/uploads\/2023\/11\/IMG-20231106-WA0036-300x200.jpg 300w, https:\/\/www.elpolitologoyelpolitico.com.ar\/wp-content\/uploads\/2023\/11\/IMG-20231106-WA0036-768x512.jpg 768w, https:\/\/www.elpolitologoyelpolitico.com.ar\/wp-content\/uploads\/2023\/11\/IMG-20231106-WA0036.jpg 1280w\" sizes=\"(max-width: 1024px) 100vw, 1024px\" \/><\/figure>\n\n\n\n<figure class=\"wp-block-image size-large\"><img decoding=\"async\" width=\"1024\" height=\"683\" data-id=\"35915\" src=\"https:\/\/www.elpolitologoyelpolitico.com.ar\/wp-content\/uploads\/2023\/11\/IMG-20231106-WA0034-1024x683.jpg\" alt=\"\" class=\"wp-image-35915\" srcset=\"https:\/\/www.elpolitologoyelpolitico.com.ar\/wp-content\/uploads\/2023\/11\/IMG-20231106-WA0034-1024x683.jpg 1024w, https:\/\/www.elpolitologoyelpolitico.com.ar\/wp-content\/uploads\/2023\/11\/IMG-20231106-WA0034-300x200.jpg 300w, https:\/\/www.elpolitologoyelpolitico.com.ar\/wp-content\/uploads\/2023\/11\/IMG-20231106-WA0034-768x512.jpg 768w, https:\/\/www.elpolitologoyelpolitico.com.ar\/wp-content\/uploads\/2023\/11\/IMG-20231106-WA0034.jpg 1280w\" sizes=\"(max-width: 1024px) 100vw, 1024px\" \/><\/figure>\n<\/figure>\n<div class=\"fb-background-color\">\n\t\t\t  <div \n\t\t\t  \tclass = \"fb-comments\" \n\t\t\t  \tdata-href = \"https:\/\/www.elpolitologoyelpolitico.com.ar\/wordpress\/2023\/11\/06\/concluyo-en-viedma-un-taller-de-ciclomecanica-y-se-entregaron-bicicletas\/\"\n\t\t\t  \tdata-numposts = \"10\"\n\t\t\t  \tdata-lazy = \"true\"\n\t\t\t\tdata-colorscheme = \"light\"\n\t\t\t\tdata-order-by = \"social\"\n\t\t\t\tdata-mobile=true>\n\t\t\t  <\/div><\/div>\n\t\t  <style>\n\t\t    .fb-background-color {\n\t\t\t\tbackground: #ffffff !important;\n\t\t\t}\n\t\t\t.fb_iframe_widget_fluid_desktop iframe {\n\t\t\t    width: 100% !important;\n\t\t\t}\n\t\t  <\/style>\n\t\t  ","protected":false},"excerpt":{"rendered":"<p>Este lunes se realiz\u00f3 en instalaciones del CAMu de Viedma, el acto de cierre de un taller de Ciclomec\u00e1nica organizado por el Ministerio de Seguridad y Justicia mediante el cual se entregaron 4 bicicletas a chicos y chicas, que se encargaron de restaurarlas y ponerlas a punto. Los rodados se encontraban en dep\u00f3sitos judiciales y [&hellip;]<\/p>\n","protected":false},"author":4,"featured_media":35913,"comment_status":"closed","ping_status":"closed","sticky":false,"template":"","format":"standard","meta":{"_joinchat":[],"footnotes":""},"categories":[4],"tags":[],"class_list":["post-35912","post","type-post","status-publish","format-standard","has-post-thumbnail","hentry","category-politicas-publicas"],"_links":{"self":[{"href":"https:\/\/www.elpolitologoyelpolitico.com.ar\/wordpress\/wp-json\/wp\/v2\/posts\/35912","targetHints":{"allow":["GET"]}}],"collection":[{"href":"https:\/\/www.elpolitologoyelpolitico.com.ar\/wordpress\/wp-json\/wp\/v2\/posts"}],"about":[{"href":"https:\/\/www.elpolitologoyelpolitico.com.ar\/wordpress\/wp-json\/wp\/v2\/types\/post"}],"author":[{"embeddable":true,"href":"https:\/\/www.elpolitologoyelpolitico.com.ar\/wordpress\/wp-json\/wp\/v2\/users\/4"}],"replies":[{"embeddable":true,"href":"https:\/\/www.elpolitologoyelpolitico.com.ar\/wordpress\/wp-json\/wp\/v2\/comments?post=35912"}],"version-history":[{"count":1,"href":"https:\/\/www.elpolitologoyelpolitico.com.ar\/wordpress\/wp-json\/wp\/v2\/posts\/35912\/revisions"}],"predecessor-version":[{"id":35916,"href":"https:\/\/www.elpolitologoyelpolitico.com.ar\/wordpress\/wp-json\/wp\/v2\/posts\/35912\/revisions\/35916"}],"wp:featuredmedia":[{"embeddable":true,"href":"https:\/\/www.elpolitologoyelpolitico.com.ar\/wordpress\/wp-json\/wp\/v2\/media\/35913"}],"wp:attachment":[{"href":"https:\/\/www.elpolitologoyelpolitico.com.ar\/wordpress\/wp-json\/wp\/v2\/media?parent=35912"}],"wp:term":[{"taxonomy":"category","embeddable":true,"href":"https:\/\/www.elpolitologoyelpolitico.com.ar\/wordpress\/wp-json\/wp\/v2\/categories?post=35912"},{"taxonomy":"post_tag","embeddable":true,"href":"https:\/\/www.elpolitologoyelpolitico.com.ar\/wordpress\/wp-json\/wp\/v2\/tags?post=35912"}],"curies":[{"name":"wp","href":"https:\/\/api.w.org\/{rel}","templated":true}]}}