{"id":35901,"date":"2023-11-06T23:11:26","date_gmt":"2023-11-07T02:11:26","guid":{"rendered":"https:\/\/www.elpolitologoyelpolitico.com.ar\/wordpress\/?p=35901"},"modified":"2023-11-06T23:11:28","modified_gmt":"2023-11-07T02:11:28","slug":"se-suspende-la-visita-de-javier-milei-a-bahia-blanca-por-una-convocatoria-del-congreso-nacional","status":"publish","type":"post","link":"https:\/\/www.elpolitologoyelpolitico.com.ar\/wordpress\/2023\/11\/06\/se-suspende-la-visita-de-javier-milei-a-bahia-blanca-por-una-convocatoria-del-congreso-nacional\/","title":{"rendered":"Se suspende la visita de Javier Milei a Bahia Blanca por una convocatoria del Congreso Nacional"},"content":{"rendered":"\n<p>El titular de La Libertad Avanza ten\u00eda previsto estar en nuestra ciudad sobre el mediod\u00eda del martes.<\/p>\n\n\n\n<p>El candidato a presidente por La Libertad Avanza, el economista Javier Milei, suspendi\u00f3 la visita que iba a realizar a Bah\u00eda Blanca sobre el mediod\u00eda de este martes.<\/p>\n\n\n\n<p>La informaci\u00f3n fue confirmada desde la representaci\u00f3n local del partido libertario.<\/p>\n\n\n\n<p>En ese sentido, durante la tarde-noche se emiti\u00f3 un comunicado a trav\u00e9s de las redes sociales, en la que se indic\u00f3 que \u00abdebido a la convocatoria a los presidentes de bloque en el Congreso, se suspende la caminata acordada para el 7\/11\u00bb.<\/p>\n\n\n\n<p>Hasta la tarde de ese lunes, Milei ten\u00eda previsto&nbsp;encabezar una caminata c\u00e9ntrica con vecinos y referentes locales.<\/p>\n\n\n\n<p>La convocatoria era para&nbsp;las 13 en las puertas de Galer\u00eda Plaza, en Alsina 156. En ese lugar, el libertario ten\u00eda previsto realizar&nbsp;una marcha en el marco del \u00abTour por la Libertad\u00bb,&nbsp;a 12 d\u00edas para el ballottage que disputar\u00e1 contra Sergio Massa.<\/p>\n<div class=\"fb-background-color\">\n\t\t\t  <div \n\t\t\t  \tclass = \"fb-comments\" \n\t\t\t  \tdata-href = \"https:\/\/www.elpolitologoyelpolitico.com.ar\/wordpress\/2023\/11\/06\/se-suspende-la-visita-de-javier-milei-a-bahia-blanca-por-una-convocatoria-del-congreso-nacional\/\"\n\t\t\t  \tdata-numposts = \"10\"\n\t\t\t  \tdata-lazy = \"true\"\n\t\t\t\tdata-colorscheme = \"light\"\n\t\t\t\tdata-order-by = \"social\"\n\t\t\t\tdata-mobile=true>\n\t\t\t  <\/div><\/div>\n\t\t  <style>\n\t\t    .fb-background-color {\n\t\t\t\tbackground: #ffffff !important;\n\t\t\t}\n\t\t\t.fb_iframe_widget_fluid_desktop iframe {\n\t\t\t    width: 100% !important;\n\t\t\t}\n\t\t  <\/style>\n\t\t  ","protected":false},"excerpt":{"rendered":"<p>El titular de La Libertad Avanza ten\u00eda previsto estar en nuestra ciudad sobre el mediod\u00eda del martes. El candidato a presidente por La Libertad Avanza, el economista Javier Milei, suspendi\u00f3 la visita que iba a realizar a Bah\u00eda Blanca sobre el mediod\u00eda de este martes. La informaci\u00f3n fue confirmada desde la representaci\u00f3n local del partido [&hellip;]<\/p>\n","protected":false},"author":4,"featured_media":35902,"comment_status":"closed","ping_status":"closed","sticky":false,"template":"","format":"standard","meta":{"_joinchat":[],"footnotes":""},"categories":[38],"tags":[],"class_list":["post-35901","post","type-post","status-publish","format-standard","has-post-thumbnail","hentry","category-elecciones"],"_links":{"self":[{"href":"https:\/\/www.elpolitologoyelpolitico.com.ar\/wordpress\/wp-json\/wp\/v2\/posts\/35901","targetHints":{"allow":["GET"]}}],"collection":[{"href":"https:\/\/www.elpolitologoyelpolitico.com.ar\/wordpress\/wp-json\/wp\/v2\/posts"}],"about":[{"href":"https:\/\/www.elpolitologoyelpolitico.com.ar\/wordpress\/wp-json\/wp\/v2\/types\/post"}],"author":[{"embeddable":true,"href":"https:\/\/www.elpolitologoyelpolitico.com.ar\/wordpress\/wp-json\/wp\/v2\/users\/4"}],"replies":[{"embeddable":true,"href":"https:\/\/www.elpolitologoyelpolitico.com.ar\/wordpress\/wp-json\/wp\/v2\/comments?post=35901"}],"version-history":[{"count":1,"href":"https:\/\/www.elpolitologoyelpolitico.com.ar\/wordpress\/wp-json\/wp\/v2\/posts\/35901\/revisions"}],"predecessor-version":[{"id":35903,"href":"https:\/\/www.elpolitologoyelpolitico.com.ar\/wordpress\/wp-json\/wp\/v2\/posts\/35901\/revisions\/35903"}],"wp:featuredmedia":[{"embeddable":true,"href":"https:\/\/www.elpolitologoyelpolitico.com.ar\/wordpress\/wp-json\/wp\/v2\/media\/35902"}],"wp:attachment":[{"href":"https:\/\/www.elpolitologoyelpolitico.com.ar\/wordpress\/wp-json\/wp\/v2\/media?parent=35901"}],"wp:term":[{"taxonomy":"category","embeddable":true,"href":"https:\/\/www.elpolitologoyelpolitico.com.ar\/wordpress\/wp-json\/wp\/v2\/categories?post=35901"},{"taxonomy":"post_tag","embeddable":true,"href":"https:\/\/www.elpolitologoyelpolitico.com.ar\/wordpress\/wp-json\/wp\/v2\/tags?post=35901"}],"curies":[{"name":"wp","href":"https:\/\/api.w.org\/{rel}","templated":true}]}}