{"id":3590,"date":"2021-05-29T01:20:33","date_gmt":"2021-05-29T01:20:33","guid":{"rendered":"https:\/\/www.elpolitologoyelpolitico.com.ar\/wordpress\/?p=3590"},"modified":"2021-05-29T01:20:53","modified_gmt":"2021-05-29T01:20:53","slug":"preveiamos-la-reduccion-de-nuestros-ingresos-por-la-baja-circulacion","status":"publish","type":"post","link":"https:\/\/www.elpolitologoyelpolitico.com.ar\/wordpress\/2021\/05\/29\/preveiamos-la-reduccion-de-nuestros-ingresos-por-la-baja-circulacion\/","title":{"rendered":"\u201cPreve\u00edamos la reducci\u00f3n de nuestros ingresos por la baja circulaci\u00f3n\u201d"},"content":{"rendered":"\t\t<div data-elementor-type=\"wp-post\" data-elementor-id=\"3590\" class=\"elementor elementor-3590\">\n\t\t\t\t\t\t<section class=\"elementor-section elementor-top-section elementor-element elementor-element-44f245dc elementor-section-boxed elementor-section-height-default elementor-section-height-default\" data-id=\"44f245dc\" data-element_type=\"section\" data-e-type=\"section\">\n\t\t\t\t\t\t<div class=\"elementor-container elementor-column-gap-default\">\n\t\t\t\t\t<div class=\"elementor-column elementor-col-100 elementor-top-column elementor-element elementor-element-1401fc90\" data-id=\"1401fc90\" data-element_type=\"column\" data-e-type=\"column\">\n\t\t\t<div class=\"elementor-widget-wrap elementor-element-populated\">\n\t\t\t\t\t\t<div class=\"elementor-element elementor-element-1d2c4054 elementor-widget elementor-widget-text-editor\" data-id=\"1d2c4054\" data-element_type=\"widget\" data-e-type=\"widget\" data-widget_type=\"text-editor.default\">\n\t\t\t\t<div class=\"elementor-widget-container\">\n\t\t\t\t\t\t\t\t\t\n<p>Con las restricciones establecidas por el Gobierno Nacional, distintos sectores se vieron perjudicados en sus ingresos. Entre los distintos rubros, los taxistas y choferes, quienes ante la baja circulaci\u00f3n solicitan una ayuda al municipio.<\/p>\n\n\n\n<p>\u201cEl d\u00eda viernes previo al anuncio de la cuarentena preve\u00edamos lo que hoy est\u00e1 pasando, esto es la reducci\u00f3n de nuestros ingresos por la baja circulaci\u00f3n, tanto en el horario de restricciones como durante el d\u00eda porque afortunadamente la gente se est\u00e1 cuidando\u201d expres\u00f3 Nicol\u00e1s Abelleira Tapia.<\/p>\n\n\n\n<p>Los taxistas autoconvocados, le presentaron una nota al funcionario Mario S\u00e1nchez solicitando una asistencia para el sector, quien los recibi\u00f3 con la mayor disposici\u00f3n y aseguro darles una respuesta durante el d\u00eda de hoy. \u201cEs bueno que la gente se est\u00e9 cuidando, nos gustar\u00eda estar nosotros en casa tambi\u00e9n, pero nos toca estar en la calle\u201d manifest\u00f3 Abelleira Tapia.<\/p>\n\n\n\n<figure class=\"wp-block-gallery columns-1 is-cropped wp-block-gallery-2 is-layout-flex wp-block-gallery-is-layout-flex\"><ul class=\"blocks-gallery-grid\"><li class=\"blocks-gallery-item\"><figure><img fetchpriority=\"high\" decoding=\"async\" width=\"713\" height=\"537\" src=\"https:\/\/www.elpolitologoyelpolitico.com.ar\/wp-content\/uploads\/2021\/05\/WhatsApp-Image-2021-05-28-at-10.17.41-PM-1-1.jpeg\" alt=\"\" data-id=\"3592\" data-full-url=\"https:\/\/www.elpolitologoyelpolitico.com.ar\/wp-content\/uploads\/2021\/05\/WhatsApp-Image-2021-05-28-at-10.17.41-PM-1-1.jpeg\" data-link=\"https:\/\/www.elpolitologoyelpolitico.com.ar\/wordpress\/?attachment_id=3592\" class=\"wp-image-3592\" srcset=\"https:\/\/www.elpolitologoyelpolitico.com.ar\/wp-content\/uploads\/2021\/05\/WhatsApp-Image-2021-05-28-at-10.17.41-PM-1-1.jpeg 713w, https:\/\/www.elpolitologoyelpolitico.com.ar\/wp-content\/uploads\/2021\/05\/WhatsApp-Image-2021-05-28-at-10.17.41-PM-1-1-300x226.jpeg 300w\" sizes=\"(max-width: 713px) 100vw, 713px\" \/><\/figure><\/li><\/ul><\/figure>\n\t\t\t\t\t\t\t\t<\/div>\n\t\t\t\t<\/div>\n\t\t\t\t\t<\/div>\n\t\t<\/div>\n\t\t\t\t\t<\/div>\n\t\t<\/section>\n\t\t\t\t<\/div>\n\t\t<div class=\"fb-background-color\">\n\t\t\t  <div \n\t\t\t  \tclass = \"fb-comments\" \n\t\t\t  \tdata-href = \"https:\/\/www.elpolitologoyelpolitico.com.ar\/wordpress\/2021\/05\/29\/preveiamos-la-reduccion-de-nuestros-ingresos-por-la-baja-circulacion\/\"\n\t\t\t  \tdata-numposts = \"10\"\n\t\t\t  \tdata-lazy = \"true\"\n\t\t\t\tdata-colorscheme = \"light\"\n\t\t\t\tdata-order-by = \"social\"\n\t\t\t\tdata-mobile=true>\n\t\t\t  <\/div><\/div>\n\t\t  <style>\n\t\t    .fb-background-color {\n\t\t\t\tbackground: #ffffff !important;\n\t\t\t}\n\t\t\t.fb_iframe_widget_fluid_desktop iframe {\n\t\t\t    width: 100% !important;\n\t\t\t}\n\t\t  <\/style>\n\t\t  ","protected":false},"excerpt":{"rendered":"<p>Con las restricciones establecidas por el Gobierno Nacional, distintos sectores se vieron perjudicados en sus ingresos. Entre los distintos rubros, los taxistas y choferes, quienes ante la baja circulaci\u00f3n solicitan una ayuda al municipio. \u201cEl d\u00eda viernes previo al anuncio de la cuarentena preve\u00edamos lo que hoy est\u00e1 pasando, esto es la reducci\u00f3n de nuestros [&hellip;]<\/p>\n","protected":false},"author":4,"featured_media":3593,"comment_status":"closed","ping_status":"closed","sticky":false,"template":"","format":"standard","meta":{"_joinchat":[],"footnotes":""},"categories":[3],"tags":[],"class_list":["post-3590","post","type-post","status-publish","format-standard","has-post-thumbnail","hentry","category-actores-sociales"],"_links":{"self":[{"href":"https:\/\/www.elpolitologoyelpolitico.com.ar\/wordpress\/wp-json\/wp\/v2\/posts\/3590","targetHints":{"allow":["GET"]}}],"collection":[{"href":"https:\/\/www.elpolitologoyelpolitico.com.ar\/wordpress\/wp-json\/wp\/v2\/posts"}],"about":[{"href":"https:\/\/www.elpolitologoyelpolitico.com.ar\/wordpress\/wp-json\/wp\/v2\/types\/post"}],"author":[{"embeddable":true,"href":"https:\/\/www.elpolitologoyelpolitico.com.ar\/wordpress\/wp-json\/wp\/v2\/users\/4"}],"replies":[{"embeddable":true,"href":"https:\/\/www.elpolitologoyelpolitico.com.ar\/wordpress\/wp-json\/wp\/v2\/comments?post=3590"}],"version-history":[{"count":0,"href":"https:\/\/www.elpolitologoyelpolitico.com.ar\/wordpress\/wp-json\/wp\/v2\/posts\/3590\/revisions"}],"wp:featuredmedia":[{"embeddable":true,"href":"https:\/\/www.elpolitologoyelpolitico.com.ar\/wordpress\/wp-json\/wp\/v2\/media\/3593"}],"wp:attachment":[{"href":"https:\/\/www.elpolitologoyelpolitico.com.ar\/wordpress\/wp-json\/wp\/v2\/media?parent=3590"}],"wp:term":[{"taxonomy":"category","embeddable":true,"href":"https:\/\/www.elpolitologoyelpolitico.com.ar\/wordpress\/wp-json\/wp\/v2\/categories?post=3590"},{"taxonomy":"post_tag","embeddable":true,"href":"https:\/\/www.elpolitologoyelpolitico.com.ar\/wordpress\/wp-json\/wp\/v2\/tags?post=3590"}],"curies":[{"name":"wp","href":"https:\/\/api.w.org\/{rel}","templated":true}]}}