{"id":35885,"date":"2023-11-06T17:06:52","date_gmt":"2023-11-06T20:06:52","guid":{"rendered":"https:\/\/www.elpolitologoyelpolitico.com.ar\/wordpress\/?p=35885"},"modified":"2023-11-06T17:06:53","modified_gmt":"2023-11-06T20:06:53","slug":"cientificos-internacionales-reclaman-que-no-cajoneen-mas-la-creacion-de-la-primera-reserva-natural-en-viedma","status":"publish","type":"post","link":"https:\/\/www.elpolitologoyelpolitico.com.ar\/wordpress\/2023\/11\/06\/cientificos-internacionales-reclaman-que-no-cajoneen-mas-la-creacion-de-la-primera-reserva-natural-en-viedma\/","title":{"rendered":"Cient\u00edficos internacionales reclaman que no cajoneen m\u00e1s la creaci\u00f3n de la primera Reserva Natural en Viedma"},"content":{"rendered":"\n<p>Yo tengo un sue\u00f1o.<\/p>\n\n\n\n<p>Texto Juan F. Masello y Alejando Balbiano.<\/p>\n\n\n\n<p>Hace 20 a\u00f1os atr\u00e1s se presentaron por primera vez, ante la Legislatura Provincial de R\u00edo Negro, los fundamentos para ayudar a crear un \u00c1rea Natural Protegida en el Balneario El C\u00f3ndor, con la intenci\u00f3n de proteger a la Colonia de Loros m\u00e1s grande del Mundo. En aquel momento, los investigadores del Proyecto Loro Barranquero tuvimos un sue\u00f1o, como alguna vez menciono en su famoso discurso Martin Luther King: que en un futuro cercano pudieran coexistir como iguales y armoniosamente, en nuestro caso, las especies naturales y los seres humanos, en un ambiente sano y protegido.<\/p>\n\n\n\n<p>Sin embargo, luego de 25 a\u00f1os de investigaci\u00f3n ininterrumpida el hogar del loro barranquero solo sigue bajo el cuidado de la naturaleza.<\/p>\n\n\n\n<p>Actualmente la Comisi\u00f3n del Ambiente del Concejo Deliberante de Viedma deber\u00eda estar tratando un proyecto para la creaci\u00f3n de la Reserva Natural Municipal Acantilado de los Loros, que es un paso fundamental para consolidar la pol\u00edtica ambiental de conservaci\u00f3n de la biodiversidad que propone el Gobierno de Viedma, en total acuerdo con la comunidad cient\u00edfica. Pero eso no ocurre.<\/p>\n\n\n\n<p>Frente a esta situaci\u00f3n, los investigadores manifestamos nuestra seria preocupaci\u00f3n que este proyecto no se apruebe, una vez m\u00e1s, y se ponga en peligro la continuidad de una especie amenazada.<\/p>\n\n\n\n<p>Existe la voluntad del Municipio de Viedma, pero la Comisi\u00f3n de Ambiente del Concejo Deliberante que preside Roberta Scavo, mantiene en los cajones el proyecto netamente por cuestiones pol\u00edticas informaron fuentes del ejecutivo viedmense.<\/p>\n\n\n\n<p>\u00bfCu\u00e1n amenazada est\u00e1 la especie?<\/p>\n\n\n\n<p>Los loros barranqueros de la subespecie que vive en Chile, figuran como amenazados en la lista roja de vertebrados de ese pa\u00eds, ya que actualmente solo existen entre 5.000 y 6.000 individuos. En algunas regiones de la Argentina el panorama no es mejor. Por ejemplo, en una colonia de La Rioja, solo se contaron 290 nidos.<\/p>\n\n\n\n<p>Por su parte, la colonia de loros barranqueros de El C\u00f3ndor, es un fen\u00f3meno biol\u00f3gico destacado, \u00fanico en el planeta, ya que re\u00fane en un lugar a m\u00e1s del 70% de la poblaci\u00f3n de la especie, que solo vive en la Argentina y en Chile. Pero el detalle es que aunque parecen abundantes en esta zona, solo lo son en este lugar de su h\u00e1bitat natural y, quiz\u00e1s los \u00fanicos con posibilidades futuras de perpetuar la especie.<\/p>\n\n\n\n<p>El Acantilado de los loros.<\/p>\n\n\n\n<p>Los acantilados son una \u201cmarca registrada\u201d, bien distintiva de la Patagonia. En sus paredes est\u00e1 escrita la historia geol\u00f3gica de esta regi\u00f3n. En particular, los acantilados que se encuentran en la zona comprendida entre El C\u00f3ndor y Bah\u00eda Rosas, provincia de R\u00edo Negro, corresponden a una unidad geol\u00f3gica conocida como Formaci\u00f3n R\u00edo Negro, compuesta de areniscas o arenas consolidadas, y de arcillas y limos de origen continental, intercaladas con dep\u00f3sitos marinos. A lo largo de su historia estos acantilados han sufrido transformaciones por efecto de la erosi\u00f3n marina y fluvial. Hace unos 125.000 a\u00f1os se produjo un \u00faltimo avance del nivel del mar, el cual le dio a la costa acantilada una forma similar a la que observamos actualmente. Recordemos en este punto, que los loros barranqueros cruzaron la cordillera, desde Chile hacia Mendoza, Argentina, hace unos 120.000 a\u00f1os, y comenzaron a colonizar nuestro pa\u00eds en dos direcciones, hacia el noroeste (all\u00ed viven en barrancas), y hacia el sur llegando hasta la Patagonia (aqu\u00ed viven en acantilados). Es decir, que casi en la misma \u00e9poca geol\u00f3gica en que se formaron los acantilados patag\u00f3nicos, los loros encontraron en ellos un lugar donde hacer sus nidos. Es decir, que loros y acantilados conviven desde hace unos 120.000 a\u00f1os.<\/p>\n\n\n\n<p>Amenazas que enfrentan.<\/p>\n\n\n\n<p>La colonia de loros barranqueros de El C\u00f3ndor est\u00e1 sujeta a una serie de amenazas, tanto naturales como de origen humano. Entre las naturales, podemos mencionar al fen\u00f3meno clim\u00e1tico de La Ni\u00f1a, que genera sequ\u00edas extremas que reducen la disponibilidad de alimento en el Monte, y muchos loros mueren de hambre, y muchos otros no se reproducen.<\/p>\n\n\n\n<p>Pero tambi\u00e9n, est\u00e1n los factores de origen humano. La urbanizaci\u00f3n creciente de la Villa El C\u00f3ndor, que se extendi\u00f3 y lleg\u00f3 hasta la colonia, produjo una reducci\u00f3n notable de nidos en el primer kil\u00f3metro de la colonia, el que ten\u00eda la mayor densidad de cuevas. Adem\u00e1s, la construcci\u00f3n de monumentos y viviendas pr\u00f3ximas al acantilado, que el Estado permiti\u00f3, est\u00e1n afectando negativamente a los loros, ya que el peso y los cimientos de estas construcciones aceleran los derrumbes o desprendimientos naturales de los acantilados.<\/p>\n\n\n\n<p>Por otro lado, es imprescindible proteger el Monte que queda en la regi\u00f3n, as\u00ed como tambi\u00e9n replantar especies nativas en lugares donde ya se \u201cdesmont\u00f3\u201d.<\/p>\n\n\n\n<p>Es fundamental proteger el acantilado, el hogar de los loros, donde se reproducen y cr\u00edan a sus pichones, pero tambi\u00e9n al Monte, donde encuentran sus alimentos y sus medicamentos. Es indispensable, no romper la unidad Monte y Acantilado, fundamental para lograr la supervivencia de los loros barranqueros.<\/p>\n\n\n\n<p>Proteger un \u00c1rea Natural tiene muchas ventajas.<\/p>\n\n\n\n<p>Aqu\u00ed vamos a mencionar dos. Por un lado, ayuda a conservar y proteger una especie, en este caso los loros barranqueros. Adem\u00e1s, si cuidamos y restauramos su ambiente natural, las aves encontrar\u00e1n en \u00e9l su comida y medicina, y existir\u00e1n menos conflictos con los cultivos humanos de la regi\u00f3n.<\/p>\n\n\n\n<p>Por otro lado, la creaci\u00f3n de Reservas Naturales es un motor para el desarrollo tur\u00edstico, sobre todo de viajeros que buscan destinos naturales, espacios abiertos y experiencias genuinas en \u00e1mbitos silvestres. El turismo genera empleos de calidad y crecimiento de las econom\u00edas regionales. Todo debe venir acompa\u00f1ado del desarrollo de infraestructura, servicios y promoci\u00f3n.<\/p>\n\n\n\n<p>Algunos de esos espacios tienen una importancia especial. As\u00ed est\u00e1n en nuestro pa\u00eds, el Parque Nacional Iguaz\u00fa, Pen\u00ednsula Vald\u00e9s, Punta Tombo, y El C\u00f3ndor, entre otras. Pero hay una cosa fuera de lugar en esta lista. La colonia de loros m\u00e1s grande del mundo de El C\u00f3ndor es la \u00fanica que no tiene ning\u00fan estatus de protecci\u00f3n, ni nacional, ni provincial, ni municipal.<\/p>\n\n\n\n<p>Es necesario tomar medidas urgentes.<\/p>\n\n\n\n<p>Lo m\u00e1s importante es Proteger el acantilado. Desde 2004 los investigadores recomiendan crear un \u00c1rea Natural Protegida, que contemple los usos tradicionales de bajo impacto, incluido el turismo de playa y la pesca deportiva desde costa, creada con participaci\u00f3n provincial, municipal y de la comunidad. Eso ayudar\u00eda a la conservaci\u00f3n de su biodiversidad, y transformar\u00eda esta regi\u00f3n costera en un polo de turismo de la naturaleza de jerarqu\u00eda internacional.<\/p>\n\n\n\n<p>En diciembre de 2021, el intendente de Viedma, Pedro Pesatti, haci\u00e9ndose eco de esta recomendaci\u00f3n, anunci\u00f3 la creaci\u00f3n de un \u00c1rea Natural Protegida Municipal. Pero, hasta el d\u00eda de hoy, la colonia de loros m\u00e1s grande del mundo sigue solo bajo el cuidado de la naturaleza y de muchos vecinos voluntariosos.<\/p>\n\n\n\n<p>Por otro lado, es imprescindible proteger el Monte que queda en la regi\u00f3n, as\u00ed como tambi\u00e9n replantar especies nativas en lugares donde ya se \u201cdesmont\u00f3\u201d.<\/p>\n\n\n\n<p>En diciembre de 2021, el intendente de Viedma, Pedro Pesatti, junto con la ministra de Turismo de R\u00edo Negro, Martha V\u00e9lez, y el secretario de Servicios, Espacios P\u00fablicos y Ambiente, Gast\u00f3n Guti\u00e9rrez, inauguraron un Centro de Valoraci\u00f3n del Monte Nativo. Es un espacio destinado a la educaci\u00f3n y a la producci\u00f3n de plantines de especies aut\u00f3ctonas, como cha\u00f1ares y piquillines.<\/p>\n\n\n\n<p>Esta es una iniciativa excelente, pero que necesita de apoyo a largo plazo para alcanzar sus objetivos.<\/p>\n\n\n\n<p>Finalmente, hay que evitar construir monumentos, casas o edificios sobre los acantilados donde viven los loros.<\/p>\n\n\n\n<p>Luego de 25 a\u00f1os de estudiar la colonia de loros barranqueros de El C\u00f3ndor, y de varios intentos por crear un \u00e1rea que los protegiera como especie, y en su espacio, el Monte, quiz\u00e1s haya llegado el tiempo de alinear todas las voluntades: autoridades municipales y provinciales, investigadores y comunidad.<\/p>\n\n\n\n<p>Como dijo Martin Luther King \u201cAhora es el momento\u201d. Es una frase poderosa que habla de un pa\u00eds integrado y unido.<\/p>\n\n\n\n<p>Siempre se escucha la frase seamos la voz de las especies amenazadas, en este caso, seamos la voz de los loros barranqueros. Pero ahora que sabemos tantas cosas de ellos gracias a los investigadores que los estudian, posiblemente haya llegado el tiempo de escuchar la propia voz de los loros, que nos dicen que necesitan un lugar para vivir sano e \u00edntegro, un ambiente productivo con suficiente agua y comida para ellos y sus cr\u00edas, y cielos libres para volar.<\/p>\n\n\n\n<p>En lugar de dejar un mundo mejor para nuestros hijos, quiz\u00e1s haya llegado el momento de dejar mejores hijos para el mundo que viene. La diferencia es notoria. Mejores hijos, significa ciudadanos m\u00e1s comprometidos con la vida y con el ambiente, con el futuro, si queremos que sea mejor. La vida no es magia, es esfuerzo, dedicaci\u00f3n, estudio, y cuando todo se conjuga en un sentido positivo, ah\u00ed s\u00ed se produce algo parecido a la magia. Y es la satisfacci\u00f3n del objetivo logrado.<\/p>\n\n\n\n<p>La vida individual, de cada persona es corta, pero la vida de las sociedades y de nuestros descendientes es m\u00e1s extensa. \u00bfC\u00f3mo queremos que nos recuerden? \u00bfC\u00f3mo los que ayudamos a extinguir especies o como los que ayudamos a salvarlas? Es una pregunta que los legisladores deber\u00e1n responder, no a nosotros, sino a sus propios hijos.<\/p>\n<div class=\"fb-background-color\">\n\t\t\t  <div \n\t\t\t  \tclass = \"fb-comments\" \n\t\t\t  \tdata-href = \"https:\/\/www.elpolitologoyelpolitico.com.ar\/wordpress\/2023\/11\/06\/cientificos-internacionales-reclaman-que-no-cajoneen-mas-la-creacion-de-la-primera-reserva-natural-en-viedma\/\"\n\t\t\t  \tdata-numposts = \"10\"\n\t\t\t  \tdata-lazy = \"true\"\n\t\t\t\tdata-colorscheme = \"light\"\n\t\t\t\tdata-order-by = \"social\"\n\t\t\t\tdata-mobile=true>\n\t\t\t  <\/div><\/div>\n\t\t  <style>\n\t\t    .fb-background-color {\n\t\t\t\tbackground: #ffffff !important;\n\t\t\t}\n\t\t\t.fb_iframe_widget_fluid_desktop iframe {\n\t\t\t    width: 100% !important;\n\t\t\t}\n\t\t  <\/style>\n\t\t  ","protected":false},"excerpt":{"rendered":"<p>Yo tengo un sue\u00f1o. Texto Juan F. Masello y Alejando Balbiano. Hace 20 a\u00f1os atr\u00e1s se presentaron por primera vez, ante la Legislatura Provincial de R\u00edo Negro, los fundamentos para ayudar a crear un \u00c1rea Natural Protegida en el Balneario El C\u00f3ndor, con la intenci\u00f3n de proteger a la Colonia de Loros m\u00e1s grande del [&hellip;]<\/p>\n","protected":false},"author":4,"featured_media":35886,"comment_status":"closed","ping_status":"closed","sticky":false,"template":"","format":"standard","meta":{"_joinchat":[],"footnotes":""},"categories":[39],"tags":[],"class_list":["post-35885","post","type-post","status-publish","format-standard","has-post-thumbnail","hentry","category-en-esta-seccion"],"_links":{"self":[{"href":"https:\/\/www.elpolitologoyelpolitico.com.ar\/wordpress\/wp-json\/wp\/v2\/posts\/35885","targetHints":{"allow":["GET"]}}],"collection":[{"href":"https:\/\/www.elpolitologoyelpolitico.com.ar\/wordpress\/wp-json\/wp\/v2\/posts"}],"about":[{"href":"https:\/\/www.elpolitologoyelpolitico.com.ar\/wordpress\/wp-json\/wp\/v2\/types\/post"}],"author":[{"embeddable":true,"href":"https:\/\/www.elpolitologoyelpolitico.com.ar\/wordpress\/wp-json\/wp\/v2\/users\/4"}],"replies":[{"embeddable":true,"href":"https:\/\/www.elpolitologoyelpolitico.com.ar\/wordpress\/wp-json\/wp\/v2\/comments?post=35885"}],"version-history":[{"count":1,"href":"https:\/\/www.elpolitologoyelpolitico.com.ar\/wordpress\/wp-json\/wp\/v2\/posts\/35885\/revisions"}],"predecessor-version":[{"id":35887,"href":"https:\/\/www.elpolitologoyelpolitico.com.ar\/wordpress\/wp-json\/wp\/v2\/posts\/35885\/revisions\/35887"}],"wp:featuredmedia":[{"embeddable":true,"href":"https:\/\/www.elpolitologoyelpolitico.com.ar\/wordpress\/wp-json\/wp\/v2\/media\/35886"}],"wp:attachment":[{"href":"https:\/\/www.elpolitologoyelpolitico.com.ar\/wordpress\/wp-json\/wp\/v2\/media?parent=35885"}],"wp:term":[{"taxonomy":"category","embeddable":true,"href":"https:\/\/www.elpolitologoyelpolitico.com.ar\/wordpress\/wp-json\/wp\/v2\/categories?post=35885"},{"taxonomy":"post_tag","embeddable":true,"href":"https:\/\/www.elpolitologoyelpolitico.com.ar\/wordpress\/wp-json\/wp\/v2\/tags?post=35885"}],"curies":[{"name":"wp","href":"https:\/\/api.w.org\/{rel}","templated":true}]}}