{"id":35869,"date":"2023-11-06T12:24:13","date_gmt":"2023-11-06T15:24:13","guid":{"rendered":"https:\/\/www.elpolitologoyelpolitico.com.ar\/wordpress\/?p=35869"},"modified":"2023-11-06T12:24:15","modified_gmt":"2023-11-06T15:24:15","slug":"se-viene-la-jornada-tomatelo-con-responsabilidad-por-el-dia-mundial-sin-alcohol","status":"publish","type":"post","link":"https:\/\/www.elpolitologoyelpolitico.com.ar\/wordpress\/2023\/11\/06\/se-viene-la-jornada-tomatelo-con-responsabilidad-por-el-dia-mundial-sin-alcohol\/","title":{"rendered":"Se viene la jornada \u201cTomatelo con responsabilidad\u201d, por el D\u00eda Mundial sin alcohol"},"content":{"rendered":"\n<p>El pr\u00f3ximo mi\u00e9rcoles 15 de noviembre, el Centro Municipal de Adicciones, dependiente de la Secretar\u00eda de Desarrollo Social, realizar\u00e1 la jornada \u201cTomatelo con responsabilidad\u201d, en el marco del D\u00eda Mundial Sin Alcohol.<\/p>\n\n\n\n<p>Ser\u00e1 en la plaza \u201c7 de Marzo\u201d, desde las 10:00 hasta las 11:30 horas.<\/p>\n\n\n\n<p>El evento tiene como objetivo concientizar e informar sobre los efectos del consumo de bebidas alcoh\u00f3licas en la salud psicof\u00edsica, visibilizar el impacto en el medioambiente y sensibilizar sobre las consecuencias en el entorno inmediato del sujeto consumidor.<\/p>\n\n\n\n<p>Para esto, se realizar\u00e1 un canje de una botella de vidrio por un plantin o una fruta, entrega de folleter\u00eda y juegos recreativos.<\/p>\n\n\n\n<p>Participar\u00e1n las \u00e1reas de Deportes, Tr\u00e1nsito y personal del GIRSU.<\/p>\n\n\n\n<figure class=\"wp-block-image size-full is-resized\"><img fetchpriority=\"high\" decoding=\"async\" width=\"375\" height=\"211\" src=\"https:\/\/www.elpolitologoyelpolitico.com.ar\/wp-content\/uploads\/2023\/11\/IMG-20231106-WA0001.jpg\" alt=\"\" class=\"wp-image-35871\" style=\"aspect-ratio:1.7772511848341233;width:665px;height:auto\" srcset=\"https:\/\/www.elpolitologoyelpolitico.com.ar\/wp-content\/uploads\/2023\/11\/IMG-20231106-WA0001.jpg 375w, https:\/\/www.elpolitologoyelpolitico.com.ar\/wp-content\/uploads\/2023\/11\/IMG-20231106-WA0001-300x169.jpg 300w\" sizes=\"(max-width: 375px) 100vw, 375px\" \/><\/figure>\n<div class=\"fb-background-color\">\n\t\t\t  <div \n\t\t\t  \tclass = \"fb-comments\" \n\t\t\t  \tdata-href = \"https:\/\/www.elpolitologoyelpolitico.com.ar\/wordpress\/2023\/11\/06\/se-viene-la-jornada-tomatelo-con-responsabilidad-por-el-dia-mundial-sin-alcohol\/\"\n\t\t\t  \tdata-numposts = \"10\"\n\t\t\t  \tdata-lazy = \"true\"\n\t\t\t\tdata-colorscheme = \"light\"\n\t\t\t\tdata-order-by = \"social\"\n\t\t\t\tdata-mobile=true>\n\t\t\t  <\/div><\/div>\n\t\t  <style>\n\t\t    .fb-background-color {\n\t\t\t\tbackground: #ffffff !important;\n\t\t\t}\n\t\t\t.fb_iframe_widget_fluid_desktop iframe {\n\t\t\t    width: 100% !important;\n\t\t\t}\n\t\t  <\/style>\n\t\t  ","protected":false},"excerpt":{"rendered":"<p>El pr\u00f3ximo mi\u00e9rcoles 15 de noviembre, el Centro Municipal de Adicciones, dependiente de la Secretar\u00eda de Desarrollo Social, realizar\u00e1 la jornada \u201cTomatelo con responsabilidad\u201d, en el marco del D\u00eda Mundial Sin Alcohol. Ser\u00e1 en la plaza \u201c7 de Marzo\u201d, desde las 10:00 hasta las 11:30 horas. El evento tiene como objetivo concientizar e informar sobre [&hellip;]<\/p>\n","protected":false},"author":4,"featured_media":35870,"comment_status":"closed","ping_status":"closed","sticky":false,"template":"","format":"standard","meta":{"_joinchat":[],"footnotes":""},"categories":[39],"tags":[],"class_list":["post-35869","post","type-post","status-publish","format-standard","has-post-thumbnail","hentry","category-en-esta-seccion"],"_links":{"self":[{"href":"https:\/\/www.elpolitologoyelpolitico.com.ar\/wordpress\/wp-json\/wp\/v2\/posts\/35869","targetHints":{"allow":["GET"]}}],"collection":[{"href":"https:\/\/www.elpolitologoyelpolitico.com.ar\/wordpress\/wp-json\/wp\/v2\/posts"}],"about":[{"href":"https:\/\/www.elpolitologoyelpolitico.com.ar\/wordpress\/wp-json\/wp\/v2\/types\/post"}],"author":[{"embeddable":true,"href":"https:\/\/www.elpolitologoyelpolitico.com.ar\/wordpress\/wp-json\/wp\/v2\/users\/4"}],"replies":[{"embeddable":true,"href":"https:\/\/www.elpolitologoyelpolitico.com.ar\/wordpress\/wp-json\/wp\/v2\/comments?post=35869"}],"version-history":[{"count":1,"href":"https:\/\/www.elpolitologoyelpolitico.com.ar\/wordpress\/wp-json\/wp\/v2\/posts\/35869\/revisions"}],"predecessor-version":[{"id":35872,"href":"https:\/\/www.elpolitologoyelpolitico.com.ar\/wordpress\/wp-json\/wp\/v2\/posts\/35869\/revisions\/35872"}],"wp:featuredmedia":[{"embeddable":true,"href":"https:\/\/www.elpolitologoyelpolitico.com.ar\/wordpress\/wp-json\/wp\/v2\/media\/35870"}],"wp:attachment":[{"href":"https:\/\/www.elpolitologoyelpolitico.com.ar\/wordpress\/wp-json\/wp\/v2\/media?parent=35869"}],"wp:term":[{"taxonomy":"category","embeddable":true,"href":"https:\/\/www.elpolitologoyelpolitico.com.ar\/wordpress\/wp-json\/wp\/v2\/categories?post=35869"},{"taxonomy":"post_tag","embeddable":true,"href":"https:\/\/www.elpolitologoyelpolitico.com.ar\/wordpress\/wp-json\/wp\/v2\/tags?post=35869"}],"curies":[{"name":"wp","href":"https:\/\/api.w.org\/{rel}","templated":true}]}}