{"id":35848,"date":"2023-11-03T17:05:52","date_gmt":"2023-11-03T20:05:52","guid":{"rendered":"https:\/\/www.elpolitologoyelpolitico.com.ar\/wordpress\/?p=35848"},"modified":"2023-11-03T17:05:53","modified_gmt":"2023-11-03T20:05:53","slug":"a-pesar-de-la-crisis-economica-nacional-hospitales-garantizan-servicios","status":"publish","type":"post","link":"https:\/\/www.elpolitologoyelpolitico.com.ar\/wordpress\/2023\/11\/03\/a-pesar-de-la-crisis-economica-nacional-hospitales-garantizan-servicios\/","title":{"rendered":"A pesar de la crisis econ\u00f3mica nacional, hospitales garantizan servicios"},"content":{"rendered":"\n<p>La falta de provisi\u00f3n por parte de las droguer\u00edas, el incremento desproporcionado de los precios de los medicamentos e insumos han puesto al sector Salud ante una compleja situaci\u00f3n que se refleja en los hospitales y centros de salud. La situaci\u00f3n es similar a lo que sucede en todo el pa\u00eds como consecuencia de la crisis econ\u00f3mica general, que se ve agravada por la virtual dolarizaci\u00f3n de los costos de la medicina en el pa\u00eds.<\/p>\n\n\n\n<p>La realidad de los hospitales rionegrinos es similar a la que viven los sistemas de salud de todo el pa\u00eds, donde en muchos casos se ha cortado el cr\u00e9dito tanto para las instituciones como para las droguer\u00edas.<\/p>\n\n\n\n<p>\u201cLas dificultades se presentan no s\u00f3lo en lo que es medicamentos, sino tambi\u00e9n con los descartables, equipamientos y repuestos de equipamientos\u201d, expres\u00f3 en tal sentido el director del hospital de Bariloche, Leonardo Gil. Explic\u00f3 al respecto que \u201ctoda la medicina est\u00e1 pr\u00e1cticamente dolarizada, lo que genera incrementos realmente exorbitantes y dif\u00edciles de seguir\u201d, dijo.<\/p>\n\n\n\n<p>En di\u00e1logo con El Cordillerano Radio, Gil precis\u00f3 que el \u00e1rea m\u00e1s complicada es la de quir\u00f3fanos, debido al costo de las pr\u00f3tesis y en particular por los aumentos en los hilos de sutura y equipamiento espec\u00edfico.<\/p>\n\n\n\n<p>\u201cTambi\u00e9n en Farmacia, porque todos los f\u00e1rmacos tuvieron mucho incremento\u201d, a\u00f1adi\u00f3. En este contexto, si bien est\u00e1n garantizadas las provisiones de Internaci\u00f3n, mientras la atenci\u00f3n ambulatoria presenta muchas m\u00e1s dificultades. \u201cConstantemente estamos trabajando en los hospitales con el Ministerio de Salud, pero la cadena de provisiones hacia arriba nos excede a todos\u201d, se\u00f1al\u00f3.<\/p>\n\n\n\n<p>Explic\u00f3 que logran la autorizaci\u00f3n de \u201cpagos anticipados o de incrementos en los montos para pagar, incluso precios muy altos, con descartables que aumentaron entre 500 y 1.000%\u201d, pero indic\u00f3 que \u201ca\u00fan cuando las droguer\u00edas dicen que tienen stock no entregan la mercader\u00eda y mandan en cambio notas de cr\u00e9dito, porque no les entra a ellos tampoco. Se ha cortado el cr\u00e9dito tanto para las instituciones y para las droguer\u00edas tambi\u00e9n. Entonces las compras son contado en efectivo o anticipado, que son procesos administrativos que el hospital no puede hacer\u201d.<\/p>\n\n\n\n<p>Se\u00f1al\u00f3 que adem\u00e1s \u201cno hay precios de mercado y hay dificultad de importaci\u00f3n de algunos medicamentos\u201d, y defini\u00f3 a la situaci\u00f3n como \u201cmuy compleja\u201d.<br>\u201cEstamos todos los d\u00edas tratando de comprar y caemos en estas situaciones\u201d, dijo, agregando que la situaci\u00f3n de las elecciones tambi\u00e9n impacta en las cadenas de provisiones.<\/p>\n\n\n\n<p>Consider\u00f3 que Salud P\u00fablica \u201ctiene una repercusi\u00f3n especial, porque no puede cerrar o dejar de atender. Siempre hay que dar prestaciones, respuestas, atender a la gente que tiene problemas, y eso es lo que hacemos todos los d\u00edas a\u00fan en este contexto\u201d.<\/p>\n<div class=\"fb-background-color\">\n\t\t\t  <div \n\t\t\t  \tclass = \"fb-comments\" \n\t\t\t  \tdata-href = \"https:\/\/www.elpolitologoyelpolitico.com.ar\/wordpress\/2023\/11\/03\/a-pesar-de-la-crisis-economica-nacional-hospitales-garantizan-servicios\/\"\n\t\t\t  \tdata-numposts = \"10\"\n\t\t\t  \tdata-lazy = \"true\"\n\t\t\t\tdata-colorscheme = \"light\"\n\t\t\t\tdata-order-by = \"social\"\n\t\t\t\tdata-mobile=true>\n\t\t\t  <\/div><\/div>\n\t\t  <style>\n\t\t    .fb-background-color {\n\t\t\t\tbackground: #ffffff !important;\n\t\t\t}\n\t\t\t.fb_iframe_widget_fluid_desktop iframe {\n\t\t\t    width: 100% !important;\n\t\t\t}\n\t\t  <\/style>\n\t\t  ","protected":false},"excerpt":{"rendered":"<p>La falta de provisi\u00f3n por parte de las droguer\u00edas, el incremento desproporcionado de los precios de los medicamentos e insumos han puesto al sector Salud ante una compleja situaci\u00f3n que se refleja en los hospitales y centros de salud. La situaci\u00f3n es similar a lo que sucede en todo el pa\u00eds como consecuencia de la [&hellip;]<\/p>\n","protected":false},"author":4,"featured_media":35849,"comment_status":"closed","ping_status":"closed","sticky":false,"template":"","format":"standard","meta":{"_joinchat":[],"footnotes":""},"categories":[39],"tags":[],"class_list":["post-35848","post","type-post","status-publish","format-standard","has-post-thumbnail","hentry","category-en-esta-seccion"],"_links":{"self":[{"href":"https:\/\/www.elpolitologoyelpolitico.com.ar\/wordpress\/wp-json\/wp\/v2\/posts\/35848","targetHints":{"allow":["GET"]}}],"collection":[{"href":"https:\/\/www.elpolitologoyelpolitico.com.ar\/wordpress\/wp-json\/wp\/v2\/posts"}],"about":[{"href":"https:\/\/www.elpolitologoyelpolitico.com.ar\/wordpress\/wp-json\/wp\/v2\/types\/post"}],"author":[{"embeddable":true,"href":"https:\/\/www.elpolitologoyelpolitico.com.ar\/wordpress\/wp-json\/wp\/v2\/users\/4"}],"replies":[{"embeddable":true,"href":"https:\/\/www.elpolitologoyelpolitico.com.ar\/wordpress\/wp-json\/wp\/v2\/comments?post=35848"}],"version-history":[{"count":1,"href":"https:\/\/www.elpolitologoyelpolitico.com.ar\/wordpress\/wp-json\/wp\/v2\/posts\/35848\/revisions"}],"predecessor-version":[{"id":35850,"href":"https:\/\/www.elpolitologoyelpolitico.com.ar\/wordpress\/wp-json\/wp\/v2\/posts\/35848\/revisions\/35850"}],"wp:featuredmedia":[{"embeddable":true,"href":"https:\/\/www.elpolitologoyelpolitico.com.ar\/wordpress\/wp-json\/wp\/v2\/media\/35849"}],"wp:attachment":[{"href":"https:\/\/www.elpolitologoyelpolitico.com.ar\/wordpress\/wp-json\/wp\/v2\/media?parent=35848"}],"wp:term":[{"taxonomy":"category","embeddable":true,"href":"https:\/\/www.elpolitologoyelpolitico.com.ar\/wordpress\/wp-json\/wp\/v2\/categories?post=35848"},{"taxonomy":"post_tag","embeddable":true,"href":"https:\/\/www.elpolitologoyelpolitico.com.ar\/wordpress\/wp-json\/wp\/v2\/tags?post=35848"}],"curies":[{"name":"wp","href":"https:\/\/api.w.org\/{rel}","templated":true}]}}