{"id":35824,"date":"2023-11-02T23:22:02","date_gmt":"2023-11-03T02:22:02","guid":{"rendered":"https:\/\/www.elpolitologoyelpolitico.com.ar\/wordpress\/?p=35824"},"modified":"2023-11-02T23:22:03","modified_gmt":"2023-11-03T02:22:03","slug":"ricardo-marino-y-jose-zara-recibieron-a-la-subsecretaria-de-ambiente-de-la-provincia-jackie-flores","status":"publish","type":"post","link":"https:\/\/www.elpolitologoyelpolitico.com.ar\/wordpress\/2023\/11\/02\/ricardo-marino-y-jose-zara-recibieron-a-la-subsecretaria-de-ambiente-de-la-provincia-jackie-flores\/","title":{"rendered":"Ricardo Marino y Jos\u00e9 Zara, recibieron a la Subsecretaria de Ambiente de la Provincia, Jackie Flores."},"content":{"rendered":"\n<p>Esta fue la primera reuni\u00f3n preparatoria para recibir los m\u00f3dulos de promoci\u00f3n ambiental y m\u00f3dulo de salud para mejorar las condiciones de trabajo de los trabajadores de la escombrera.<\/p>\n\n\n\n<p>En este marco, la funcionaria presento el trabajo de la subsecretar\u00eda que vienen realizando en la provincia, y cu\u00e1les son las proyecciones de la misma.<\/p>\n\n\n\n<p>Adem\u00e1s, comento que los m\u00f3dulos de promoci\u00f3n ambiental, tienen como objetivo ser un espacio de recepci\u00f3n de residuos y de concientizaci\u00f3n ciudadana. Est\u00e1n pensados para acercar a la ciudadan\u00eda informaci\u00f3n de c\u00f3mo clasificar y disponer los residuos correctamente. As\u00ed como tambi\u00e9n mejorar las condiciones de trabajo de los\/as recuperadores\/as garantizando acceso a servicios sanitarios y comedor.<\/p>\n\n\n\n<p>La jornada conto con una recepci\u00f3n y encuentro previo con Marino en el centro Empleados Comercio, reuni\u00f3n en palacio Municipal, recorrida por donde se instalar\u00edan dichos m\u00f3dulos de promoci\u00f3n ambiental, como as\u00ed tambi\u00e9n una charla con la cooperativa Cotranvi de recuperadores urbanos.<\/p>\n\n\n\n<p>Acompa\u00f1aron a Ricardo Marino, referentes y concejales de Uni\u00f3n por la Patria.<\/p>\n\n\n\n<figure class=\"wp-block-gallery has-nested-images columns-default is-cropped wp-block-gallery-1 is-layout-flex wp-block-gallery-is-layout-flex\">\n<figure class=\"wp-block-image size-large\"><img fetchpriority=\"high\" decoding=\"async\" width=\"1024\" height=\"768\" data-id=\"35827\" src=\"https:\/\/www.elpolitologoyelpolitico.com.ar\/wp-content\/uploads\/2023\/11\/IMG-20231102-WA0054-1024x768.jpg\" alt=\"\" class=\"wp-image-35827\" srcset=\"https:\/\/www.elpolitologoyelpolitico.com.ar\/wp-content\/uploads\/2023\/11\/IMG-20231102-WA0054-1024x768.jpg 1024w, https:\/\/www.elpolitologoyelpolitico.com.ar\/wp-content\/uploads\/2023\/11\/IMG-20231102-WA0054-300x225.jpg 300w, https:\/\/www.elpolitologoyelpolitico.com.ar\/wp-content\/uploads\/2023\/11\/IMG-20231102-WA0054-768x576.jpg 768w, https:\/\/www.elpolitologoyelpolitico.com.ar\/wp-content\/uploads\/2023\/11\/IMG-20231102-WA0054-1536x1152.jpg 1536w, https:\/\/www.elpolitologoyelpolitico.com.ar\/wp-content\/uploads\/2023\/11\/IMG-20231102-WA0054-2048x1536.jpg 2048w\" sizes=\"(max-width: 1024px) 100vw, 1024px\" \/><\/figure>\n\n\n\n<figure class=\"wp-block-image size-large\"><img decoding=\"async\" width=\"1024\" height=\"576\" data-id=\"35826\" src=\"https:\/\/www.elpolitologoyelpolitico.com.ar\/wp-content\/uploads\/2023\/11\/IMG-20231102-WA0055-1024x576.jpg\" alt=\"\" class=\"wp-image-35826\" srcset=\"https:\/\/www.elpolitologoyelpolitico.com.ar\/wp-content\/uploads\/2023\/11\/IMG-20231102-WA0055-1024x576.jpg 1024w, https:\/\/www.elpolitologoyelpolitico.com.ar\/wp-content\/uploads\/2023\/11\/IMG-20231102-WA0055-300x169.jpg 300w, https:\/\/www.elpolitologoyelpolitico.com.ar\/wp-content\/uploads\/2023\/11\/IMG-20231102-WA0055-768x432.jpg 768w, https:\/\/www.elpolitologoyelpolitico.com.ar\/wp-content\/uploads\/2023\/11\/IMG-20231102-WA0055.jpg 1280w\" sizes=\"(max-width: 1024px) 100vw, 1024px\" \/><\/figure>\n<\/figure>\n<div class=\"fb-background-color\">\n\t\t\t  <div \n\t\t\t  \tclass = \"fb-comments\" \n\t\t\t  \tdata-href = \"https:\/\/www.elpolitologoyelpolitico.com.ar\/wordpress\/2023\/11\/02\/ricardo-marino-y-jose-zara-recibieron-a-la-subsecretaria-de-ambiente-de-la-provincia-jackie-flores\/\"\n\t\t\t  \tdata-numposts = \"10\"\n\t\t\t  \tdata-lazy = \"true\"\n\t\t\t\tdata-colorscheme = \"light\"\n\t\t\t\tdata-order-by = \"social\"\n\t\t\t\tdata-mobile=true>\n\t\t\t  <\/div><\/div>\n\t\t  <style>\n\t\t    .fb-background-color {\n\t\t\t\tbackground: #ffffff !important;\n\t\t\t}\n\t\t\t.fb_iframe_widget_fluid_desktop iframe {\n\t\t\t    width: 100% !important;\n\t\t\t}\n\t\t  <\/style>\n\t\t  ","protected":false},"excerpt":{"rendered":"<p>Esta fue la primera reuni\u00f3n preparatoria para recibir los m\u00f3dulos de promoci\u00f3n ambiental y m\u00f3dulo de salud para mejorar las condiciones de trabajo de los trabajadores de la escombrera. En este marco, la funcionaria presento el trabajo de la subsecretar\u00eda que vienen realizando en la provincia, y cu\u00e1les son las proyecciones de la misma. Adem\u00e1s, [&hellip;]<\/p>\n","protected":false},"author":4,"featured_media":35825,"comment_status":"closed","ping_status":"closed","sticky":false,"template":"","format":"standard","meta":{"_joinchat":[],"footnotes":""},"categories":[39],"tags":[],"class_list":["post-35824","post","type-post","status-publish","format-standard","has-post-thumbnail","hentry","category-en-esta-seccion"],"_links":{"self":[{"href":"https:\/\/www.elpolitologoyelpolitico.com.ar\/wordpress\/wp-json\/wp\/v2\/posts\/35824","targetHints":{"allow":["GET"]}}],"collection":[{"href":"https:\/\/www.elpolitologoyelpolitico.com.ar\/wordpress\/wp-json\/wp\/v2\/posts"}],"about":[{"href":"https:\/\/www.elpolitologoyelpolitico.com.ar\/wordpress\/wp-json\/wp\/v2\/types\/post"}],"author":[{"embeddable":true,"href":"https:\/\/www.elpolitologoyelpolitico.com.ar\/wordpress\/wp-json\/wp\/v2\/users\/4"}],"replies":[{"embeddable":true,"href":"https:\/\/www.elpolitologoyelpolitico.com.ar\/wordpress\/wp-json\/wp\/v2\/comments?post=35824"}],"version-history":[{"count":1,"href":"https:\/\/www.elpolitologoyelpolitico.com.ar\/wordpress\/wp-json\/wp\/v2\/posts\/35824\/revisions"}],"predecessor-version":[{"id":35828,"href":"https:\/\/www.elpolitologoyelpolitico.com.ar\/wordpress\/wp-json\/wp\/v2\/posts\/35824\/revisions\/35828"}],"wp:featuredmedia":[{"embeddable":true,"href":"https:\/\/www.elpolitologoyelpolitico.com.ar\/wordpress\/wp-json\/wp\/v2\/media\/35825"}],"wp:attachment":[{"href":"https:\/\/www.elpolitologoyelpolitico.com.ar\/wordpress\/wp-json\/wp\/v2\/media?parent=35824"}],"wp:term":[{"taxonomy":"category","embeddable":true,"href":"https:\/\/www.elpolitologoyelpolitico.com.ar\/wordpress\/wp-json\/wp\/v2\/categories?post=35824"},{"taxonomy":"post_tag","embeddable":true,"href":"https:\/\/www.elpolitologoyelpolitico.com.ar\/wordpress\/wp-json\/wp\/v2\/tags?post=35824"}],"curies":[{"name":"wp","href":"https:\/\/api.w.org\/{rel}","templated":true}]}}