{"id":35813,"date":"2023-11-02T14:09:31","date_gmt":"2023-11-02T17:09:31","guid":{"rendered":"https:\/\/www.elpolitologoyelpolitico.com.ar\/wordpress\/?p=35813"},"modified":"2023-11-02T14:09:32","modified_gmt":"2023-11-02T17:09:32","slug":"provincia-coordina-el-abordaje-de-consumos-y-adicciones-de-manera-integral","status":"publish","type":"post","link":"https:\/\/www.elpolitologoyelpolitico.com.ar\/wordpress\/2023\/11\/02\/provincia-coordina-el-abordaje-de-consumos-y-adicciones-de-manera-integral\/","title":{"rendered":"Provincia coordina el abordaje de consumos y adicciones de manera integral"},"content":{"rendered":"\n<p>En el marco del Programa \u201cPreventores\/as en Adicciones y Consumos Problem\u00e1ticos\u201d la Agencia para la Prevenci\u00f3n y Asistencia ante el Abuso de Sustancias y de las Adicciones articula acciones en siete dispositivos de la Secretar\u00eda de Estado de Ni\u00f1ez, Adolescencia y Familia.<\/p>\n\n\n\n<p>Est\u00e9 programa tiene por objetivo abordar la problem\u00e1tica de los consumos y las adicciones de manera integral a trav\u00e9s de talleres que permitan generar espacios reflexivos y pensamiento cr\u00edtico, acompa\u00f1ando los procesos individuales configurando una red de cuidado en conjunto con la instituci\u00f3n que se trabaja.<\/p>\n\n\n\n<p>Las consultor\u00edas son una herramienta m\u00e1s que se implementan de forma conjunta entre los preventores\/as y referentes institucionales en escuelas secundarias.<\/p>\n\n\n\n<p>En estos espacios la poblaci\u00f3n destinataria son adolescentes y j\u00f3venes que participan en los espacios ECOS, HUECHE, Promotores Juveniles y escuelas secundarias donde se desarrollan acompa\u00f1amientos interministeriales.<\/p>\n\n\n\n<p>Los espacios que se acompa\u00f1an son en:<\/p>\n\n\n\n<p>\u25cf&nbsp;&nbsp;&nbsp;&nbsp;&nbsp;&nbsp; Viedma: La Casita de Nehu\u00e9n: El cine que nos une.<\/p>\n\n\n\n<p>\u25cf&nbsp;&nbsp;&nbsp;&nbsp;&nbsp;&nbsp; Conesa: Ecos Hueche: \u00bfY ahora qu\u00e9?<\/p>\n\n\n\n<p>\u25cf&nbsp;&nbsp;&nbsp;&nbsp;&nbsp;&nbsp; Fern\u00e1ndez Oro: Programa Promotores Juveniles.<\/p>\n\n\n\n<p>\u25cf&nbsp;&nbsp;&nbsp;&nbsp;&nbsp;&nbsp; Catriel: ECOS: Asesor\u00eda Adolescentes en escuelas ESRN N\u00ba 78 y ESRN N\u00ba 21.<\/p>\n\n\n\n<p>\u25cf&nbsp;&nbsp;&nbsp;&nbsp;&nbsp;&nbsp; El Bols\u00f3n: ECOS &#8211; HUECHE y CRAIA: F\u00fatbol Valorado ESRN N\u00b023 y ESRN N\u00b0 30.<\/p>\n\n\n\n<p>\u25cf&nbsp;&nbsp;&nbsp;&nbsp;&nbsp;&nbsp; Ingeniero Huergo: ECOS &#8211; F\u00fatbol Valorado.<\/p>\n\n\n\n<p>\u25cf\u00a0\u00a0\u00a0\u00a0\u00a0\u00a0 Allen: Promotores Juveniles (Trabajo en conjunto con las escuelas y espacio propio).<\/p>\n\n\n\n<figure class=\"wp-block-image size-full\"><img fetchpriority=\"high\" decoding=\"async\" width=\"951\" height=\"521\" src=\"https:\/\/www.elpolitologoyelpolitico.com.ar\/wp-content\/uploads\/2023\/11\/IMG-20231102-WA0030-1.jpg\" alt=\"\" class=\"wp-image-35816\" srcset=\"https:\/\/www.elpolitologoyelpolitico.com.ar\/wp-content\/uploads\/2023\/11\/IMG-20231102-WA0030-1.jpg 951w, https:\/\/www.elpolitologoyelpolitico.com.ar\/wp-content\/uploads\/2023\/11\/IMG-20231102-WA0030-1-300x164.jpg 300w, https:\/\/www.elpolitologoyelpolitico.com.ar\/wp-content\/uploads\/2023\/11\/IMG-20231102-WA0030-1-768x421.jpg 768w\" sizes=\"(max-width: 951px) 100vw, 951px\" \/><\/figure>\n<div class=\"fb-background-color\">\n\t\t\t  <div \n\t\t\t  \tclass = \"fb-comments\" \n\t\t\t  \tdata-href = \"https:\/\/www.elpolitologoyelpolitico.com.ar\/wordpress\/2023\/11\/02\/provincia-coordina-el-abordaje-de-consumos-y-adicciones-de-manera-integral\/\"\n\t\t\t  \tdata-numposts = \"10\"\n\t\t\t  \tdata-lazy = \"true\"\n\t\t\t\tdata-colorscheme = \"light\"\n\t\t\t\tdata-order-by = \"social\"\n\t\t\t\tdata-mobile=true>\n\t\t\t  <\/div><\/div>\n\t\t  <style>\n\t\t    .fb-background-color {\n\t\t\t\tbackground: #ffffff !important;\n\t\t\t}\n\t\t\t.fb_iframe_widget_fluid_desktop iframe {\n\t\t\t    width: 100% !important;\n\t\t\t}\n\t\t  <\/style>\n\t\t  ","protected":false},"excerpt":{"rendered":"<p>En el marco del Programa \u201cPreventores\/as en Adicciones y Consumos Problem\u00e1ticos\u201d la Agencia para la Prevenci\u00f3n y Asistencia ante el Abuso de Sustancias y de las Adicciones articula acciones en siete dispositivos de la Secretar\u00eda de Estado de Ni\u00f1ez, Adolescencia y Familia. Est\u00e9 programa tiene por objetivo abordar la problem\u00e1tica de los consumos y las [&hellip;]<\/p>\n","protected":false},"author":4,"featured_media":35815,"comment_status":"closed","ping_status":"closed","sticky":false,"template":"","format":"standard","meta":{"_joinchat":[],"footnotes":""},"categories":[4],"tags":[],"class_list":["post-35813","post","type-post","status-publish","format-standard","has-post-thumbnail","hentry","category-politicas-publicas"],"_links":{"self":[{"href":"https:\/\/www.elpolitologoyelpolitico.com.ar\/wordpress\/wp-json\/wp\/v2\/posts\/35813","targetHints":{"allow":["GET"]}}],"collection":[{"href":"https:\/\/www.elpolitologoyelpolitico.com.ar\/wordpress\/wp-json\/wp\/v2\/posts"}],"about":[{"href":"https:\/\/www.elpolitologoyelpolitico.com.ar\/wordpress\/wp-json\/wp\/v2\/types\/post"}],"author":[{"embeddable":true,"href":"https:\/\/www.elpolitologoyelpolitico.com.ar\/wordpress\/wp-json\/wp\/v2\/users\/4"}],"replies":[{"embeddable":true,"href":"https:\/\/www.elpolitologoyelpolitico.com.ar\/wordpress\/wp-json\/wp\/v2\/comments?post=35813"}],"version-history":[{"count":1,"href":"https:\/\/www.elpolitologoyelpolitico.com.ar\/wordpress\/wp-json\/wp\/v2\/posts\/35813\/revisions"}],"predecessor-version":[{"id":35817,"href":"https:\/\/www.elpolitologoyelpolitico.com.ar\/wordpress\/wp-json\/wp\/v2\/posts\/35813\/revisions\/35817"}],"wp:featuredmedia":[{"embeddable":true,"href":"https:\/\/www.elpolitologoyelpolitico.com.ar\/wordpress\/wp-json\/wp\/v2\/media\/35815"}],"wp:attachment":[{"href":"https:\/\/www.elpolitologoyelpolitico.com.ar\/wordpress\/wp-json\/wp\/v2\/media?parent=35813"}],"wp:term":[{"taxonomy":"category","embeddable":true,"href":"https:\/\/www.elpolitologoyelpolitico.com.ar\/wordpress\/wp-json\/wp\/v2\/categories?post=35813"},{"taxonomy":"post_tag","embeddable":true,"href":"https:\/\/www.elpolitologoyelpolitico.com.ar\/wordpress\/wp-json\/wp\/v2\/tags?post=35813"}],"curies":[{"name":"wp","href":"https:\/\/api.w.org\/{rel}","templated":true}]}}