{"id":35810,"date":"2023-11-02T13:56:38","date_gmt":"2023-11-02T16:56:38","guid":{"rendered":"https:\/\/www.elpolitologoyelpolitico.com.ar\/wordpress\/?p=35810"},"modified":"2023-11-02T13:56:39","modified_gmt":"2023-11-02T16:56:39","slug":"todo-listo-para-el-motoencuentro-de-este-fin-de-semana-en-el-condor","status":"publish","type":"post","link":"https:\/\/www.elpolitologoyelpolitico.com.ar\/wordpress\/2023\/11\/02\/todo-listo-para-el-motoencuentro-de-este-fin-de-semana-en-el-condor\/","title":{"rendered":"Todo listo para el Motoencuentro de este fin de semana en El C\u00f3ndor"},"content":{"rendered":"\n<p>Con la visita de diferentes motociclistas del pa\u00eds, del 3 al 5 de noviembre, se llevar\u00e1 adelante el Motoencuentro que se realizar\u00e1 en el camping del Banco de El C\u00f3ndor, ubicado en calle 59.<\/p>\n\n\n\n<p>El Presidente de la Agrupaci\u00f3n Aguilas Ruteras de la Patagonia, Leonardo Contreras remarc\u00f3 que \u201cse espera la llegada de alrededor de 400 motos de todo el pa\u00eds\u201d<\/p>\n\n\n\n<p>Las actividades comenzar\u00e1n el viernes 3 y se llevar\u00e1n adelante en el mismo camping del Banco, con almuerzo de camaraderia juegos, sorteos, menciones desde las 21 habr\u00e1 shows con bandas de folklore, rock y un DJ, para esto se requerir\u00e1 una entrada gral de mil pesos.<\/p>\n\n\n\n<p>El s\u00e1bado desde las 18.30 se realizar\u00e1 una caravana abierta desde el camping siguiendo por la costanera del balneario hasta la Ruta 1, para llegar al Memorial de Malvinas y desde all\u00ed pasar por el paseo de artesanos donde habr\u00e1 mateada y exhibici\u00f3n las motos.<\/p>\n\n\n\n<p>Leonardo Contreras agreg\u00f3 que \u201cinvitamos a todo el publico que quiera sumarse a la caravana, sin importar cilindraje y tambi\u00e9n a las actividades en el camping.<\/p>\n\n\n\n<p>Finalmente el domingo 5 de noviembre se realizar\u00e1 un almuerzo de cierre y la despedida de los motoqueros invitados.<\/p>\n<div class=\"fb-background-color\">\n\t\t\t  <div \n\t\t\t  \tclass = \"fb-comments\" \n\t\t\t  \tdata-href = \"https:\/\/www.elpolitologoyelpolitico.com.ar\/wordpress\/2023\/11\/02\/todo-listo-para-el-motoencuentro-de-este-fin-de-semana-en-el-condor\/\"\n\t\t\t  \tdata-numposts = \"10\"\n\t\t\t  \tdata-lazy = \"true\"\n\t\t\t\tdata-colorscheme = \"light\"\n\t\t\t\tdata-order-by = \"social\"\n\t\t\t\tdata-mobile=true>\n\t\t\t  <\/div><\/div>\n\t\t  <style>\n\t\t    .fb-background-color {\n\t\t\t\tbackground: #ffffff !important;\n\t\t\t}\n\t\t\t.fb_iframe_widget_fluid_desktop iframe {\n\t\t\t    width: 100% !important;\n\t\t\t}\n\t\t  <\/style>\n\t\t  ","protected":false},"excerpt":{"rendered":"<p>Con la visita de diferentes motociclistas del pa\u00eds, del 3 al 5 de noviembre, se llevar\u00e1 adelante el Motoencuentro que se realizar\u00e1 en el camping del Banco de El C\u00f3ndor, ubicado en calle 59. El Presidente de la Agrupaci\u00f3n Aguilas Ruteras de la Patagonia, Leonardo Contreras remarc\u00f3 que \u201cse espera la llegada de alrededor de [&hellip;]<\/p>\n","protected":false},"author":4,"featured_media":35811,"comment_status":"closed","ping_status":"closed","sticky":false,"template":"","format":"standard","meta":{"_joinchat":[],"footnotes":""},"categories":[1],"tags":[],"class_list":["post-35810","post","type-post","status-publish","format-standard","has-post-thumbnail","hentry","category-universitario"],"_links":{"self":[{"href":"https:\/\/www.elpolitologoyelpolitico.com.ar\/wordpress\/wp-json\/wp\/v2\/posts\/35810","targetHints":{"allow":["GET"]}}],"collection":[{"href":"https:\/\/www.elpolitologoyelpolitico.com.ar\/wordpress\/wp-json\/wp\/v2\/posts"}],"about":[{"href":"https:\/\/www.elpolitologoyelpolitico.com.ar\/wordpress\/wp-json\/wp\/v2\/types\/post"}],"author":[{"embeddable":true,"href":"https:\/\/www.elpolitologoyelpolitico.com.ar\/wordpress\/wp-json\/wp\/v2\/users\/4"}],"replies":[{"embeddable":true,"href":"https:\/\/www.elpolitologoyelpolitico.com.ar\/wordpress\/wp-json\/wp\/v2\/comments?post=35810"}],"version-history":[{"count":1,"href":"https:\/\/www.elpolitologoyelpolitico.com.ar\/wordpress\/wp-json\/wp\/v2\/posts\/35810\/revisions"}],"predecessor-version":[{"id":35812,"href":"https:\/\/www.elpolitologoyelpolitico.com.ar\/wordpress\/wp-json\/wp\/v2\/posts\/35810\/revisions\/35812"}],"wp:featuredmedia":[{"embeddable":true,"href":"https:\/\/www.elpolitologoyelpolitico.com.ar\/wordpress\/wp-json\/wp\/v2\/media\/35811"}],"wp:attachment":[{"href":"https:\/\/www.elpolitologoyelpolitico.com.ar\/wordpress\/wp-json\/wp\/v2\/media?parent=35810"}],"wp:term":[{"taxonomy":"category","embeddable":true,"href":"https:\/\/www.elpolitologoyelpolitico.com.ar\/wordpress\/wp-json\/wp\/v2\/categories?post=35810"},{"taxonomy":"post_tag","embeddable":true,"href":"https:\/\/www.elpolitologoyelpolitico.com.ar\/wordpress\/wp-json\/wp\/v2\/tags?post=35810"}],"curies":[{"name":"wp","href":"https:\/\/api.w.org\/{rel}","templated":true}]}}