{"id":35805,"date":"2023-11-02T13:44:20","date_gmt":"2023-11-02T16:44:20","guid":{"rendered":"https:\/\/www.elpolitologoyelpolitico.com.ar\/wordpress\/?p=35805"},"modified":"2023-11-02T13:44:21","modified_gmt":"2023-11-02T16:44:21","slug":"jose-luis-zara-y-ricardo-marino-se-reunieron-nuevamente-por-la-transicion-del-gobierno-municipal","status":"publish","type":"post","link":"https:\/\/www.elpolitologoyelpolitico.com.ar\/wordpress\/2023\/11\/02\/jose-luis-zara-y-ricardo-marino-se-reunieron-nuevamente-por-la-transicion-del-gobierno-municipal\/","title":{"rendered":"Jos\u00e9 Luis Zara y Ricardo Marino se reunieron nuevamente por la transici\u00f3n del Gobierno Municipal"},"content":{"rendered":"\n<p>Fue la segunda reuni\u00f3n de transici\u00f3n entre el Intendente saliente Jos\u00e9 Zara y el intendente electo Ricardo Marino.<\/p>\n\n\n\n<p>En este marco, entreg\u00f3 de manera formal el pedido que hizo Marino el 30 de Octubre.<\/p>\n\n\n\n<p>Adem\u00e1s, Ricardo Marino, inform\u00f3 sobre n\u00f3mina de colaboradores que partir de la semana que viene ir\u00e1n trabajando en cada una de las \u00e1rea del gobierno.<\/p>\n\n\n\n<p>Cabe resaltar la buena predisposici\u00f3n del jefe comunal y cada uno de sus funcionarios en este proceso.<\/p>\n\n\n\n<p>Ricardo Marino fue acompa\u00f1ado por colaboradores.<\/p>\n\n\n\n<p><\/p>\n\n\n\n<figure class=\"wp-block-gallery has-nested-images columns-default is-cropped wp-block-gallery-1 is-layout-flex wp-block-gallery-is-layout-flex\">\n<figure class=\"wp-block-image size-large\"><img fetchpriority=\"high\" decoding=\"async\" width=\"1024\" height=\"478\" data-id=\"35807\" src=\"https:\/\/www.elpolitologoyelpolitico.com.ar\/wp-content\/uploads\/2023\/11\/IMG-20231102-WA0026-1024x478.jpg\" alt=\"\" class=\"wp-image-35807\" srcset=\"https:\/\/www.elpolitologoyelpolitico.com.ar\/wp-content\/uploads\/2023\/11\/IMG-20231102-WA0026-1024x478.jpg 1024w, https:\/\/www.elpolitologoyelpolitico.com.ar\/wp-content\/uploads\/2023\/11\/IMG-20231102-WA0026-300x140.jpg 300w, https:\/\/www.elpolitologoyelpolitico.com.ar\/wp-content\/uploads\/2023\/11\/IMG-20231102-WA0026-768x359.jpg 768w, https:\/\/www.elpolitologoyelpolitico.com.ar\/wp-content\/uploads\/2023\/11\/IMG-20231102-WA0026-1536x717.jpg 1536w, https:\/\/www.elpolitologoyelpolitico.com.ar\/wp-content\/uploads\/2023\/11\/IMG-20231102-WA0026.jpg 1600w\" sizes=\"(max-width: 1024px) 100vw, 1024px\" \/><\/figure>\n\n\n\n<figure class=\"wp-block-image size-large\"><img decoding=\"async\" width=\"1024\" height=\"478\" data-id=\"35808\" src=\"https:\/\/www.elpolitologoyelpolitico.com.ar\/wp-content\/uploads\/2023\/11\/IMG-20231102-WA0025-1024x478.jpg\" alt=\"\" class=\"wp-image-35808\" srcset=\"https:\/\/www.elpolitologoyelpolitico.com.ar\/wp-content\/uploads\/2023\/11\/IMG-20231102-WA0025-1024x478.jpg 1024w, https:\/\/www.elpolitologoyelpolitico.com.ar\/wp-content\/uploads\/2023\/11\/IMG-20231102-WA0025-300x140.jpg 300w, https:\/\/www.elpolitologoyelpolitico.com.ar\/wp-content\/uploads\/2023\/11\/IMG-20231102-WA0025-768x359.jpg 768w, https:\/\/www.elpolitologoyelpolitico.com.ar\/wp-content\/uploads\/2023\/11\/IMG-20231102-WA0025-1536x717.jpg 1536w, https:\/\/www.elpolitologoyelpolitico.com.ar\/wp-content\/uploads\/2023\/11\/IMG-20231102-WA0025.jpg 1600w\" sizes=\"(max-width: 1024px) 100vw, 1024px\" \/><\/figure>\n<\/figure>\n<div class=\"fb-background-color\">\n\t\t\t  <div \n\t\t\t  \tclass = \"fb-comments\" \n\t\t\t  \tdata-href = \"https:\/\/www.elpolitologoyelpolitico.com.ar\/wordpress\/2023\/11\/02\/jose-luis-zara-y-ricardo-marino-se-reunieron-nuevamente-por-la-transicion-del-gobierno-municipal\/\"\n\t\t\t  \tdata-numposts = \"10\"\n\t\t\t  \tdata-lazy = \"true\"\n\t\t\t\tdata-colorscheme = \"light\"\n\t\t\t\tdata-order-by = \"social\"\n\t\t\t\tdata-mobile=true>\n\t\t\t  <\/div><\/div>\n\t\t  <style>\n\t\t    .fb-background-color {\n\t\t\t\tbackground: #ffffff !important;\n\t\t\t}\n\t\t\t.fb_iframe_widget_fluid_desktop iframe {\n\t\t\t    width: 100% !important;\n\t\t\t}\n\t\t  <\/style>\n\t\t  ","protected":false},"excerpt":{"rendered":"<p>Fue la segunda reuni\u00f3n de transici\u00f3n entre el Intendente saliente Jos\u00e9 Zara y el intendente electo Ricardo Marino. En este marco, entreg\u00f3 de manera formal el pedido que hizo Marino el 30 de Octubre. Adem\u00e1s, Ricardo Marino, inform\u00f3 sobre n\u00f3mina de colaboradores que partir de la semana que viene ir\u00e1n trabajando en cada una de [&hellip;]<\/p>\n","protected":false},"author":4,"featured_media":35806,"comment_status":"closed","ping_status":"closed","sticky":false,"template":"","format":"standard","meta":{"_joinchat":[],"footnotes":""},"categories":[39],"tags":[],"class_list":["post-35805","post","type-post","status-publish","format-standard","has-post-thumbnail","hentry","category-en-esta-seccion"],"_links":{"self":[{"href":"https:\/\/www.elpolitologoyelpolitico.com.ar\/wordpress\/wp-json\/wp\/v2\/posts\/35805","targetHints":{"allow":["GET"]}}],"collection":[{"href":"https:\/\/www.elpolitologoyelpolitico.com.ar\/wordpress\/wp-json\/wp\/v2\/posts"}],"about":[{"href":"https:\/\/www.elpolitologoyelpolitico.com.ar\/wordpress\/wp-json\/wp\/v2\/types\/post"}],"author":[{"embeddable":true,"href":"https:\/\/www.elpolitologoyelpolitico.com.ar\/wordpress\/wp-json\/wp\/v2\/users\/4"}],"replies":[{"embeddable":true,"href":"https:\/\/www.elpolitologoyelpolitico.com.ar\/wordpress\/wp-json\/wp\/v2\/comments?post=35805"}],"version-history":[{"count":1,"href":"https:\/\/www.elpolitologoyelpolitico.com.ar\/wordpress\/wp-json\/wp\/v2\/posts\/35805\/revisions"}],"predecessor-version":[{"id":35809,"href":"https:\/\/www.elpolitologoyelpolitico.com.ar\/wordpress\/wp-json\/wp\/v2\/posts\/35805\/revisions\/35809"}],"wp:featuredmedia":[{"embeddable":true,"href":"https:\/\/www.elpolitologoyelpolitico.com.ar\/wordpress\/wp-json\/wp\/v2\/media\/35806"}],"wp:attachment":[{"href":"https:\/\/www.elpolitologoyelpolitico.com.ar\/wordpress\/wp-json\/wp\/v2\/media?parent=35805"}],"wp:term":[{"taxonomy":"category","embeddable":true,"href":"https:\/\/www.elpolitologoyelpolitico.com.ar\/wordpress\/wp-json\/wp\/v2\/categories?post=35805"},{"taxonomy":"post_tag","embeddable":true,"href":"https:\/\/www.elpolitologoyelpolitico.com.ar\/wordpress\/wp-json\/wp\/v2\/tags?post=35805"}],"curies":[{"name":"wp","href":"https:\/\/api.w.org\/{rel}","templated":true}]}}