{"id":35788,"date":"2023-11-02T12:48:51","date_gmt":"2023-11-02T15:48:51","guid":{"rendered":"https:\/\/www.elpolitologoyelpolitico.com.ar\/wordpress\/?p=35788"},"modified":"2023-11-02T12:48:53","modified_gmt":"2023-11-02T15:48:53","slug":"el-planetario-movil-aterriza-en-viedma","status":"publish","type":"post","link":"https:\/\/www.elpolitologoyelpolitico.com.ar\/wordpress\/2023\/11\/02\/el-planetario-movil-aterriza-en-viedma\/","title":{"rendered":"EL PLANETARIO M\u00d3VIL ATERRIZA EN VIEDMA"},"content":{"rendered":"\n<p>Este s\u00e1bado 4\/11 en el Gimnasio Municipal Gabriel Galo Mart\u00ednez, ubicado en Bvd Ituzaing\u00f3 948, llega la TRAVESIA EN 360\u00b0 con dinosaurios, astronautas y una aventura submarina imperdible.<\/p>\n\n\n\n<p>Pod\u00e9s reservar tu entrada desde ac\u00e1 https:\/\/estrellareservas.com\/477 (Son Limitadas)<br>NO SE SUSPENDE EN CASO DE LLUVIA.<\/p>\n\n\n\n<p>Horarios de las funciones:<\/p>\n\n\n\n<p>\u25cf DINOSAURIOS &#8211; Jurassic Dome: 14.45 &#8211; 16.05 &#8211; 17.30 &#8211; 19.00 &#8211; 20.30<\/p>\n\n\n\n<p>\u25cf Viajeros del UNIVERSO: 15.25 &#8211; 18.15 &#8211; 21.15<\/p>\n\n\n\n<p>\u25cf AVENTURA SUBMARINA: 16.45 &#8211; 19.45<\/p>\n\n\n\n<p>\u25cf Valor de la entrada:<\/p>\n\n\n\n<p>$1800 por funci\u00f3n (adultos y ni\u00f1os a partir de 3 a\u00f1os cumplidos). A partir de 5 entradas (mayores) $1500 cada entrada.<\/p>\n\n\n\n<p>\u25cfPromo 2 funciones $3000 por persona.<\/p>\n\n\n\n<p>\u25cf Menores de 3 a\u00f1os y personas con Cud solo abonan $700 de seguro.<\/p>\n\n\n\n<p>\u25cfSe abona en efectivo \u00fanicamente en el lugar, estar 20 Minutos antes de la Funci\u00f3n.<\/p>\n\n\n\n<p>\u25cfDuraci\u00f3n de cada funci\u00f3n: 35 minutos.<\/p>\n\n\n\n<p>Una vez comenzada la Funci\u00f3n No se puede Ingresar al Planetario.<\/p>\n\n\n\n<figure class=\"wp-block-gallery has-nested-images columns-default is-cropped wp-block-gallery-1 is-layout-flex wp-block-gallery-is-layout-flex\">\n<figure class=\"wp-block-image size-large\"><img fetchpriority=\"high\" decoding=\"async\" width=\"1024\" height=\"1024\" data-id=\"35791\" src=\"https:\/\/www.elpolitologoyelpolitico.com.ar\/wp-content\/uploads\/2023\/11\/IMG-20231102-WA0021-1024x1024.jpg\" alt=\"\" class=\"wp-image-35791\" srcset=\"https:\/\/www.elpolitologoyelpolitico.com.ar\/wp-content\/uploads\/2023\/11\/IMG-20231102-WA0021-1024x1024.jpg 1024w, https:\/\/www.elpolitologoyelpolitico.com.ar\/wp-content\/uploads\/2023\/11\/IMG-20231102-WA0021-300x300.jpg 300w, https:\/\/www.elpolitologoyelpolitico.com.ar\/wp-content\/uploads\/2023\/11\/IMG-20231102-WA0021-150x150.jpg 150w, https:\/\/www.elpolitologoyelpolitico.com.ar\/wp-content\/uploads\/2023\/11\/IMG-20231102-WA0021-768x768.jpg 768w, https:\/\/www.elpolitologoyelpolitico.com.ar\/wp-content\/uploads\/2023\/11\/IMG-20231102-WA0021.jpg 1080w\" sizes=\"(max-width: 1024px) 100vw, 1024px\" \/><\/figure>\n\n\n\n<figure class=\"wp-block-image size-large\"><img decoding=\"async\" width=\"1024\" height=\"1024\" data-id=\"35790\" src=\"https:\/\/www.elpolitologoyelpolitico.com.ar\/wp-content\/uploads\/2023\/11\/IMG-20231102-WA0023-1024x1024.jpg\" alt=\"\" class=\"wp-image-35790\" srcset=\"https:\/\/www.elpolitologoyelpolitico.com.ar\/wp-content\/uploads\/2023\/11\/IMG-20231102-WA0023-1024x1024.jpg 1024w, https:\/\/www.elpolitologoyelpolitico.com.ar\/wp-content\/uploads\/2023\/11\/IMG-20231102-WA0023-300x300.jpg 300w, https:\/\/www.elpolitologoyelpolitico.com.ar\/wp-content\/uploads\/2023\/11\/IMG-20231102-WA0023-150x150.jpg 150w, https:\/\/www.elpolitologoyelpolitico.com.ar\/wp-content\/uploads\/2023\/11\/IMG-20231102-WA0023-768x768.jpg 768w, https:\/\/www.elpolitologoyelpolitico.com.ar\/wp-content\/uploads\/2023\/11\/IMG-20231102-WA0023.jpg 1080w\" sizes=\"(max-width: 1024px) 100vw, 1024px\" \/><\/figure>\n<\/figure>\n<div class=\"fb-background-color\">\n\t\t\t  <div \n\t\t\t  \tclass = \"fb-comments\" \n\t\t\t  \tdata-href = \"https:\/\/www.elpolitologoyelpolitico.com.ar\/wordpress\/2023\/11\/02\/el-planetario-movil-aterriza-en-viedma\/\"\n\t\t\t  \tdata-numposts = \"10\"\n\t\t\t  \tdata-lazy = \"true\"\n\t\t\t\tdata-colorscheme = \"light\"\n\t\t\t\tdata-order-by = \"social\"\n\t\t\t\tdata-mobile=true>\n\t\t\t  <\/div><\/div>\n\t\t  <style>\n\t\t    .fb-background-color {\n\t\t\t\tbackground: #ffffff !important;\n\t\t\t}\n\t\t\t.fb_iframe_widget_fluid_desktop iframe {\n\t\t\t    width: 100% !important;\n\t\t\t}\n\t\t  <\/style>\n\t\t  ","protected":false},"excerpt":{"rendered":"<p>Este s\u00e1bado 4\/11 en el Gimnasio Municipal Gabriel Galo Mart\u00ednez, ubicado en Bvd Ituzaing\u00f3 948, llega la TRAVESIA EN 360\u00b0 con dinosaurios, astronautas y una aventura submarina imperdible. Pod\u00e9s reservar tu entrada desde ac\u00e1 https:\/\/estrellareservas.com\/477 (Son Limitadas)NO SE SUSPENDE EN CASO DE LLUVIA. Horarios de las funciones: \u25cf DINOSAURIOS &#8211; Jurassic Dome: 14.45 &#8211; 16.05 [&hellip;]<\/p>\n","protected":false},"author":4,"featured_media":35789,"comment_status":"closed","ping_status":"closed","sticky":false,"template":"","format":"standard","meta":{"_joinchat":[],"footnotes":""},"categories":[39],"tags":[],"class_list":["post-35788","post","type-post","status-publish","format-standard","has-post-thumbnail","hentry","category-en-esta-seccion"],"_links":{"self":[{"href":"https:\/\/www.elpolitologoyelpolitico.com.ar\/wordpress\/wp-json\/wp\/v2\/posts\/35788","targetHints":{"allow":["GET"]}}],"collection":[{"href":"https:\/\/www.elpolitologoyelpolitico.com.ar\/wordpress\/wp-json\/wp\/v2\/posts"}],"about":[{"href":"https:\/\/www.elpolitologoyelpolitico.com.ar\/wordpress\/wp-json\/wp\/v2\/types\/post"}],"author":[{"embeddable":true,"href":"https:\/\/www.elpolitologoyelpolitico.com.ar\/wordpress\/wp-json\/wp\/v2\/users\/4"}],"replies":[{"embeddable":true,"href":"https:\/\/www.elpolitologoyelpolitico.com.ar\/wordpress\/wp-json\/wp\/v2\/comments?post=35788"}],"version-history":[{"count":1,"href":"https:\/\/www.elpolitologoyelpolitico.com.ar\/wordpress\/wp-json\/wp\/v2\/posts\/35788\/revisions"}],"predecessor-version":[{"id":35792,"href":"https:\/\/www.elpolitologoyelpolitico.com.ar\/wordpress\/wp-json\/wp\/v2\/posts\/35788\/revisions\/35792"}],"wp:featuredmedia":[{"embeddable":true,"href":"https:\/\/www.elpolitologoyelpolitico.com.ar\/wordpress\/wp-json\/wp\/v2\/media\/35789"}],"wp:attachment":[{"href":"https:\/\/www.elpolitologoyelpolitico.com.ar\/wordpress\/wp-json\/wp\/v2\/media?parent=35788"}],"wp:term":[{"taxonomy":"category","embeddable":true,"href":"https:\/\/www.elpolitologoyelpolitico.com.ar\/wordpress\/wp-json\/wp\/v2\/categories?post=35788"},{"taxonomy":"post_tag","embeddable":true,"href":"https:\/\/www.elpolitologoyelpolitico.com.ar\/wordpress\/wp-json\/wp\/v2\/tags?post=35788"}],"curies":[{"name":"wp","href":"https:\/\/api.w.org\/{rel}","templated":true}]}}