{"id":35783,"date":"2023-11-02T12:42:15","date_gmt":"2023-11-02T15:42:15","guid":{"rendered":"https:\/\/www.elpolitologoyelpolitico.com.ar\/wordpress\/?p=35783"},"modified":"2023-11-02T12:42:16","modified_gmt":"2023-11-02T15:42:16","slug":"ricardo-marino-fue-recibido-por-el-concejo-deliberante-de-patagones","status":"publish","type":"post","link":"https:\/\/www.elpolitologoyelpolitico.com.ar\/wordpress\/2023\/11\/02\/ricardo-marino-fue-recibido-por-el-concejo-deliberante-de-patagones\/","title":{"rendered":"Ricardo Marino fue recibido por el Concejo Deliberante de Patagones"},"content":{"rendered":"\n<p>Ayer sesion\u00f3 nuevamente el Concejo Deliberante de Patagones en la 17\u00b0 Sesi\u00f3n Ordinaria del a\u00f1o 2023.<\/p>\n\n\n\n<p>El Presidente del Cuerpo Julio Costantino felicit\u00f3 a Uni\u00f3n por la Patria, quien gan\u00f3 la \u00faltima elecci\u00f3n, llevada a cabo el 22 de octubre, y tambi\u00e9n dio la bienvenida a un nuevo espacio que es La Libertad Avanza, que se sumar\u00e1 al HCD desde el 10 de diciembre. Tambi\u00e9n recibi\u00f3 al Intendente Electo, Ricardo Marino, a quien invit\u00f3 a participar de la sesi\u00f3n.<\/p>\n\n\n\n<p>Marino agradeci\u00f3 la invitaci\u00f3n, y destac\u00f3 que va a trabajar para los que menos tienen y gobernar\u00e1 para todos, \u201cVoy a necesitar de todos ustedes. Ante todo, el di\u00e1logo, el \u00fanico camino de la democracia\u201d. Dese\u00f3 a todos lo mejor en sus gestiones. Los Concejales saludaron a Marino, le desearon \u00e9xitos en su mandato como Intendente Municipal, y resaltaron la capacidad de di\u00e1logo que siempre llev\u00f3 adelante Marino.<\/p>\n\n\n\n<p><\/p>\n\n\n\n<figure class=\"wp-block-gallery has-nested-images columns-default is-cropped wp-block-gallery-1 is-layout-flex wp-block-gallery-is-layout-flex\">\n<figure class=\"wp-block-image size-large\"><img fetchpriority=\"high\" decoding=\"async\" width=\"576\" height=\"1024\" data-id=\"35785\" src=\"https:\/\/www.elpolitologoyelpolitico.com.ar\/wp-content\/uploads\/2023\/11\/IMG-20231102-WA0005-576x1024.jpg\" alt=\"\" class=\"wp-image-35785\" srcset=\"https:\/\/www.elpolitologoyelpolitico.com.ar\/wp-content\/uploads\/2023\/11\/IMG-20231102-WA0005-576x1024.jpg 576w, https:\/\/www.elpolitologoyelpolitico.com.ar\/wp-content\/uploads\/2023\/11\/IMG-20231102-WA0005-169x300.jpg 169w, https:\/\/www.elpolitologoyelpolitico.com.ar\/wp-content\/uploads\/2023\/11\/IMG-20231102-WA0005-768x1366.jpg 768w, https:\/\/www.elpolitologoyelpolitico.com.ar\/wp-content\/uploads\/2023\/11\/IMG-20231102-WA0005-864x1536.jpg 864w, https:\/\/www.elpolitologoyelpolitico.com.ar\/wp-content\/uploads\/2023\/11\/IMG-20231102-WA0005.jpg 899w\" sizes=\"(max-width: 576px) 100vw, 576px\" \/><\/figure>\n\n\n\n<figure class=\"wp-block-image size-large\"><img decoding=\"async\" width=\"868\" height=\"1024\" data-id=\"35786\" src=\"https:\/\/www.elpolitologoyelpolitico.com.ar\/wp-content\/uploads\/2023\/11\/IMG-20231102-WA0004-868x1024.jpg\" alt=\"\" class=\"wp-image-35786\" srcset=\"https:\/\/www.elpolitologoyelpolitico.com.ar\/wp-content\/uploads\/2023\/11\/IMG-20231102-WA0004-868x1024.jpg 868w, https:\/\/www.elpolitologoyelpolitico.com.ar\/wp-content\/uploads\/2023\/11\/IMG-20231102-WA0004-254x300.jpg 254w, https:\/\/www.elpolitologoyelpolitico.com.ar\/wp-content\/uploads\/2023\/11\/IMG-20231102-WA0004-768x906.jpg 768w, https:\/\/www.elpolitologoyelpolitico.com.ar\/wp-content\/uploads\/2023\/11\/IMG-20231102-WA0004.jpg 1080w\" sizes=\"(max-width: 868px) 100vw, 868px\" \/><\/figure>\n<\/figure>\n<div class=\"fb-background-color\">\n\t\t\t  <div \n\t\t\t  \tclass = \"fb-comments\" \n\t\t\t  \tdata-href = \"https:\/\/www.elpolitologoyelpolitico.com.ar\/wordpress\/2023\/11\/02\/ricardo-marino-fue-recibido-por-el-concejo-deliberante-de-patagones\/\"\n\t\t\t  \tdata-numposts = \"10\"\n\t\t\t  \tdata-lazy = \"true\"\n\t\t\t\tdata-colorscheme = \"light\"\n\t\t\t\tdata-order-by = \"social\"\n\t\t\t\tdata-mobile=true>\n\t\t\t  <\/div><\/div>\n\t\t  <style>\n\t\t    .fb-background-color {\n\t\t\t\tbackground: #ffffff !important;\n\t\t\t}\n\t\t\t.fb_iframe_widget_fluid_desktop iframe {\n\t\t\t    width: 100% !important;\n\t\t\t}\n\t\t  <\/style>\n\t\t  ","protected":false},"excerpt":{"rendered":"<p>Ayer sesion\u00f3 nuevamente el Concejo Deliberante de Patagones en la 17\u00b0 Sesi\u00f3n Ordinaria del a\u00f1o 2023. El Presidente del Cuerpo Julio Costantino felicit\u00f3 a Uni\u00f3n por la Patria, quien gan\u00f3 la \u00faltima elecci\u00f3n, llevada a cabo el 22 de octubre, y tambi\u00e9n dio la bienvenida a un nuevo espacio que es La Libertad Avanza, que [&hellip;]<\/p>\n","protected":false},"author":4,"featured_media":35784,"comment_status":"closed","ping_status":"closed","sticky":false,"template":"","format":"standard","meta":{"_joinchat":[],"footnotes":""},"categories":[39],"tags":[],"class_list":["post-35783","post","type-post","status-publish","format-standard","has-post-thumbnail","hentry","category-en-esta-seccion"],"_links":{"self":[{"href":"https:\/\/www.elpolitologoyelpolitico.com.ar\/wordpress\/wp-json\/wp\/v2\/posts\/35783","targetHints":{"allow":["GET"]}}],"collection":[{"href":"https:\/\/www.elpolitologoyelpolitico.com.ar\/wordpress\/wp-json\/wp\/v2\/posts"}],"about":[{"href":"https:\/\/www.elpolitologoyelpolitico.com.ar\/wordpress\/wp-json\/wp\/v2\/types\/post"}],"author":[{"embeddable":true,"href":"https:\/\/www.elpolitologoyelpolitico.com.ar\/wordpress\/wp-json\/wp\/v2\/users\/4"}],"replies":[{"embeddable":true,"href":"https:\/\/www.elpolitologoyelpolitico.com.ar\/wordpress\/wp-json\/wp\/v2\/comments?post=35783"}],"version-history":[{"count":1,"href":"https:\/\/www.elpolitologoyelpolitico.com.ar\/wordpress\/wp-json\/wp\/v2\/posts\/35783\/revisions"}],"predecessor-version":[{"id":35787,"href":"https:\/\/www.elpolitologoyelpolitico.com.ar\/wordpress\/wp-json\/wp\/v2\/posts\/35783\/revisions\/35787"}],"wp:featuredmedia":[{"embeddable":true,"href":"https:\/\/www.elpolitologoyelpolitico.com.ar\/wordpress\/wp-json\/wp\/v2\/media\/35784"}],"wp:attachment":[{"href":"https:\/\/www.elpolitologoyelpolitico.com.ar\/wordpress\/wp-json\/wp\/v2\/media?parent=35783"}],"wp:term":[{"taxonomy":"category","embeddable":true,"href":"https:\/\/www.elpolitologoyelpolitico.com.ar\/wordpress\/wp-json\/wp\/v2\/categories?post=35783"},{"taxonomy":"post_tag","embeddable":true,"href":"https:\/\/www.elpolitologoyelpolitico.com.ar\/wordpress\/wp-json\/wp\/v2\/tags?post=35783"}],"curies":[{"name":"wp","href":"https:\/\/api.w.org\/{rel}","templated":true}]}}