{"id":35780,"date":"2023-11-02T12:29:21","date_gmt":"2023-11-02T15:29:21","guid":{"rendered":"https:\/\/www.elpolitologoyelpolitico.com.ar\/wordpress\/?p=35780"},"modified":"2023-11-02T12:29:22","modified_gmt":"2023-11-02T15:29:22","slug":"inscripciones-abiertas-para-participar-del-torneo-libre-de-ajedrez-copa-capitalidad","status":"publish","type":"post","link":"https:\/\/www.elpolitologoyelpolitico.com.ar\/wordpress\/2023\/11\/02\/inscripciones-abiertas-para-participar-del-torneo-libre-de-ajedrez-copa-capitalidad\/","title":{"rendered":"Inscripciones abiertas para participar del Torneo libre de Ajedrez \u201cCopa Capitalidad\u201d"},"content":{"rendered":"\n<p>Se encuentran abiertas las inscripciones para participar del Torneo de Ajedrez \u201cCopa de la Capitalidad\u201d organizado por el gobierno de Viedma junto a escuelas municipales de ajedrez y Taller de Ajedrez Enroque.<\/p>\n\n\n\n<p>El torneo se llevar\u00e1 adelante el s\u00e1bado 4 de noviembre, con inscripciones gratuitas en el gimnasio municipal Fioravanti Ruggeri de 13.30 a 17 hs.<\/p>\n\n\n\n<p>Quienes deseen participar podr\u00e1n hacerlo hasta el 4 de noviembre a las 12.45 anotandose a trav\u00e9s del mail viedmadeportes@hotmail.com.<\/p>\n\n\n\n<p>En esta oportunidad se jugara con sistema suizo a cinco rondas, con desempate bucholtz total y las categor\u00edas que jugar\u00e1n ser\u00e1n infantiles y juveniles y mayores, en modalidad mixta.<\/p>\n\n\n\n<p>Por primera vez, el gobierno de Viedma tiene a cargo una Escuela Municipal de Ajedrez.<\/p>\n<div class=\"fb-background-color\">\n\t\t\t  <div \n\t\t\t  \tclass = \"fb-comments\" \n\t\t\t  \tdata-href = \"https:\/\/www.elpolitologoyelpolitico.com.ar\/wordpress\/2023\/11\/02\/inscripciones-abiertas-para-participar-del-torneo-libre-de-ajedrez-copa-capitalidad\/\"\n\t\t\t  \tdata-numposts = \"10\"\n\t\t\t  \tdata-lazy = \"true\"\n\t\t\t\tdata-colorscheme = \"light\"\n\t\t\t\tdata-order-by = \"social\"\n\t\t\t\tdata-mobile=true>\n\t\t\t  <\/div><\/div>\n\t\t  <style>\n\t\t    .fb-background-color {\n\t\t\t\tbackground: #ffffff !important;\n\t\t\t}\n\t\t\t.fb_iframe_widget_fluid_desktop iframe {\n\t\t\t    width: 100% !important;\n\t\t\t}\n\t\t  <\/style>\n\t\t  ","protected":false},"excerpt":{"rendered":"<p>Se encuentran abiertas las inscripciones para participar del Torneo de Ajedrez \u201cCopa de la Capitalidad\u201d organizado por el gobierno de Viedma junto a escuelas municipales de ajedrez y Taller de Ajedrez Enroque. El torneo se llevar\u00e1 adelante el s\u00e1bado 4 de noviembre, con inscripciones gratuitas en el gimnasio municipal Fioravanti Ruggeri de 13.30 a 17 [&hellip;]<\/p>\n","protected":false},"author":4,"featured_media":35781,"comment_status":"closed","ping_status":"closed","sticky":false,"template":"","format":"standard","meta":{"_joinchat":[],"footnotes":""},"categories":[39],"tags":[],"class_list":["post-35780","post","type-post","status-publish","format-standard","has-post-thumbnail","hentry","category-en-esta-seccion"],"_links":{"self":[{"href":"https:\/\/www.elpolitologoyelpolitico.com.ar\/wordpress\/wp-json\/wp\/v2\/posts\/35780","targetHints":{"allow":["GET"]}}],"collection":[{"href":"https:\/\/www.elpolitologoyelpolitico.com.ar\/wordpress\/wp-json\/wp\/v2\/posts"}],"about":[{"href":"https:\/\/www.elpolitologoyelpolitico.com.ar\/wordpress\/wp-json\/wp\/v2\/types\/post"}],"author":[{"embeddable":true,"href":"https:\/\/www.elpolitologoyelpolitico.com.ar\/wordpress\/wp-json\/wp\/v2\/users\/4"}],"replies":[{"embeddable":true,"href":"https:\/\/www.elpolitologoyelpolitico.com.ar\/wordpress\/wp-json\/wp\/v2\/comments?post=35780"}],"version-history":[{"count":1,"href":"https:\/\/www.elpolitologoyelpolitico.com.ar\/wordpress\/wp-json\/wp\/v2\/posts\/35780\/revisions"}],"predecessor-version":[{"id":35782,"href":"https:\/\/www.elpolitologoyelpolitico.com.ar\/wordpress\/wp-json\/wp\/v2\/posts\/35780\/revisions\/35782"}],"wp:featuredmedia":[{"embeddable":true,"href":"https:\/\/www.elpolitologoyelpolitico.com.ar\/wordpress\/wp-json\/wp\/v2\/media\/35781"}],"wp:attachment":[{"href":"https:\/\/www.elpolitologoyelpolitico.com.ar\/wordpress\/wp-json\/wp\/v2\/media?parent=35780"}],"wp:term":[{"taxonomy":"category","embeddable":true,"href":"https:\/\/www.elpolitologoyelpolitico.com.ar\/wordpress\/wp-json\/wp\/v2\/categories?post=35780"},{"taxonomy":"post_tag","embeddable":true,"href":"https:\/\/www.elpolitologoyelpolitico.com.ar\/wordpress\/wp-json\/wp\/v2\/tags?post=35780"}],"curies":[{"name":"wp","href":"https:\/\/api.w.org\/{rel}","templated":true}]}}