{"id":3578,"date":"2021-05-29T00:05:26","date_gmt":"2021-05-29T00:05:26","guid":{"rendered":"https:\/\/www.elpolitologoyelpolitico.com.ar\/wordpress\/?p=3578"},"modified":"2021-05-29T00:05:45","modified_gmt":"2021-05-29T00:05:45","slug":"carreras-anuncio-la-llegada-de-16-500-vacunas-contra-el-covid-19","status":"publish","type":"post","link":"https:\/\/www.elpolitologoyelpolitico.com.ar\/wordpress\/2021\/05\/29\/carreras-anuncio-la-llegada-de-16-500-vacunas-contra-el-covid-19\/","title":{"rendered":"Carreras Anunci\u00f3 la llegada de 16.500 vacunas contra el Covid- 19"},"content":{"rendered":"\t\t<div data-elementor-type=\"wp-post\" data-elementor-id=\"3578\" class=\"elementor elementor-3578\">\n\t\t\t\t\t\t<section class=\"elementor-section elementor-top-section elementor-element elementor-element-630349f6 elementor-section-boxed elementor-section-height-default elementor-section-height-default\" data-id=\"630349f6\" data-element_type=\"section\" data-e-type=\"section\">\n\t\t\t\t\t\t<div class=\"elementor-container elementor-column-gap-default\">\n\t\t\t\t\t<div class=\"elementor-column elementor-col-100 elementor-top-column elementor-element elementor-element-4ddd47a2\" data-id=\"4ddd47a2\" data-element_type=\"column\" data-e-type=\"column\">\n\t\t\t<div class=\"elementor-widget-wrap elementor-element-populated\">\n\t\t\t\t\t\t<div class=\"elementor-element elementor-element-70a00bce elementor-widget elementor-widget-text-editor\" data-id=\"70a00bce\" data-element_type=\"widget\" data-e-type=\"widget\" data-widget_type=\"text-editor.default\">\n\t\t\t\t<div class=\"elementor-widget-container\">\n\t\t\t\t\t\t\t\t\t\n<h2 class=\"wp-block-heading\">Llegar\u00e1n ma\u00f1ana a R\u00edo Negro otras 16.500 dosis contra el COVID-19 para seguir reforzando la vacunaci\u00f3n de los grupos prioritarios.<\/h2>\n\n\n\n<p>De este total, arribar\u00e1n a la provincia 6.600 dosis de Sputnik-V (Componente 1) para grupos con factores de riesgo y otras 9.900 dosis de Astrazeneca destinadas a completar con segundas dosis para adultos mayores.<\/p>\n\n\n\n<p>La llegada de estas nuevas vacunas permitir\u00e1 seguir reforzando el plan de vacunaci\u00f3n, que coloca a R\u00edo Negro como la cuarta provincia del pa\u00eds con mejores \u00edndices de cobertura.<\/p>\n\n\n\n<p>Las vacunas quedar\u00e1n alojadas en el dep\u00f3sito de Allen. Los vecinos y vecinas beneficiarios ser\u00e1n citados a medida que las dosis se distribuyan y vayan llegando a los vacunatorios, siempre de acuerdo a la programaci\u00f3n de cada hospital.<\/p>\n\t\t\t\t\t\t\t\t<\/div>\n\t\t\t\t<\/div>\n\t\t\t\t\t<\/div>\n\t\t<\/div>\n\t\t\t\t\t<\/div>\n\t\t<\/section>\n\t\t\t\t<\/div>\n\t\t<div class=\"fb-background-color\">\n\t\t\t  <div \n\t\t\t  \tclass = \"fb-comments\" \n\t\t\t  \tdata-href = \"https:\/\/www.elpolitologoyelpolitico.com.ar\/wordpress\/2021\/05\/29\/carreras-anuncio-la-llegada-de-16-500-vacunas-contra-el-covid-19\/\"\n\t\t\t  \tdata-numposts = \"10\"\n\t\t\t  \tdata-lazy = \"true\"\n\t\t\t\tdata-colorscheme = \"light\"\n\t\t\t\tdata-order-by = \"social\"\n\t\t\t\tdata-mobile=true>\n\t\t\t  <\/div><\/div>\n\t\t  <style>\n\t\t    .fb-background-color {\n\t\t\t\tbackground: #ffffff !important;\n\t\t\t}\n\t\t\t.fb_iframe_widget_fluid_desktop iframe {\n\t\t\t    width: 100% !important;\n\t\t\t}\n\t\t  <\/style>\n\t\t  ","protected":false},"excerpt":{"rendered":"<p>Llegar\u00e1n ma\u00f1ana a R\u00edo Negro otras 16.500 dosis contra el COVID-19 para seguir reforzando la vacunaci\u00f3n de los grupos prioritarios. De este total, arribar\u00e1n a la provincia 6.600 dosis de Sputnik-V (Componente 1) para grupos con factores de riesgo y otras 9.900 dosis de Astrazeneca destinadas a completar con segundas dosis para adultos mayores. La [&hellip;]<\/p>\n","protected":false},"author":4,"featured_media":3579,"comment_status":"closed","ping_status":"closed","sticky":false,"template":"","format":"standard","meta":{"_joinchat":[],"footnotes":""},"categories":[4],"tags":[],"class_list":["post-3578","post","type-post","status-publish","format-standard","has-post-thumbnail","hentry","category-politicas-publicas"],"_links":{"self":[{"href":"https:\/\/www.elpolitologoyelpolitico.com.ar\/wordpress\/wp-json\/wp\/v2\/posts\/3578","targetHints":{"allow":["GET"]}}],"collection":[{"href":"https:\/\/www.elpolitologoyelpolitico.com.ar\/wordpress\/wp-json\/wp\/v2\/posts"}],"about":[{"href":"https:\/\/www.elpolitologoyelpolitico.com.ar\/wordpress\/wp-json\/wp\/v2\/types\/post"}],"author":[{"embeddable":true,"href":"https:\/\/www.elpolitologoyelpolitico.com.ar\/wordpress\/wp-json\/wp\/v2\/users\/4"}],"replies":[{"embeddable":true,"href":"https:\/\/www.elpolitologoyelpolitico.com.ar\/wordpress\/wp-json\/wp\/v2\/comments?post=3578"}],"version-history":[{"count":0,"href":"https:\/\/www.elpolitologoyelpolitico.com.ar\/wordpress\/wp-json\/wp\/v2\/posts\/3578\/revisions"}],"wp:featuredmedia":[{"embeddable":true,"href":"https:\/\/www.elpolitologoyelpolitico.com.ar\/wordpress\/wp-json\/wp\/v2\/media\/3579"}],"wp:attachment":[{"href":"https:\/\/www.elpolitologoyelpolitico.com.ar\/wordpress\/wp-json\/wp\/v2\/media?parent=3578"}],"wp:term":[{"taxonomy":"category","embeddable":true,"href":"https:\/\/www.elpolitologoyelpolitico.com.ar\/wordpress\/wp-json\/wp\/v2\/categories?post=3578"},{"taxonomy":"post_tag","embeddable":true,"href":"https:\/\/www.elpolitologoyelpolitico.com.ar\/wordpress\/wp-json\/wp\/v2\/tags?post=3578"}],"curies":[{"name":"wp","href":"https:\/\/api.w.org\/{rel}","templated":true}]}}