{"id":35755,"date":"2023-11-01T09:41:44","date_gmt":"2023-11-01T12:41:44","guid":{"rendered":"https:\/\/www.elpolitologoyelpolitico.com.ar\/wordpress\/?p=35755"},"modified":"2023-11-01T09:41:46","modified_gmt":"2023-11-01T12:41:46","slug":"hoy-aumento-la-nafta-despues-de-la-escasez-en-varias-estaciones-de-servicios","status":"publish","type":"post","link":"https:\/\/www.elpolitologoyelpolitico.com.ar\/wordpress\/2023\/11\/01\/hoy-aumento-la-nafta-despues-de-la-escasez-en-varias-estaciones-de-servicios\/","title":{"rendered":"Hoy aument\u00f3 la nafta despues de la escasez en varias estaciones de servicios"},"content":{"rendered":"\n<p>La nafta y el gasoil&nbsp;aumentaron hasta 10%&nbsp;este mi\u00e9rcoles 1 de noviembre tras el vencimiento del programa Precios Justos y en medio de la crisis por la&nbsp;falta de combustibles&nbsp;en distintas estaciones de servicios de todo el pa\u00eds.<\/p>\n\n\n\n<p>Las&nbsp;estaciones de servicio&nbsp;de las distintas marcas actualizaban su carteler\u00eda desde la madrugada. Adem\u00e1s, el Gobierno&nbsp;posterg\u00f3&nbsp;mediante un decreto publicado este mi\u00e9rcoles&nbsp;la aplicaci\u00f3n de los impuestos a los combustibles hasta febrero&nbsp;de 2024.<\/p>\n\n\n\n<p>El&nbsp;valor del litro de nafta s\u00faper es de $272&nbsp;en las estaciones de servicio de YPF de la Ciudad de Buenos Aires.<\/p>\n\n\n\n<p>El resto de combustibles en otras provincias varian pero tienen los siguientes precios:<\/p>\n\n\n\n<p>Premium: $349.<\/p>\n\n\n\n<p>Gasoil: $292.<\/p>\n\n\n\n<p>Gasoil Premium: $398.<\/p>\n<div class=\"fb-background-color\">\n\t\t\t  <div \n\t\t\t  \tclass = \"fb-comments\" \n\t\t\t  \tdata-href = \"https:\/\/www.elpolitologoyelpolitico.com.ar\/wordpress\/2023\/11\/01\/hoy-aumento-la-nafta-despues-de-la-escasez-en-varias-estaciones-de-servicios\/\"\n\t\t\t  \tdata-numposts = \"10\"\n\t\t\t  \tdata-lazy = \"true\"\n\t\t\t\tdata-colorscheme = \"light\"\n\t\t\t\tdata-order-by = \"social\"\n\t\t\t\tdata-mobile=true>\n\t\t\t  <\/div><\/div>\n\t\t  <style>\n\t\t    .fb-background-color {\n\t\t\t\tbackground: #ffffff !important;\n\t\t\t}\n\t\t\t.fb_iframe_widget_fluid_desktop iframe {\n\t\t\t    width: 100% !important;\n\t\t\t}\n\t\t  <\/style>\n\t\t  ","protected":false},"excerpt":{"rendered":"<p>La nafta y el gasoil&nbsp;aumentaron hasta 10%&nbsp;este mi\u00e9rcoles 1 de noviembre tras el vencimiento del programa Precios Justos y en medio de la crisis por la&nbsp;falta de combustibles&nbsp;en distintas estaciones de servicios de todo el pa\u00eds. Las&nbsp;estaciones de servicio&nbsp;de las distintas marcas actualizaban su carteler\u00eda desde la madrugada. Adem\u00e1s, el Gobierno&nbsp;posterg\u00f3&nbsp;mediante un decreto publicado este [&hellip;]<\/p>\n","protected":false},"author":4,"featured_media":35756,"comment_status":"closed","ping_status":"closed","sticky":false,"template":"","format":"standard","meta":{"_joinchat":[],"footnotes":""},"categories":[39],"tags":[],"class_list":["post-35755","post","type-post","status-publish","format-standard","has-post-thumbnail","hentry","category-en-esta-seccion"],"_links":{"self":[{"href":"https:\/\/www.elpolitologoyelpolitico.com.ar\/wordpress\/wp-json\/wp\/v2\/posts\/35755","targetHints":{"allow":["GET"]}}],"collection":[{"href":"https:\/\/www.elpolitologoyelpolitico.com.ar\/wordpress\/wp-json\/wp\/v2\/posts"}],"about":[{"href":"https:\/\/www.elpolitologoyelpolitico.com.ar\/wordpress\/wp-json\/wp\/v2\/types\/post"}],"author":[{"embeddable":true,"href":"https:\/\/www.elpolitologoyelpolitico.com.ar\/wordpress\/wp-json\/wp\/v2\/users\/4"}],"replies":[{"embeddable":true,"href":"https:\/\/www.elpolitologoyelpolitico.com.ar\/wordpress\/wp-json\/wp\/v2\/comments?post=35755"}],"version-history":[{"count":1,"href":"https:\/\/www.elpolitologoyelpolitico.com.ar\/wordpress\/wp-json\/wp\/v2\/posts\/35755\/revisions"}],"predecessor-version":[{"id":35757,"href":"https:\/\/www.elpolitologoyelpolitico.com.ar\/wordpress\/wp-json\/wp\/v2\/posts\/35755\/revisions\/35757"}],"wp:featuredmedia":[{"embeddable":true,"href":"https:\/\/www.elpolitologoyelpolitico.com.ar\/wordpress\/wp-json\/wp\/v2\/media\/35756"}],"wp:attachment":[{"href":"https:\/\/www.elpolitologoyelpolitico.com.ar\/wordpress\/wp-json\/wp\/v2\/media?parent=35755"}],"wp:term":[{"taxonomy":"category","embeddable":true,"href":"https:\/\/www.elpolitologoyelpolitico.com.ar\/wordpress\/wp-json\/wp\/v2\/categories?post=35755"},{"taxonomy":"post_tag","embeddable":true,"href":"https:\/\/www.elpolitologoyelpolitico.com.ar\/wordpress\/wp-json\/wp\/v2\/tags?post=35755"}],"curies":[{"name":"wp","href":"https:\/\/api.w.org\/{rel}","templated":true}]}}