{"id":35740,"date":"2023-10-31T21:14:18","date_gmt":"2023-11-01T00:14:18","guid":{"rendered":"https:\/\/www.elpolitologoyelpolitico.com.ar\/wordpress\/?p=35740"},"modified":"2023-10-31T21:14:19","modified_gmt":"2023-11-01T00:14:19","slug":"legislatura-de-rio-negro-entregaron-los-diplomas-a-autoridades-provinciales-electas","status":"publish","type":"post","link":"https:\/\/www.elpolitologoyelpolitico.com.ar\/wordpress\/2023\/10\/31\/legislatura-de-rio-negro-entregaron-los-diplomas-a-autoridades-provinciales-electas\/","title":{"rendered":"LEGISLATURA DE R\u00cdO NEGRO: Entregaron los diplomas a autoridades provinciales electas"},"content":{"rendered":"\n<p>Las autoridades provinciales electas en abril recibieron sus correspondientes diplomas en un acto que se realiz\u00f3 en el recinto de la Legislatura.<\/p>\n\n\n\n<p>La ceremonia organizada por el Juzgado Electoral Provincial de R\u00edo Negro, comenz\u00f3 a las 11, y recibieron sus diplomas el gobernador electo Alberto Weretilneck, el pr\u00f3ximo vicegobernador, Pedro Pesatti, y los 46 legisladores, que comenzar\u00e1n su mandato el 10 de diciembre.<\/p>\n\n\n\n<p>El acto comenz\u00f3 con el izamiento de las banderas, entonaci\u00f3n de los himnos, palabras del juez electoral Carlos Da Silva, y concluy\u00f3 con la entrega de los certificados.<\/p>\n\n\n\n<p>Legisladores<\/p>\n\n\n\n<p>Representaci\u00f3n Poblacional<\/p>\n\n\n\n<p>Facundo Manuel L\u00f3pez (AJSRN)<\/p>\n\n\n\n<p>Juan Carlos Mart\u00edn (ACRN)<\/p>\n\n\n\n<p>Natalia Emilia Reynoso (AJSRN)<\/p>\n\n\n\n<p>Pedro Cristian Dantas (ANURN)<\/p>\n\n\n\n<p>Mar\u00eda Laura Frei (ACRN)<\/p>\n\n\n\n<p>Ayel\u00e9n Sp\u00f3sito (AVCT)<\/p>\n\n\n\n<p>Elba Yolanda Mansilla (PRN)<\/p>\n\n\n\n<p>Juan Elbi Cides (AJSRN)<\/p>\n\n\n\n<p>Lorena Mar\u00eda Matilde Matzen (UCR)<\/p>\n\n\n\n<p>Javier Edue Acevedo (ACRN)<\/p>\n\n\n\n<p>Mar\u00eda Marcela Rossio (AJSRN)<\/p>\n\n\n\n<p>Ana In\u00e9s Marks (ANURN)<\/p>\n\n\n\n<p>Ofelia Irene Stupenengo (ACRN)<\/p>\n\n\n\n<p>Jos\u00e9 Luis Berros (AVCT)<\/p>\n\n\n\n<p>Daniel Horacio Sanguinetti (AJSRN)<\/p>\n\n\n\n<p>C\u00e9sar Rafael Dom\u00ednguez (PRN)<\/p>\n\n\n\n<p>Santiago Ibarrolaza (ACRN)<\/p>\n\n\n\n<p>Mar\u00eda Andrea Escudero (AJSRN)<\/p>\n\n\n\n<p>Ariel Roberto Bernatene (UCR)<\/p>\n\n\n\n<p>Leandro Gast\u00f3n Garc\u00eda (ANURN)<\/p>\n\n\n\n<p>Daniela Beatriz Agostino (ACRN)<\/p>\n\n\n\n<p>Mar\u00eda Magdalena Odarda (AVCT)<\/p>\n\n\n\n<p>Alto Valle Este<\/p>\n\n\n\n<p>Silvia Beatriz Morales (AJSRN)<\/p>\n\n\n\n<p>Luis \u00c1ngel Ivancich (ANURN)<\/p>\n\n\n\n<p>Gabriela Alejandra Picotti (ACRN)<\/p>\n\n\n\n<p>Alto Valle Oeste<\/p>\n\n\n\n<p>Lucas Romeo Pica (AJSRN)<\/p>\n\n\n\n<p>Mar\u00eda Patricia Mc Kidd (ACRN)<\/p>\n\n\n\n<p>Lorena Rosana Yensen (AJSRN)<\/p>\n\n\n\n<p>Alto Valle Centro<\/p>\n\n\n\n<p>Luis Fabi\u00e1n Zgaib (AJSRN)<\/p>\n\n\n\n<p>Claudio Alejandro Doctorovich (ACRN)<\/p>\n\n\n\n<p>Luciano Jes\u00fas Delgado Semp\u00e9 (AVCT)<\/p>\n\n\n\n<p>Valle Medio<\/p>\n\n\n\n<p>Gustavo Modesto San Rom\u00e1n (AJSRN)<\/p>\n\n\n\n<p>Juan Sebasti\u00e1n Murillo Ongaro (ACRN)<\/p>\n\n\n\n<p>Daniel Rub\u00e9n Belloso (ANURN)<\/p>\n\n\n\n<p>Valle Inferior<\/p>\n\n\n\n<p>Marcelo Fabi\u00e1n Szczygol (AJSRN)<\/p>\n\n\n\n<p>Roberta Scavo (ACRN)<\/p>\n\n\n\n<p>Mar\u00eda Celia C\u00e9voli (AJSRN)<\/p>\n\n\n\n<p>Atl\u00e1ntico<\/p>\n\n\n\n<p>38) Luis \u00c1ngel Noale (AJSRN)<\/p>\n\n\n\n<p>39) Aim\u00e9 Manuela Kircher Casta\u00f1arez (AJSRN)<\/p>\n\n\n\n<p>40) Fernando Gustavo Frugoni (ACRN)<\/p>\n\n\n\n<p>L\u00ednea Sur<\/p>\n\n\n\n<p>Soraya Elisandra Iris Yauhar (AJSRN)<\/p>\n\n\n\n<p>Norberto Emanuel Moreno (AJSRN)<\/p>\n\n\n\n<p>Carmelio Fabi\u00e1n Pilquinao (AVCT)<\/p>\n\n\n\n<p>Andino<\/p>\n\n\n\n<p>Carlos Alfredo Valeri (AJSRN)<\/p>\n\n\n\n<p>Martina Valeria Lacour (ACRN)<\/p>\n\n\n\n<p>Marcela Haydee Gonz\u00e1lez Abdala (AJSRN)<\/p>\n\n\n\n<p>LEGISLADORES POR ALIANZA\/PARTIDO<\/p>\n\n\n\n<p>AJSRN Alianza Juntos Somos R\u00edo Negro (19)<\/p>\n\n\n\n<p>ACRN Alianza Cambia R\u00edo Negro \u2013 Juntos Por El Cambio (13)<\/p>\n\n\n\n<p>ANURN Alianza Nos Une R\u00edo Negro (5)<\/p>\n\n\n\n<p>AVCT Alianza Vamos Con Todos&nbsp; (5)<\/p>\n\n\n\n<p>PRN Primero R\u00edo Negro (2)<\/p>\n\n\n\n<p>UCR Uni\u00f3n C\u00edvica Radical (2)<\/p>\n\n\n\n<figure class=\"wp-block-embed is-type-video is-provider-youtube wp-block-embed-youtube wp-embed-aspect-4-3 wp-has-aspect-ratio\"><div class=\"wp-block-embed__wrapper\">\n<iframe title=\"ENTREGA DIPLOMAS AUTORIDADES ELECTAS\" width=\"640\" height=\"360\" src=\"https:\/\/www.youtube.com\/embed\/_Pk_7jBMPb8?feature=oembed\" frameborder=\"0\" allow=\"accelerometer; autoplay; clipboard-write; encrypted-media; gyroscope; picture-in-picture; web-share\" referrerpolicy=\"strict-origin-when-cross-origin\" allowfullscreen><\/iframe>\n<\/div><\/figure>\n\n\n\n<p><\/p>\n<div class=\"fb-background-color\">\n\t\t\t  <div \n\t\t\t  \tclass = \"fb-comments\" \n\t\t\t  \tdata-href = \"https:\/\/www.elpolitologoyelpolitico.com.ar\/wordpress\/2023\/10\/31\/legislatura-de-rio-negro-entregaron-los-diplomas-a-autoridades-provinciales-electas\/\"\n\t\t\t  \tdata-numposts = \"10\"\n\t\t\t  \tdata-lazy = \"true\"\n\t\t\t\tdata-colorscheme = \"light\"\n\t\t\t\tdata-order-by = \"social\"\n\t\t\t\tdata-mobile=true>\n\t\t\t  <\/div><\/div>\n\t\t  <style>\n\t\t    .fb-background-color {\n\t\t\t\tbackground: #ffffff !important;\n\t\t\t}\n\t\t\t.fb_iframe_widget_fluid_desktop iframe {\n\t\t\t    width: 100% !important;\n\t\t\t}\n\t\t  <\/style>\n\t\t  ","protected":false},"excerpt":{"rendered":"<p>Las autoridades provinciales electas en abril recibieron sus correspondientes diplomas en un acto que se realiz\u00f3 en el recinto de la Legislatura. La ceremonia organizada por el Juzgado Electoral Provincial de R\u00edo Negro, comenz\u00f3 a las 11, y recibieron sus diplomas el gobernador electo Alberto Weretilneck, el pr\u00f3ximo vicegobernador, Pedro Pesatti, y los 46 legisladores, [&hellip;]<\/p>\n","protected":false},"author":4,"featured_media":35741,"comment_status":"closed","ping_status":"closed","sticky":false,"template":"","format":"standard","meta":{"_joinchat":[],"footnotes":""},"categories":[39],"tags":[],"class_list":["post-35740","post","type-post","status-publish","format-standard","has-post-thumbnail","hentry","category-en-esta-seccion"],"_links":{"self":[{"href":"https:\/\/www.elpolitologoyelpolitico.com.ar\/wordpress\/wp-json\/wp\/v2\/posts\/35740","targetHints":{"allow":["GET"]}}],"collection":[{"href":"https:\/\/www.elpolitologoyelpolitico.com.ar\/wordpress\/wp-json\/wp\/v2\/posts"}],"about":[{"href":"https:\/\/www.elpolitologoyelpolitico.com.ar\/wordpress\/wp-json\/wp\/v2\/types\/post"}],"author":[{"embeddable":true,"href":"https:\/\/www.elpolitologoyelpolitico.com.ar\/wordpress\/wp-json\/wp\/v2\/users\/4"}],"replies":[{"embeddable":true,"href":"https:\/\/www.elpolitologoyelpolitico.com.ar\/wordpress\/wp-json\/wp\/v2\/comments?post=35740"}],"version-history":[{"count":1,"href":"https:\/\/www.elpolitologoyelpolitico.com.ar\/wordpress\/wp-json\/wp\/v2\/posts\/35740\/revisions"}],"predecessor-version":[{"id":35742,"href":"https:\/\/www.elpolitologoyelpolitico.com.ar\/wordpress\/wp-json\/wp\/v2\/posts\/35740\/revisions\/35742"}],"wp:featuredmedia":[{"embeddable":true,"href":"https:\/\/www.elpolitologoyelpolitico.com.ar\/wordpress\/wp-json\/wp\/v2\/media\/35741"}],"wp:attachment":[{"href":"https:\/\/www.elpolitologoyelpolitico.com.ar\/wordpress\/wp-json\/wp\/v2\/media?parent=35740"}],"wp:term":[{"taxonomy":"category","embeddable":true,"href":"https:\/\/www.elpolitologoyelpolitico.com.ar\/wordpress\/wp-json\/wp\/v2\/categories?post=35740"},{"taxonomy":"post_tag","embeddable":true,"href":"https:\/\/www.elpolitologoyelpolitico.com.ar\/wordpress\/wp-json\/wp\/v2\/tags?post=35740"}],"curies":[{"name":"wp","href":"https:\/\/api.w.org\/{rel}","templated":true}]}}