{"id":35733,"date":"2023-10-31T21:02:13","date_gmt":"2023-11-01T00:02:13","guid":{"rendered":"https:\/\/www.elpolitologoyelpolitico.com.ar\/wordpress\/?p=35733"},"modified":"2023-10-31T21:02:14","modified_gmt":"2023-11-01T00:02:14","slug":"el-intendente-zara-visito-la-obra-de-construccion-de-la-sede-del-cef-n166-de-villalonga","status":"publish","type":"post","link":"https:\/\/www.elpolitologoyelpolitico.com.ar\/wordpress\/2023\/10\/31\/el-intendente-zara-visito-la-obra-de-construccion-de-la-sede-del-cef-n166-de-villalonga\/","title":{"rendered":"El Intendente Zara visit\u00f3 la obra de construcci\u00f3n de la sede del CEF N\u00b0166, de Villalonga"},"content":{"rendered":"\n<p>El Intendente Municipal, Ing. Jos\u00e9 Luis Zara, junto al Jefe de Gabinete, Fabio Bettinelli, y la Delegada Municipal, Valeria M\u00e9ndez, visit\u00f3 la obra de construcci\u00f3n del Centro de Educaci\u00f3n F\u00edsica N\u00b0166, de la localidad de Villalonga.<\/p>\n\n\n\n<p>La obra, que contempla la construcci\u00f3n de espacios para la direcci\u00f3n, secretar\u00eda, sanitarios y Sal\u00f3n de Usos M\u00faltiples, es financiada con fondos municipales, con una inversi\u00f3n de m\u00e1s de 50 millones de pesos.<\/p>\n\n\n\n<p>El nuevo edificio responde al pedido de las autoridades de la instituci\u00f3n, presentado oportunamente al Intendente Zara, quien tom\u00f3 la decisi\u00f3n de emprender las gestiones teniendo en cuenta que las propuestas alcanzan a m\u00e1s de 500 alumnos de 6 a 80 a\u00f1os, incluyendo a las localidades de Juan A. Pradere, Stroeder y San Blas.<\/p>\n\n\n\n<figure class=\"wp-block-gallery has-nested-images columns-default is-cropped wp-block-gallery-1 is-layout-flex wp-block-gallery-is-layout-flex\">\n<figure class=\"wp-block-image size-large\"><img fetchpriority=\"high\" decoding=\"async\" width=\"1024\" height=\"478\" data-id=\"35737\" src=\"https:\/\/www.elpolitologoyelpolitico.com.ar\/wp-content\/uploads\/2023\/10\/IMG-20231031-WA0039-1024x478.jpg\" alt=\"\" class=\"wp-image-35737\" srcset=\"https:\/\/www.elpolitologoyelpolitico.com.ar\/wp-content\/uploads\/2023\/10\/IMG-20231031-WA0039-1024x478.jpg 1024w, https:\/\/www.elpolitologoyelpolitico.com.ar\/wp-content\/uploads\/2023\/10\/IMG-20231031-WA0039-300x140.jpg 300w, https:\/\/www.elpolitologoyelpolitico.com.ar\/wp-content\/uploads\/2023\/10\/IMG-20231031-WA0039-768x359.jpg 768w, https:\/\/www.elpolitologoyelpolitico.com.ar\/wp-content\/uploads\/2023\/10\/IMG-20231031-WA0039-1536x717.jpg 1536w, https:\/\/www.elpolitologoyelpolitico.com.ar\/wp-content\/uploads\/2023\/10\/IMG-20231031-WA0039.jpg 1600w\" sizes=\"(max-width: 1024px) 100vw, 1024px\" \/><\/figure>\n\n\n\n<figure class=\"wp-block-image size-large\"><img decoding=\"async\" width=\"1024\" height=\"478\" data-id=\"35738\" src=\"https:\/\/www.elpolitologoyelpolitico.com.ar\/wp-content\/uploads\/2023\/10\/IMG-20231031-WA0036-1024x478.jpg\" alt=\"\" class=\"wp-image-35738\" srcset=\"https:\/\/www.elpolitologoyelpolitico.com.ar\/wp-content\/uploads\/2023\/10\/IMG-20231031-WA0036-1024x478.jpg 1024w, https:\/\/www.elpolitologoyelpolitico.com.ar\/wp-content\/uploads\/2023\/10\/IMG-20231031-WA0036-300x140.jpg 300w, https:\/\/www.elpolitologoyelpolitico.com.ar\/wp-content\/uploads\/2023\/10\/IMG-20231031-WA0036-768x359.jpg 768w, https:\/\/www.elpolitologoyelpolitico.com.ar\/wp-content\/uploads\/2023\/10\/IMG-20231031-WA0036-1536x717.jpg 1536w, https:\/\/www.elpolitologoyelpolitico.com.ar\/wp-content\/uploads\/2023\/10\/IMG-20231031-WA0036.jpg 1600w\" sizes=\"(max-width: 1024px) 100vw, 1024px\" \/><\/figure>\n<\/figure>\n<div class=\"fb-background-color\">\n\t\t\t  <div \n\t\t\t  \tclass = \"fb-comments\" \n\t\t\t  \tdata-href = \"https:\/\/www.elpolitologoyelpolitico.com.ar\/wordpress\/2023\/10\/31\/el-intendente-zara-visito-la-obra-de-construccion-de-la-sede-del-cef-n166-de-villalonga\/\"\n\t\t\t  \tdata-numposts = \"10\"\n\t\t\t  \tdata-lazy = \"true\"\n\t\t\t\tdata-colorscheme = \"light\"\n\t\t\t\tdata-order-by = \"social\"\n\t\t\t\tdata-mobile=true>\n\t\t\t  <\/div><\/div>\n\t\t  <style>\n\t\t    .fb-background-color {\n\t\t\t\tbackground: #ffffff !important;\n\t\t\t}\n\t\t\t.fb_iframe_widget_fluid_desktop iframe {\n\t\t\t    width: 100% !important;\n\t\t\t}\n\t\t  <\/style>\n\t\t  ","protected":false},"excerpt":{"rendered":"<p>El Intendente Municipal, Ing. Jos\u00e9 Luis Zara, junto al Jefe de Gabinete, Fabio Bettinelli, y la Delegada Municipal, Valeria M\u00e9ndez, visit\u00f3 la obra de construcci\u00f3n del Centro de Educaci\u00f3n F\u00edsica N\u00b0166, de la localidad de Villalonga. La obra, que contempla la construcci\u00f3n de espacios para la direcci\u00f3n, secretar\u00eda, sanitarios y Sal\u00f3n de Usos M\u00faltiples, es [&hellip;]<\/p>\n","protected":false},"author":4,"featured_media":35736,"comment_status":"closed","ping_status":"closed","sticky":false,"template":"","format":"standard","meta":{"_joinchat":[],"footnotes":""},"categories":[4],"tags":[],"class_list":["post-35733","post","type-post","status-publish","format-standard","has-post-thumbnail","hentry","category-politicas-publicas"],"_links":{"self":[{"href":"https:\/\/www.elpolitologoyelpolitico.com.ar\/wordpress\/wp-json\/wp\/v2\/posts\/35733","targetHints":{"allow":["GET"]}}],"collection":[{"href":"https:\/\/www.elpolitologoyelpolitico.com.ar\/wordpress\/wp-json\/wp\/v2\/posts"}],"about":[{"href":"https:\/\/www.elpolitologoyelpolitico.com.ar\/wordpress\/wp-json\/wp\/v2\/types\/post"}],"author":[{"embeddable":true,"href":"https:\/\/www.elpolitologoyelpolitico.com.ar\/wordpress\/wp-json\/wp\/v2\/users\/4"}],"replies":[{"embeddable":true,"href":"https:\/\/www.elpolitologoyelpolitico.com.ar\/wordpress\/wp-json\/wp\/v2\/comments?post=35733"}],"version-history":[{"count":1,"href":"https:\/\/www.elpolitologoyelpolitico.com.ar\/wordpress\/wp-json\/wp\/v2\/posts\/35733\/revisions"}],"predecessor-version":[{"id":35739,"href":"https:\/\/www.elpolitologoyelpolitico.com.ar\/wordpress\/wp-json\/wp\/v2\/posts\/35733\/revisions\/35739"}],"wp:featuredmedia":[{"embeddable":true,"href":"https:\/\/www.elpolitologoyelpolitico.com.ar\/wordpress\/wp-json\/wp\/v2\/media\/35736"}],"wp:attachment":[{"href":"https:\/\/www.elpolitologoyelpolitico.com.ar\/wordpress\/wp-json\/wp\/v2\/media?parent=35733"}],"wp:term":[{"taxonomy":"category","embeddable":true,"href":"https:\/\/www.elpolitologoyelpolitico.com.ar\/wordpress\/wp-json\/wp\/v2\/categories?post=35733"},{"taxonomy":"post_tag","embeddable":true,"href":"https:\/\/www.elpolitologoyelpolitico.com.ar\/wordpress\/wp-json\/wp\/v2\/tags?post=35733"}],"curies":[{"name":"wp","href":"https:\/\/api.w.org\/{rel}","templated":true}]}}