{"id":35729,"date":"2023-10-31T20:49:28","date_gmt":"2023-10-31T23:49:28","guid":{"rendered":"https:\/\/www.elpolitologoyelpolitico.com.ar\/wordpress\/?p=35729"},"modified":"2023-10-31T20:49:29","modified_gmt":"2023-10-31T23:49:29","slug":"una-empresa-de-viedma-desarrolla-tecnologia-para-forraje-verde-hidroponico","status":"publish","type":"post","link":"https:\/\/www.elpolitologoyelpolitico.com.ar\/wordpress\/2023\/10\/31\/una-empresa-de-viedma-desarrolla-tecnologia-para-forraje-verde-hidroponico\/","title":{"rendered":"Una empresa de Viedma desarrolla tecnolog\u00eda para forraje verde hidrop\u00f3nico"},"content":{"rendered":"\n<p>Una empresa de la ciudad de Viedma, Forraje Tecnol, dise\u00f1\u00f3 m\u00f3dulos para la creaci\u00f3n de forraje verde hidrop\u00f3nico. El desarrollo produce biomasa vegetal sin utilizar suelo ni fertilizantes, a partir de la germinaci\u00f3n de semillas de cereales como cebada, trigo, ma\u00edz, avena y sorgo. Esta masa forrajera tiene un alto valor nutritivo y se puede consumir al 100 por ciento, ya que tiene una buena digestibilidad para los animales.<\/p>\n\n\n\n<p>El desarrollo de esta tecnolog\u00eda fue posible gracias uno de las l\u00edneas de financiamiento que ofrece el Ministerio de Producci\u00f3n y Agroindustria de R\u00edo Negro, a trav\u00e9s del Programa de Agregado de Valor y Nuevas Tecnolog\u00edas en Materias Primas y Agroalimentos (ProPAV).<\/p>\n\n\n\n<p>Desde el emprendimiento se asegura que el desarrollo es ideal para peque\u00f1os productores pecuarios, ya que baja los costos de alimentaci\u00f3n, sobre todo en aquellas producciones que utilicen el concentrado como insumo fundamental. \u201cEs recomendable sobre todo para alimentar animales propios, por eso lo que comercializamos nosotros es el m\u00f3dulo completo, con la tecnolog\u00eda correspondiente y el asesoramiento para producci\u00f3n. No se recomienda que se utilice para vender forraje, ya que el valor nutricional se aprovecha cuando los animales lo comen fresco, reci\u00e9n sacado de las bandejas\u201d explic\u00f3 Juan Balogh, l\u00edder del proyecto.<\/p>\n\n\n\n<p>En cuanto a valor proteico, la cantidad de forraje que produce el m\u00f3dulo por d\u00eda abastece un aproximado de 60 vacas o 300 ovejas, que son 144 bandejas. \u201cEn este momento producimos 12 bandejas diarias, las otras est\u00e1n en ciclo de crecimiento. A la dieta del animal tenemos que sumar grano y fibra para complementar y aumentar el volumen. A modo de ejemplo, un kilo de granos de avena produce 10 kilos de forraje en 10 d\u00edas\u201d.<\/p>\n\n\n\n<p>Las ventajas del sistema incluyen adem\u00e1s de una alta sanidad y calidad nutricional, la capacidad de producir muy r\u00e1pidamente, en cualquier \u00e9poca del a\u00f1o, condici\u00f3n clim\u00e1tica o lugar geogr\u00e1fico, es decir que los cambios clim\u00e1ticos no afectan su producci\u00f3n.<\/p>\n\n\n\n<p>\u201cEste proyecto naci\u00f3 a partir de investigar sobre circuitos pecuarios que sean favorables en un escenario en donde el cambio clim\u00e1tico propone nuevos desaf\u00edos sobre todo para la producci\u00f3n agropecuaria\u201d, reflexion\u00f3 Balogh.<\/p>\n\n\n\n<p>El m\u00f3dulo, en este marco, disminuye el impacto ambiental y gasto econ\u00f3mico de traslados de fardo, as\u00ed como tambi\u00e9n la utilizaci\u00f3n de agua para el riego.<\/p>\n\n\n\n<p><\/p>\n\n\n\n<figure class=\"wp-block-image size-large\"><img fetchpriority=\"high\" decoding=\"async\" width=\"1024\" height=\"576\" src=\"https:\/\/www.elpolitologoyelpolitico.com.ar\/wp-content\/uploads\/2023\/10\/IMG-20231031-WA0035-1024x576.jpg\" alt=\"\" class=\"wp-image-35731\" srcset=\"https:\/\/www.elpolitologoyelpolitico.com.ar\/wp-content\/uploads\/2023\/10\/IMG-20231031-WA0035-1024x576.jpg 1024w, https:\/\/www.elpolitologoyelpolitico.com.ar\/wp-content\/uploads\/2023\/10\/IMG-20231031-WA0035-300x169.jpg 300w, https:\/\/www.elpolitologoyelpolitico.com.ar\/wp-content\/uploads\/2023\/10\/IMG-20231031-WA0035-768x432.jpg 768w, https:\/\/www.elpolitologoyelpolitico.com.ar\/wp-content\/uploads\/2023\/10\/IMG-20231031-WA0035.jpg 1280w\" sizes=\"(max-width: 1024px) 100vw, 1024px\" \/><\/figure>\n<div class=\"fb-background-color\">\n\t\t\t  <div \n\t\t\t  \tclass = \"fb-comments\" \n\t\t\t  \tdata-href = \"https:\/\/www.elpolitologoyelpolitico.com.ar\/wordpress\/2023\/10\/31\/una-empresa-de-viedma-desarrolla-tecnologia-para-forraje-verde-hidroponico\/\"\n\t\t\t  \tdata-numposts = \"10\"\n\t\t\t  \tdata-lazy = \"true\"\n\t\t\t\tdata-colorscheme = \"light\"\n\t\t\t\tdata-order-by = \"social\"\n\t\t\t\tdata-mobile=true>\n\t\t\t  <\/div><\/div>\n\t\t  <style>\n\t\t    .fb-background-color {\n\t\t\t\tbackground: #ffffff !important;\n\t\t\t}\n\t\t\t.fb_iframe_widget_fluid_desktop iframe {\n\t\t\t    width: 100% !important;\n\t\t\t}\n\t\t  <\/style>\n\t\t  ","protected":false},"excerpt":{"rendered":"<p>Una empresa de la ciudad de Viedma, Forraje Tecnol, dise\u00f1\u00f3 m\u00f3dulos para la creaci\u00f3n de forraje verde hidrop\u00f3nico. El desarrollo produce biomasa vegetal sin utilizar suelo ni fertilizantes, a partir de la germinaci\u00f3n de semillas de cereales como cebada, trigo, ma\u00edz, avena y sorgo. Esta masa forrajera tiene un alto valor nutritivo y se puede [&hellip;]<\/p>\n","protected":false},"author":4,"featured_media":35730,"comment_status":"closed","ping_status":"closed","sticky":false,"template":"","format":"standard","meta":{"_joinchat":[],"footnotes":""},"categories":[39],"tags":[],"class_list":["post-35729","post","type-post","status-publish","format-standard","has-post-thumbnail","hentry","category-en-esta-seccion"],"_links":{"self":[{"href":"https:\/\/www.elpolitologoyelpolitico.com.ar\/wordpress\/wp-json\/wp\/v2\/posts\/35729","targetHints":{"allow":["GET"]}}],"collection":[{"href":"https:\/\/www.elpolitologoyelpolitico.com.ar\/wordpress\/wp-json\/wp\/v2\/posts"}],"about":[{"href":"https:\/\/www.elpolitologoyelpolitico.com.ar\/wordpress\/wp-json\/wp\/v2\/types\/post"}],"author":[{"embeddable":true,"href":"https:\/\/www.elpolitologoyelpolitico.com.ar\/wordpress\/wp-json\/wp\/v2\/users\/4"}],"replies":[{"embeddable":true,"href":"https:\/\/www.elpolitologoyelpolitico.com.ar\/wordpress\/wp-json\/wp\/v2\/comments?post=35729"}],"version-history":[{"count":1,"href":"https:\/\/www.elpolitologoyelpolitico.com.ar\/wordpress\/wp-json\/wp\/v2\/posts\/35729\/revisions"}],"predecessor-version":[{"id":35732,"href":"https:\/\/www.elpolitologoyelpolitico.com.ar\/wordpress\/wp-json\/wp\/v2\/posts\/35729\/revisions\/35732"}],"wp:featuredmedia":[{"embeddable":true,"href":"https:\/\/www.elpolitologoyelpolitico.com.ar\/wordpress\/wp-json\/wp\/v2\/media\/35730"}],"wp:attachment":[{"href":"https:\/\/www.elpolitologoyelpolitico.com.ar\/wordpress\/wp-json\/wp\/v2\/media?parent=35729"}],"wp:term":[{"taxonomy":"category","embeddable":true,"href":"https:\/\/www.elpolitologoyelpolitico.com.ar\/wordpress\/wp-json\/wp\/v2\/categories?post=35729"},{"taxonomy":"post_tag","embeddable":true,"href":"https:\/\/www.elpolitologoyelpolitico.com.ar\/wordpress\/wp-json\/wp\/v2\/tags?post=35729"}],"curies":[{"name":"wp","href":"https:\/\/api.w.org\/{rel}","templated":true}]}}