{"id":35723,"date":"2023-10-31T20:41:26","date_gmt":"2023-10-31T23:41:26","guid":{"rendered":"https:\/\/www.elpolitologoyelpolitico.com.ar\/wordpress\/?p=35723"},"modified":"2023-10-31T20:41:27","modified_gmt":"2023-10-31T23:41:27","slug":"viedma-todo-listo-para-la-13-edicion-de-la-feria-municipal-del-libro-en-el-centro-cultural","status":"publish","type":"post","link":"https:\/\/www.elpolitologoyelpolitico.com.ar\/wordpress\/2023\/10\/31\/viedma-todo-listo-para-la-13-edicion-de-la-feria-municipal-del-libro-en-el-centro-cultural\/","title":{"rendered":"VIEDMA: Todo listo para la 13\u00b0 edici\u00f3n de la Feria Municipal del LIbro en el Centro Cultural"},"content":{"rendered":"\n<p>En el marco de los 50 a\u00f1os de capitalidad y bajo el lema \u201cLeer los d\u00edas, recapitular la historia\u201d, la 13\u00b0 edici\u00f3n de la Feria Municipal del Libro se llevar\u00e1 adelante del 10 al 12 de noviembre en el Centro Municipal de Cultura, con entrada libre y gratuita.<\/p>\n\n\n\n<p>Con un cronograma cargado de invitados de lujo, talleres, presentaciones, muestras, exposici\u00f3n, venta de libros y m\u00e1s actividades, este a\u00f1o la feria contar\u00e1 con la destacada presencia de la activista especializada en g\u00e9nero y escritora Luciana Peker y del aclamado escritor y guionista Pedro Saborido, que adem\u00e1s vendr\u00e1 acompa\u00f1ado por el soci\u00f3logo Santiago Barassi y el escritor Nestor Borri, para presentar el libro \u00abLa gran conversaci\u00f3n\u00bb, una recepci\u00f3n y debate sobre los 10 a\u00f1os del papa Francisco, junto con la muestra itinerante \u00abArgentino Universal Factor Francisco\u00bb, realizada en colaboraci\u00f3n con el Ministerio de Cultura de la Naci\u00f3n.<\/p>\n\n\n\n<figure class=\"wp-block-gallery has-nested-images columns-default is-cropped wp-block-gallery-1 is-layout-flex wp-block-gallery-is-layout-flex\">\n<figure class=\"wp-block-image size-large\"><img fetchpriority=\"high\" decoding=\"async\" width=\"612\" height=\"1024\" data-id=\"35725\" src=\"https:\/\/www.elpolitologoyelpolitico.com.ar\/wp-content\/uploads\/2023\/10\/IMG-20231031-WA0031-612x1024.jpg\" alt=\"\" class=\"wp-image-35725\" srcset=\"https:\/\/www.elpolitologoyelpolitico.com.ar\/wp-content\/uploads\/2023\/10\/IMG-20231031-WA0031-612x1024.jpg 612w, https:\/\/www.elpolitologoyelpolitico.com.ar\/wp-content\/uploads\/2023\/10\/IMG-20231031-WA0031-179x300.jpg 179w, https:\/\/www.elpolitologoyelpolitico.com.ar\/wp-content\/uploads\/2023\/10\/IMG-20231031-WA0031.jpg 765w\" sizes=\"(max-width: 612px) 100vw, 612px\" \/><\/figure>\n\n\n\n<figure class=\"wp-block-image size-large\"><img decoding=\"async\" width=\"612\" height=\"1024\" data-id=\"35726\" src=\"https:\/\/www.elpolitologoyelpolitico.com.ar\/wp-content\/uploads\/2023\/10\/IMG-20231031-WA0032-612x1024.jpg\" alt=\"\" class=\"wp-image-35726\" srcset=\"https:\/\/www.elpolitologoyelpolitico.com.ar\/wp-content\/uploads\/2023\/10\/IMG-20231031-WA0032-612x1024.jpg 612w, https:\/\/www.elpolitologoyelpolitico.com.ar\/wp-content\/uploads\/2023\/10\/IMG-20231031-WA0032-179x300.jpg 179w, https:\/\/www.elpolitologoyelpolitico.com.ar\/wp-content\/uploads\/2023\/10\/IMG-20231031-WA0032.jpg 765w\" sizes=\"(max-width: 612px) 100vw, 612px\" \/><\/figure>\n\n\n\n<figure class=\"wp-block-image size-large\"><img decoding=\"async\" width=\"612\" height=\"1024\" data-id=\"35727\" src=\"https:\/\/www.elpolitologoyelpolitico.com.ar\/wp-content\/uploads\/2023\/10\/IMG-20231031-WA0033-612x1024.jpg\" alt=\"\" class=\"wp-image-35727\" srcset=\"https:\/\/www.elpolitologoyelpolitico.com.ar\/wp-content\/uploads\/2023\/10\/IMG-20231031-WA0033-612x1024.jpg 612w, https:\/\/www.elpolitologoyelpolitico.com.ar\/wp-content\/uploads\/2023\/10\/IMG-20231031-WA0033-179x300.jpg 179w, https:\/\/www.elpolitologoyelpolitico.com.ar\/wp-content\/uploads\/2023\/10\/IMG-20231031-WA0033.jpg 765w\" sizes=\"(max-width: 612px) 100vw, 612px\" \/><\/figure>\n<\/figure>\n<div class=\"fb-background-color\">\n\t\t\t  <div \n\t\t\t  \tclass = \"fb-comments\" \n\t\t\t  \tdata-href = \"https:\/\/www.elpolitologoyelpolitico.com.ar\/wordpress\/2023\/10\/31\/viedma-todo-listo-para-la-13-edicion-de-la-feria-municipal-del-libro-en-el-centro-cultural\/\"\n\t\t\t  \tdata-numposts = \"10\"\n\t\t\t  \tdata-lazy = \"true\"\n\t\t\t\tdata-colorscheme = \"light\"\n\t\t\t\tdata-order-by = \"social\"\n\t\t\t\tdata-mobile=true>\n\t\t\t  <\/div><\/div>\n\t\t  <style>\n\t\t    .fb-background-color {\n\t\t\t\tbackground: #ffffff !important;\n\t\t\t}\n\t\t\t.fb_iframe_widget_fluid_desktop iframe {\n\t\t\t    width: 100% !important;\n\t\t\t}\n\t\t  <\/style>\n\t\t  ","protected":false},"excerpt":{"rendered":"<p>En el marco de los 50 a\u00f1os de capitalidad y bajo el lema \u201cLeer los d\u00edas, recapitular la historia\u201d, la 13\u00b0 edici\u00f3n de la Feria Municipal del Libro se llevar\u00e1 adelante del 10 al 12 de noviembre en el Centro Municipal de Cultura, con entrada libre y gratuita. Con un cronograma cargado de invitados de [&hellip;]<\/p>\n","protected":false},"author":4,"featured_media":35724,"comment_status":"closed","ping_status":"closed","sticky":false,"template":"","format":"standard","meta":{"_joinchat":[],"footnotes":""},"categories":[39],"tags":[],"class_list":["post-35723","post","type-post","status-publish","format-standard","has-post-thumbnail","hentry","category-en-esta-seccion"],"_links":{"self":[{"href":"https:\/\/www.elpolitologoyelpolitico.com.ar\/wordpress\/wp-json\/wp\/v2\/posts\/35723","targetHints":{"allow":["GET"]}}],"collection":[{"href":"https:\/\/www.elpolitologoyelpolitico.com.ar\/wordpress\/wp-json\/wp\/v2\/posts"}],"about":[{"href":"https:\/\/www.elpolitologoyelpolitico.com.ar\/wordpress\/wp-json\/wp\/v2\/types\/post"}],"author":[{"embeddable":true,"href":"https:\/\/www.elpolitologoyelpolitico.com.ar\/wordpress\/wp-json\/wp\/v2\/users\/4"}],"replies":[{"embeddable":true,"href":"https:\/\/www.elpolitologoyelpolitico.com.ar\/wordpress\/wp-json\/wp\/v2\/comments?post=35723"}],"version-history":[{"count":1,"href":"https:\/\/www.elpolitologoyelpolitico.com.ar\/wordpress\/wp-json\/wp\/v2\/posts\/35723\/revisions"}],"predecessor-version":[{"id":35728,"href":"https:\/\/www.elpolitologoyelpolitico.com.ar\/wordpress\/wp-json\/wp\/v2\/posts\/35723\/revisions\/35728"}],"wp:featuredmedia":[{"embeddable":true,"href":"https:\/\/www.elpolitologoyelpolitico.com.ar\/wordpress\/wp-json\/wp\/v2\/media\/35724"}],"wp:attachment":[{"href":"https:\/\/www.elpolitologoyelpolitico.com.ar\/wordpress\/wp-json\/wp\/v2\/media?parent=35723"}],"wp:term":[{"taxonomy":"category","embeddable":true,"href":"https:\/\/www.elpolitologoyelpolitico.com.ar\/wordpress\/wp-json\/wp\/v2\/categories?post=35723"},{"taxonomy":"post_tag","embeddable":true,"href":"https:\/\/www.elpolitologoyelpolitico.com.ar\/wordpress\/wp-json\/wp\/v2\/tags?post=35723"}],"curies":[{"name":"wp","href":"https:\/\/api.w.org\/{rel}","templated":true}]}}